{"id":89400,"date":"2019-10-26T08:22:21","date_gmt":"2019-10-26T05:22:21","guid":{"rendered":"http:\/\/arantv.az\/?p=89400"},"modified":"2019-10-26T08:22:21","modified_gmt":"2019-10-26T05:22:21","slug":"ilham-%c9%99liyev-cibuti-prezidenti-il%c9%99-gorusub","status":"publish","type":"post","link":"https:\/\/arantv.az\/?p=89400","title":{"rendered":"\u0130lham \u018fliyev Cibuti Prezidenti il\u0259 g\u00f6r\u00fc\u015f\u00fcb"},"content":{"rendered":"<p>Az\u0259rbaycan Respublikas\u0131n\u0131n Prezidenti \u0130lham \u018fliyev oktyabr\u0131n 25-d\u0259 Cibuti Respublikas\u0131n\u0131n Prezidenti \u0130smail \u00d6m\u0259r Qelleh il\u0259 g\u00f6r\u00fc\u015f\u00fcb.<\/p>\n<p><strong>ARANTV.AZ<\/strong> x\u0259b\u0259r verir ki, Cibuti Prezidenti Qo\u015fulmama H\u0259r\u0259kat\u0131n\u0131n XVIII Zirv\u0259 G\u00f6r\u00fc\u015f\u00fcn\u00fcn y\u00fcks\u0259k s\u0259viyy\u0259d\u0259 t\u0259\u015fkilin\u0259 v\u0259 qonaqp\u0259rv\u0259rliy\u0259 g\u00f6r\u0259 d\u00f6vl\u0259timizin ba\u015f\u00e7\u0131s\u0131na minn\u0259tdarl\u0131\u011f\u0131n\u0131 bildirdi.<\/p>\n<div id=\"AdviadNativeVideo0\" class=\"AdviadNativeVideo\"><\/div>\n<p>Prezident \u0130smail \u00d6m\u0259r Qelleh Az\u0259rbaycan\u0131n qon\u015fu d\u00f6vl\u0259tin t\u0259cav\u00fcz\u00fcn\u0259 m\u0259ruz qald\u0131\u011f\u0131n\u0131, m\u00fcnaqi\u015f\u0259nin h\u0259lli il\u0259 ba\u011fl\u0131 Az\u0259rbaycan\u0131n haql\u0131 t\u0259l\u0259binin legitim xarakter da\u015f\u0131d\u0131\u011f\u0131n\u0131 vur\u011fulad\u0131. D\u00f6vl\u0259t ba\u015f\u00e7\u0131s\u0131 Cibuti Milli Assambleyas\u0131nda Xocal\u0131da ba\u015f ver\u0259nl\u0259rin soyq\u0131r\u0131m\u0131 kimi tan\u0131nmas\u0131 il\u0259 ba\u011fl\u0131 q\u0259tnam\u0259nin q\u0259bul edildiyini xat\u0131rlatd\u0131.<\/p>\n<p>Prezident \u0130lham \u018fliyev \u00f6lk\u0259l\u0259rimiz aras\u0131nda beyn\u0259lxalq t\u0259\u015fkilatlar \u00e7\u0259r\u00e7iv\u0259sind\u0259 \u0259m\u0259kda\u015fl\u0131\u011f\u0131n v\u0259 qar\u015f\u0131l\u0131ql\u0131 d\u0259st\u0259yin vacibliyini qeyd etdi. Az\u0259rbaycan Prezidenti Xocal\u0131da ba\u015f ver\u0259nl\u0259rin 10-dan \u00e7ox d\u00f6vl\u0259t t\u0259r\u0259find\u0259n soyq\u0131r\u0131m\u0131 kimi tan\u0131nd\u0131\u011f\u0131n\u0131 bildirdi. D\u00f6vl\u0259timizin ba\u015f\u00e7\u0131s\u0131 Cibuti Milli Assambleyas\u0131n\u0131n Xocal\u0131 soyq\u0131r\u0131m\u0131 il\u0259 ba\u011fl\u0131 q\u0259bul etdiyi q\u0259tnam\u0259nin y\u00fcks\u0259k qiym\u0259tl\u0259ndirildiyini n\u0259z\u0259r\u0259 \u00e7atd\u0131rd\u0131.<\/p>\n<p>G\u00f6r\u00fc\u015fd\u0259 \u00f6lk\u0259l\u0259rimiz aras\u0131nda iqtisadi-ticar\u0259t \u0259laq\u0259l\u0259rinin inki\u015faf\u0131na dair fikir m\u00fcbadil\u0259si apar\u0131ld\u0131.az\u0259rtac<\/p>\n","protected":false},"excerpt":{"rendered":"<p>Az\u0259rbaycan Respublikas\u0131n\u0131n Prezidenti \u0130lham \u018fliyev oktyabr\u0131n 25-d\u0259 Cibuti Respublikas\u0131n\u0131n Prezidenti \u0130smail \u00d6m\u0259r Qelleh il\u0259 g\u00f6r\u00fc\u015f\u00fcb. ARANTV.AZ x\u0259b\u0259r verir ki, Cibuti Prezidenti Qo\u015fulmama H\u0259r\u0259kat\u0131n\u0131n XVIII Zirv\u0259 G\u00f6r\u00fc\u015f\u00fcn\u00fcn y\u00fcks\u0259k s\u0259viyy\u0259d\u0259 t\u0259\u015fkilin\u0259 v\u0259 qonaqp\u0259rv\u0259rliy\u0259 g\u00f6r\u0259 d\u00f6vl\u0259timizin ba\u015f\u00e7\u0131s\u0131na minn\u0259tdarl\u0131\u011f\u0131n\u0131 bildirdi. Prezident \u0130smail \u00d6m\u0259r Qelleh Az\u0259rbaycan\u0131n qon\u015fu d\u00f6vl\u0259tin t\u0259cav\u00fcz\u00fcn\u0259 m\u0259ruz qald\u0131\u011f\u0131n\u0131, m\u00fcnaqi\u015f\u0259nin h\u0259lli il\u0259 ba\u011fl\u0131 Az\u0259rbaycan\u0131n haql\u0131 t\u0259l\u0259binin legitim xarakter da\u015f\u0131d\u0131\u011f\u0131n\u0131 vur\u011fulad\u0131. D\u00f6vl\u0259t ba\u015f\u00e7\u0131s\u0131 Cibuti Milli Assambleyas\u0131nda Xocal\u0131da ba\u015f ver\u0259nl\u0259rin soyq\u0131r\u0131m\u0131 kimi tan\u0131nmas\u0131 il\u0259 ba\u011fl\u0131 q\u0259tnam\u0259nin q\u0259bul edildiyini xat\u0131rlatd\u0131. Prezident \u0130lham \u018fliyev \u00f6lk\u0259l\u0259rimiz aras\u0131nda beyn\u0259lxalq t\u0259\u015fkilatlar \u00e7\u0259r\u00e7iv\u0259sind\u0259 \u0259m\u0259kda\u015fl\u0131\u011f\u0131n v\u0259 qar\u015f\u0131l\u0131ql\u0131 d\u0259st\u0259yin vacibliyini qeyd etdi. Az\u0259rbaycan&hellip;<\/p>\n","protected":false},"author":2,"featured_media":89401,"comment_status":"closed","ping_status":"closed","sticky":false,"template":"","format":"standard","meta":{"om_disable_all_campaigns":false,"_monsterinsights_skip_tracking":false,"_monsterinsights_sitenote_active":false,"_monsterinsights_sitenote_note":"","_monsterinsights_sitenote_category":0},"categories":[4],"tags":[],"aioseo_notices":[],"gutentor_comment":0,"rttpg_featured_image_url":{"full":["https:\/\/arantv.az\/wp-content\/uploads\/2019\/10\/ilham-eliyev.jpg",620,416,false],"landscape":["https:\/\/arantv.az\/wp-content\/uploads\/2019\/10\/ilham-eliyev.jpg",620,416,false],"portraits":["https:\/\/arantv.az\/wp-content\/uploads\/2019\/10\/ilham-eliyev.jpg",620,416,false],"thumbnail":["https:\/\/arantv.az\/wp-content\/uploads\/2019\/10\/ilham-eliyev-150x150.jpg",150,150,true],"medium":["https:\/\/arantv.az\/wp-content\/uploads\/2019\/10\/ilham-eliyev-300x201.jpg",300,201,true],"large":["https:\/\/arantv.az\/wp-content\/uploads\/2019\/10\/ilham-eliyev.jpg",620,416,false],"1536x1536":["https:\/\/arantv.az\/wp-content\/uploads\/2019\/10\/ilham-eliyev.jpg",620,416,false],"2048x2048":["https:\/\/arantv.az\/wp-content\/uploads\/2019\/10\/ilham-eliyev.jpg",620,416,false],"post-thumbnail":["https:\/\/arantv.az\/wp-content\/uploads\/2019\/10\/ilham-eliyev-240x172.jpg",240,172,true],"advps-thumb-one":["https:\/\/arantv.az\/wp-content\/uploads\/2019\/10\/ilham-eliyev.jpg",620,416,false]},"rttpg_author":{"display_name":"V\u00fcsal Rafiqo\u011flu","author_link":"https:\/\/arantv.az\/?author=2"},"rttpg_comment":0,"rttpg_category":"<a href=\"https:\/\/arantv.az\/?cat=4\" rel=\"category\">Siyas\u0259t<\/a>","rttpg_excerpt":"Az\u0259rbaycan Respublikas\u0131n\u0131n Prezidenti \u0130lham \u018fliyev oktyabr\u0131n 25-d\u0259 Cibuti Respublikas\u0131n\u0131n Prezidenti \u0130smail \u00d6m\u0259r Qelleh il\u0259 g\u00f6r\u00fc\u015f\u00fcb. ARANTV.AZ x\u0259b\u0259r verir ki, Cibuti Prezidenti Qo\u015fulmama H\u0259r\u0259kat\u0131n\u0131n XVIII Zirv\u0259 G\u00f6r\u00fc\u015f\u00fcn\u00fcn y\u00fcks\u0259k s\u0259viyy\u0259d\u0259 t\u0259\u015fkilin\u0259 v\u0259 qonaqp\u0259rv\u0259rliy\u0259 g\u00f6r\u0259 d\u00f6vl\u0259timizin ba\u015f\u00e7\u0131s\u0131na minn\u0259tdarl\u0131\u011f\u0131n\u0131 bildirdi. Prezident \u0130smail \u00d6m\u0259r Qelleh Az\u0259rbaycan\u0131n qon\u015fu d\u00f6vl\u0259tin t\u0259cav\u00fcz\u00fcn\u0259 m\u0259ruz qald\u0131\u011f\u0131n\u0131, m\u00fcnaqi\u015f\u0259nin h\u0259lli il\u0259 ba\u011fl\u0131 Az\u0259rbaycan\u0131n haql\u0131 t\u0259l\u0259binin legitim xarakter&hellip;","_links":{"self":[{"href":"https:\/\/arantv.az\/index.php?rest_route=\/wp\/v2\/posts\/89400"}],"collection":[{"href":"https:\/\/arantv.az\/index.php?rest_route=\/wp\/v2\/posts"}],"about":[{"href":"https:\/\/arantv.az\/index.php?rest_route=\/wp\/v2\/types\/post"}],"author":[{"embeddable":true,"href":"https:\/\/arantv.az\/index.php?rest_route=\/wp\/v2\/users\/2"}],"replies":[{"embeddable":true,"href":"https:\/\/arantv.az\/index.php?rest_route=%2Fwp%2Fv2%2Fcomments&post=89400"}],"version-history":[{"count":0,"href":"https:\/\/arantv.az\/index.php?rest_route=\/wp\/v2\/posts\/89400\/revisions"}],"wp:featuredmedia":[{"embeddable":true,"href":"https:\/\/arantv.az\/index.php?rest_route=\/wp\/v2\/media\/89401"}],"wp:attachment":[{"href":"https:\/\/arantv.az\/index.php?rest_route=%2Fwp%2Fv2%2Fmedia&parent=89400"}],"wp:term":[{"taxonomy":"category","embeddable":true,"href":"https:\/\/arantv.az\/index.php?rest_route=%2Fwp%2Fv2%2Fcategories&post=89400"},{"taxonomy":"post_tag","embeddable":true,"href":"https:\/\/arantv.az\/index.php?rest_route=%2Fwp%2Fv2%2Ftags&post=89400"}],"curies":[{"name":"wp","href":"https:\/\/api.w.org\/{rel}","templated":true}]}}