{"id":89404,"date":"2019-10-26T08:25:11","date_gmt":"2019-10-26T05:25:11","guid":{"rendered":"http:\/\/arantv.az\/?p=89404"},"modified":"2019-10-26T08:25:11","modified_gmt":"2019-10-26T05:25:11","slug":"mehriban-%c9%99liyevadan-zirv%c9%99-gorusu-paylasimi-foto","status":"publish","type":"post","link":"https:\/\/arantv.az\/?p=89404","title":{"rendered":"Mehriban \u018fliyevadan Zirv\u0259 G\u00f6r\u00fc\u015f\u00fc payla\u015f\u0131m\u0131 &#8211; FOTO"},"content":{"rendered":"<p>Bak\u0131da ke\u00e7iril\u0259n Qo\u015fulmama H\u0259r\u0259kat\u0131n\u0131n XVIII Zirv\u0259 G\u00f6r\u00fc\u015f\u00fcnd\u0259 i\u015ftirak ed\u0259n d\u00f6vl\u0259t v\u0259 h\u00f6kum\u0259t ba\u015f\u00e7\u0131lar\u0131n\u0131n xan\u0131mlar\u0131 oktyabr\u0131n 25-d\u0259 Heyd\u0259r \u018fliyev M\u0259rk\u0259zind\u0259 olublar.<\/p>\n<p>Bununla ba\u011fl\u0131 Birinci vitse-prezident Mehriban \u018fliyeva \u201cInstagram\u201d hesab\u0131nda payla\u015f\u0131m edib.<\/p>\n<div id=\"AdviadNativeVideo0\" class=\"AdviadNativeVideo\"><\/div>\n<p>Qonaqlarla g\u00f6r\u00fc\u015f\u0259n Az\u0259rbaycan Respublikas\u0131n\u0131n Birinci vitse-prezidenti Mehriban \u018fliyeva Qo\u015fulmama H\u0259r\u0259kat\u0131n\u0131n \u0259h\u0259miyy\u0259tin\u0259 toxunaraq qeyd edib:<\/p>\n<p>\u201c\u0130nan\u0131ram ki, BMT-y\u0259 \u00fczv d\u00f6vl\u0259tl\u0259rin \u00fc\u00e7d\u0259 iki hiss\u0259sini \u00f6z\u00fcnd\u0259 birl\u0259\u015fdir\u0259n Qo\u015fulmama H\u0259r\u0259kat\u0131n\u0131n Bak\u0131 Zirv\u0259si H\u0259r\u0259kat\u0131n g\u0259l\u0259c\u0259k inki\u015faf\u0131na v\u0259 \u00fczv d\u00f6vl\u0259tl\u0259rin m\u00fcnasib\u0259tl\u0259rinin h\u0259mr\u0259ylik v\u0259 qar\u015f\u0131l\u0131ql\u0131 anla\u015fma ruhunda m\u00f6hk\u0259ml\u0259nm\u0259sin\u0259 m\u00fch\u00fcm v\u0259 f\u0259rqli t\u00f6hf\u0259sini ver\u0259c\u0259kdir\u201d.<\/p>\n<div><iframe loading=\"lazy\" id=\"instagram-embed-0\" class=\"instagram-media instagram-media-rendered\" src=\"https:\/\/www.instagram.com\/p\/B4Dj00igIUj\/embed\/captioned\/?cr=1&amp;v=12&amp;wp=540&amp;rd=https%3A%2F%2Foxu.az&amp;rp=%2Fpolitics%2F339423#%7B%22ci%22%3A0%2C%22os%22%3A15325.905000000148%2C%22ls%22%3A14266.565000000128%2C%22le%22%3A14408.910000000105%7D\" width=\"300\" height=\"991\" frameborder=\"0\" scrolling=\"no\" allowfullscreen=\"allowfullscreen\" data-instgrm-payload-id=\"instagram-media-payload-0\" data-mce-fragment=\"1\"><\/iframe><\/div>\n<p>&nbsp;<\/p>\n","protected":false},"excerpt":{"rendered":"<p>Bak\u0131da ke\u00e7iril\u0259n Qo\u015fulmama H\u0259r\u0259kat\u0131n\u0131n XVIII Zirv\u0259 G\u00f6r\u00fc\u015f\u00fcnd\u0259 i\u015ftirak ed\u0259n d\u00f6vl\u0259t v\u0259 h\u00f6kum\u0259t ba\u015f\u00e7\u0131lar\u0131n\u0131n xan\u0131mlar\u0131 oktyabr\u0131n 25-d\u0259 Heyd\u0259r \u018fliyev M\u0259rk\u0259zind\u0259 olublar. Bununla ba\u011fl\u0131 Birinci vitse-prezident Mehriban \u018fliyeva \u201cInstagram\u201d hesab\u0131nda payla\u015f\u0131m edib. Qonaqlarla g\u00f6r\u00fc\u015f\u0259n Az\u0259rbaycan Respublikas\u0131n\u0131n Birinci vitse-prezidenti Mehriban \u018fliyeva Qo\u015fulmama H\u0259r\u0259kat\u0131n\u0131n \u0259h\u0259miyy\u0259tin\u0259 toxunaraq qeyd edib: \u201c\u0130nan\u0131ram ki, BMT-y\u0259 \u00fczv d\u00f6vl\u0259tl\u0259rin \u00fc\u00e7d\u0259 iki hiss\u0259sini \u00f6z\u00fcnd\u0259 birl\u0259\u015fdir\u0259n Qo\u015fulmama H\u0259r\u0259kat\u0131n\u0131n Bak\u0131 Zirv\u0259si H\u0259r\u0259kat\u0131n g\u0259l\u0259c\u0259k inki\u015faf\u0131na v\u0259 \u00fczv d\u00f6vl\u0259tl\u0259rin m\u00fcnasib\u0259tl\u0259rinin h\u0259mr\u0259ylik v\u0259 qar\u015f\u0131l\u0131ql\u0131 anla\u015fma ruhunda m\u00f6hk\u0259ml\u0259nm\u0259sin\u0259 m\u00fch\u00fcm v\u0259 f\u0259rqli t\u00f6hf\u0259sini ver\u0259c\u0259kdir\u201d. &nbsp;<\/p>\n","protected":false},"author":2,"featured_media":89405,"comment_status":"closed","ping_status":"closed","sticky":false,"template":"","format":"standard","meta":{"om_disable_all_campaigns":false,"_monsterinsights_skip_tracking":false,"_monsterinsights_sitenote_active":false,"_monsterinsights_sitenote_note":"","_monsterinsights_sitenote_category":0},"categories":[4],"tags":[],"aioseo_notices":[],"gutentor_comment":0,"rttpg_featured_image_url":{"full":["https:\/\/arantv.az\/wp-content\/uploads\/2019\/10\/mehriban-\u00c9_liyeva.jpg",620,440,false],"landscape":["https:\/\/arantv.az\/wp-content\/uploads\/2019\/10\/mehriban-\u00c9_liyeva.jpg",620,440,false],"portraits":["https:\/\/arantv.az\/wp-content\/uploads\/2019\/10\/mehriban-\u00c9_liyeva.jpg",620,440,false],"thumbnail":["https:\/\/arantv.az\/wp-content\/uploads\/2019\/10\/mehriban-\u00c9_liyeva-150x150.jpg",150,150,true],"medium":["https:\/\/arantv.az\/wp-content\/uploads\/2019\/10\/mehriban-\u00c9_liyeva-300x213.jpg",300,213,true],"large":["https:\/\/arantv.az\/wp-content\/uploads\/2019\/10\/mehriban-\u00c9_liyeva.jpg",620,440,false],"1536x1536":["https:\/\/arantv.az\/wp-content\/uploads\/2019\/10\/mehriban-\u00c9_liyeva.jpg",620,440,false],"2048x2048":["https:\/\/arantv.az\/wp-content\/uploads\/2019\/10\/mehriban-\u00c9_liyeva.jpg",620,440,false],"post-thumbnail":["https:\/\/arantv.az\/wp-content\/uploads\/2019\/10\/mehriban-\u00c9_liyeva-240x172.jpg",240,172,true],"advps-thumb-one":["https:\/\/arantv.az\/wp-content\/uploads\/2019\/10\/mehriban-\u00c9_liyeva.jpg",620,440,false]},"rttpg_author":{"display_name":"V\u00fcsal Rafiqo\u011flu","author_link":"https:\/\/arantv.az\/?author=2"},"rttpg_comment":0,"rttpg_category":"<a href=\"https:\/\/arantv.az\/?cat=4\" rel=\"category\">Siyas\u0259t<\/a>","rttpg_excerpt":"Bak\u0131da ke\u00e7iril\u0259n Qo\u015fulmama H\u0259r\u0259kat\u0131n\u0131n XVIII Zirv\u0259 G\u00f6r\u00fc\u015f\u00fcnd\u0259 i\u015ftirak ed\u0259n d\u00f6vl\u0259t v\u0259 h\u00f6kum\u0259t ba\u015f\u00e7\u0131lar\u0131n\u0131n xan\u0131mlar\u0131 oktyabr\u0131n 25-d\u0259 Heyd\u0259r \u018fliyev M\u0259rk\u0259zind\u0259 olublar. Bununla ba\u011fl\u0131 Birinci vitse-prezident Mehriban \u018fliyeva \u201cInstagram\u201d hesab\u0131nda payla\u015f\u0131m edib. Qonaqlarla g\u00f6r\u00fc\u015f\u0259n Az\u0259rbaycan Respublikas\u0131n\u0131n Birinci vitse-prezidenti Mehriban \u018fliyeva Qo\u015fulmama H\u0259r\u0259kat\u0131n\u0131n \u0259h\u0259miyy\u0259tin\u0259 toxunaraq qeyd edib: \u201c\u0130nan\u0131ram ki, BMT-y\u0259 \u00fczv d\u00f6vl\u0259tl\u0259rin \u00fc\u00e7d\u0259 iki hiss\u0259sini \u00f6z\u00fcnd\u0259 birl\u0259\u015fdir\u0259n Qo\u015fulmama&hellip;","_links":{"self":[{"href":"https:\/\/arantv.az\/index.php?rest_route=\/wp\/v2\/posts\/89404"}],"collection":[{"href":"https:\/\/arantv.az\/index.php?rest_route=\/wp\/v2\/posts"}],"about":[{"href":"https:\/\/arantv.az\/index.php?rest_route=\/wp\/v2\/types\/post"}],"author":[{"embeddable":true,"href":"https:\/\/arantv.az\/index.php?rest_route=\/wp\/v2\/users\/2"}],"replies":[{"embeddable":true,"href":"https:\/\/arantv.az\/index.php?rest_route=%2Fwp%2Fv2%2Fcomments&post=89404"}],"version-history":[{"count":0,"href":"https:\/\/arantv.az\/index.php?rest_route=\/wp\/v2\/posts\/89404\/revisions"}],"wp:featuredmedia":[{"embeddable":true,"href":"https:\/\/arantv.az\/index.php?rest_route=\/wp\/v2\/media\/89405"}],"wp:attachment":[{"href":"https:\/\/arantv.az\/index.php?rest_route=%2Fwp%2Fv2%2Fmedia&parent=89404"}],"wp:term":[{"taxonomy":"category","embeddable":true,"href":"https:\/\/arantv.az\/index.php?rest_route=%2Fwp%2Fv2%2Fcategories&post=89404"},{"taxonomy":"post_tag","embeddable":true,"href":"https:\/\/arantv.az\/index.php?rest_route=%2Fwp%2Fv2%2Ftags&post=89404"}],"curies":[{"name":"wp","href":"https:\/\/api.w.org\/{rel}","templated":true}]}}