{"id":89416,"date":"2019-10-26T08:34:39","date_gmt":"2019-10-26T05:34:39","guid":{"rendered":"http:\/\/arantv.az\/?p=89416"},"modified":"2019-10-26T08:34:39","modified_gmt":"2019-10-26T05:34:39","slug":"xviii-zirv%c9%99-gorusu-az%c9%99rbaycana-muhum-dividendl%c9%99r-g%c9%99tir%c9%99c%c9%99k-r%c9%99yl%c9%99r","status":"publish","type":"post","link":"https:\/\/arantv.az\/?p=89416","title":{"rendered":"XVIII Zirv\u0259 G\u00f6r\u00fc\u015f\u00fc Az\u0259rbaycana m\u00fch\u00fcm dividendl\u0259r g\u0259tir\u0259c\u0259k &#8211; R\u018fYL\u018fR"},"content":{"rendered":"<p><em><strong>Az\u0259rbaycan\u0131n Qo\u015fulmama H\u0259r\u0259kat\u0131nda s\u0259drliyi C\u0259nubi Qafqaz regionunun apar\u0131c\u0131 d\u00f6vl\u0259tini d\u00fcnyada v\u0259 qlobal diplomatiyada daha \u00e7ox tan\u0131dacaq.<\/strong><\/em><\/p>\n<p><strong>ARANTV.AZ<\/strong> bildirir ki, bunu\u00a0<a href=\"http:\/\/az.trend.az\/\" target=\"_blank\" rel=\"noopener\">Trend<\/a>-\u0259\u00a0belaruslu ekspert\u00a0<strong>Yuri \u015eevtsov<\/strong>\u00a0deyib.<\/p>\n<p>Onun s\u00f6zl\u0259rin\u0259 g\u00f6r\u0259, bu amil Az\u0259rbaycana beyn\u0259lxalq \u0259laq\u0259l\u0259rini geni\u015fl\u0259ndirm\u0259y\u0259 imkan ver\u0259c\u0259k:<\/p>\n<p>&#8220;Fikrimc\u0259, Az\u0259rbaycan\u0131n Qo\u015fulmama H\u0259r\u0259kat\u0131nda s\u0259drliyi \u00f6lk\u0259nin onsuz da y\u00fcks\u0259k olan n\u00fcfuzunu daha da y\u00fcks\u0259ld\u0259c\u0259k&#8221;.<\/p>\n<p>Ekspert bildirib ki, Qo\u015fulmama H\u0259r\u0259kat\u0131n\u0131n x\u00fcsusiyy\u0259ti ilk n\u00f6vb\u0259d\u0259 Asiya \u00f6lk\u0259l\u0259rinin geni\u015f t\u0259msil olunmas\u0131d\u0131r.<\/p>\n<p><img src=\"https:\/\/cdn.trend.az\/media\/pictures\/2019\/10\/25\/33333.jpg\" alt=\"\" \/><\/p>\n<p><em><strong>BMT-d\u0259n sonra d\u00fcnyada ikinci b\u00f6y\u00fck beyn\u0259lxalq t\u0259\u015fkilat\u0131n toplant\u0131s\u0131n\u0131n Bak\u0131da ke\u00e7irilm\u0259si v\u0259 2019-2022-ci ill\u0259rd\u0259 Az\u0259rbaycan\u0131n Qo\u015fulmama H\u0259r\u0259kat\u0131na s\u0259drlik etm\u0259si \u00f6lk\u0259mizin d\u00fcnya birliyind\u0259 qazand\u0131\u011f\u0131 b\u00f6y\u00fck n\u00fcfuzundan x\u0259b\u0259r verir.<\/strong><\/em><\/p>\n<p>Bunu Trend-\u0259 Milli M\u0259clisin Yeni Az\u0259rbaycan Partiyas\u0131ndan olan deputat\u0131\u00a0<strong>P\u0259rvin K\u0259rimzad\u0259<\/strong>\u00a0deyib.<\/p>\n<p>Deputat\u0131n s\u00f6zl\u0259rin\u0259 g\u00f6r\u0259, bu g\u00fcn Az\u0259rbaycan beyn\u0259lxalq m\u00fcnasib\u0259tl\u0259r sistemind\u0259 g\u00fccl\u00fc \u00f6lk\u0259dir: &#8220;Regionun lider d\u00f6vl\u0259ti kimi bu co\u011frafiyada ba\u015f ver\u0259n ist\u0259nil\u0259n m\u0259s\u0259l\u0259 il\u0259 \u0259laq\u0259dar \u00f6lk\u0259mizin maraqlar\u0131 n\u0259z\u0259r\u0259 al\u0131n\u0131r. Az\u0259rbaycan n\u0259inki regional layih\u0259l\u0259rin i\u015ftirak\u00e7\u0131s\u0131, h\u0259m\u00e7inin t\u0259\u015f\u0259bb\u00fcskar\u0131 v\u0259 lokomotivi rolunda \u00e7\u0131x\u0131\u015f edir. Bu u\u011furlar \u0259sas\u0131n\u0131 ulu \u00f6nd\u0259r Heyd\u0259r \u018fliyevin qoydu\u011fu, haz\u0131rda Prezident \u0130lham \u018fliyev t\u0259r\u0259find\u0259n layiqinc\u0259 davam etdiril\u0259n uzaqg\u00f6r\u0259n v\u0259 praqmatik xarici siyas\u0259t strategiyas\u0131 say\u0259sind\u0259 qazan\u0131l\u0131b.<\/p>\n<p>Az\u0259rbaycan u\u011furla inki\u015faf edir, \u00f6lk\u0259mizin dinamik inki\u015faf\u0131, b\u00fct\u00fcn sah\u0259l\u0259ri \u0259hat\u0259 ed\u0259n m\u0259qs\u0259dy\u00f6nl\u00fc islahatlar v\u0259 \u0259ld\u0259 edil\u0259n nailiyy\u0259tl\u0259r beyn\u0259lxalq m\u00fcst\u0259vid\u0259 y\u00fcks\u0259k qiym\u0259tl\u0259ndirilir. Az\u0259rbaycan\u0131n Qo\u015fulmama H\u0259r\u0259kat\u0131na \u00fczv olduqdan c\u0259mi 8 il sonra bel\u0259 n\u0259h\u0259ng bir t\u0259\u015fkilat\u0131n \u00e7ox m\u00fch\u00fcm beyn\u0259lxalq t\u0259dbirin\u0259 ev sahibliyi etm\u0259si \u00f6lk\u0259mizin m\u00fcst\u0259qillik tarixind\u0259 \u0259n b\u00f6y\u00fck siyasi hadis\u0259l\u0259rd\u0259n biridir. H\u0259m\u00e7inin, 2019-2022-ci ill\u0259rd\u0259 t\u0259\u015fkilata s\u0259drlik etm\u0259k kimi statusa malik olmas\u0131 da Az\u0259rbaycan\u0131n etibarl\u0131 t\u0259r\u0259fda\u015f kimi m\u00f6vqeyini daha da g\u00fccl\u0259ndir\u0259c\u0259k, ikit\u0259r\u0259fli v\u0259 \u00e7oxt\u0259r\u0259fli m\u00fcnasib\u0259tl\u0259rin inki\u015faf etdirilm\u0259si bax\u0131m\u0131ndan \u00f6lk\u0259miz\u0259 m\u00fch\u00fcm dividendl\u0259r g\u0259tir\u0259c\u0259k&#8221;.<\/p>\n<p>P.K\u0259rimzad\u0259 qeyd edib ki, Qo\u015fulmama H\u0259r\u0259kat\u0131n\u0131n \u00fczvl\u0259ri bloklara qo\u015fulmayan, \u00f6z \u0259razisind\u0259 xarici h\u0259rbi baza yerl\u0259\u015fdirm\u0259y\u0259n, beyn\u0259lxalq m\u00fcnasib\u0259tl\u0259r sistemind\u0259 m\u00f6vcud olan konfliktl\u0259rin s\u00fclh yolu il\u0259 h\u0259ll olunmas\u0131na dair m\u00f6vqe ortaya qoyan bir h\u0259r\u0259katd\u0131r: &#8220;Bu H\u0259r\u0259kat \u00fczv d\u00f6vl\u0259tl\u0259rin milli m\u00fcst\u0259qilliyi, suverenliyi, \u0259razi b\u00fct\u00f6vl\u00fcy\u00fc v\u0259 t\u0259hl\u00fck\u0259sizliyinin qorunmas\u0131 \u00e7\u0259r\u00e7iv\u0259sind\u0259 imperializm, m\u00fcst\u0259ml\u0259k\u0259\u00e7ilik v\u0259 post-m\u00fcst\u0259ml\u0259k\u0259\u00e7ilik, irq\u00e7ilik v\u0259 h\u0259r hans\u0131 xarici m\u00fcdaxil\u0259, zorak\u0131 k\u0259nar t\u0259sir v\u0259 t\u0259zyiq, el\u0259c\u0259 d\u0259 b\u00f6y\u00fck g\u00fccl\u0259rin m\u00fcnaqi\u015f\u0259 z\u0259minind\u0259 yaratd\u0131qlar\u0131 \u00e7ox\u00fczvl\u00fc h\u0259rbi v\u0259 siyasi bloklara qar\u015f\u0131 formala\u015f\u0131b.<\/p>\n<p>\u018frazi b\u00fct\u00f6vl\u00fcy\u00fcm\u00fcz\u00fcn d\u0259st\u0259kl\u0259nm\u0259si \u00fc\u00e7\u00fcn \u00f6lk\u0259mizin dig\u0259r d\u00f6vl\u0259tl\u0259rin suverenliyi v\u0259 \u0259razi b\u00fct\u00f6vl\u00fcy\u00fcn\u0259, onlar\u0131n beyn\u0259lxalq s\u0259rh\u0259dl\u0259rinin toxunulmazl\u0131\u011f\u0131na h\u00f6rm\u0259t prinsipl\u0259rin\u0259 ciddi riay\u0259t ed\u0259n H\u0259r\u0259katda i\u015ftirak Erm\u0259nistan-Az\u0259rbaycan Da\u011fl\u0131q Qaraba\u011f m\u00fcnaqi\u015f\u0259sind\u0259 haql\u0131 m\u00f6vqeyimizin \u00fczv d\u00f6vl\u0259tl\u0259rin diqq\u0259tin\u0259 \u00e7atd\u0131r\u0131lmas\u0131 bax\u0131m\u0131ndan da \u00e7ox \u0259h\u0259miyy\u0259tlidir. Qo\u015fulmama H\u0259r\u0259kat\u0131n\u0131n 2016-c\u0131 ild\u0259 Venesuelada ke\u00e7iril\u0259n Sammitind\u0259 q\u0259bul edilmi\u015f yekun s\u0259n\u0259dd\u0259 i\u015ftirak\u00e7\u0131 d\u00f6vl\u0259tl\u0259r Erm\u0259nistan-Az\u0259rbaycan m\u00fcnaqi\u015f\u0259sinin Az\u0259rbaycan\u0131n \u0259razi b\u00fct\u00f6vl\u00fcy\u00fc, s\u0259rh\u0259dl\u0259rinin toxunulmazl\u0131\u011f\u0131 prinsipi il\u0259 h\u0259ll edilm\u0259sinin z\u0259ruriliyini bildirib, BMT T\u0259hl\u00fck\u0259sizlik \u015euras\u0131n\u0131n q\u0259tnam\u0259l\u0259rinin icra edilm\u0259sin\u0259 \u00e7a\u011f\u0131r\u0131\u015flar edibl\u0259r. Bu ilin iyul ay\u0131nda H\u0259r\u0259kat \u00fczvl\u0259ri t\u0259r\u0259find\u0259n Venesuela Respublikas\u0131n\u0131n Karakas \u015f\u0259h\u0259rind\u0259 ke\u00e7iril\u0259n Nazirl\u0259r \u015euras\u0131n\u0131n yekun s\u0259n\u0259dind\u0259 d\u0259 ox\u015far m\u00f6vqe ortaya qoyulub.<\/p>\n<p><img src=\"https:\/\/cdn.trend.az\/media\/pictures\/2019\/10\/25\/88888.jpg\" alt=\"\" \/><\/p>\n<p>Qo\u015fulmama H\u0259r\u0259kat\u0131na \u00fczvl\u00fck Erm\u0259nistan-Az\u0259rbaycan Da\u011fl\u0131q Qaraba\u011f m\u00fcnaqi\u015f\u0259si il\u0259 ba\u011fl\u0131 Az\u0259rbaycan\u0131n \u0259dal\u0259tli m\u00f6vqeyin\u0259 daha \u00e7ox d\u0259st\u0259yin \u0259ld\u0259 edilm\u0259sin\u0259 t\u00f6hf\u0259 verib&#8221;.<\/p>\n<p>Milli M\u0259clisin deputat\u0131 vur\u011fulay\u0131b ki, Az\u0259rbaycan Respublikas\u0131n\u0131n Prezidenti \u0130lham \u018fliyevin 2018-ci ild\u0259 Bak\u0131da ke\u00e7irilmi\u015f Qo\u015fulmama H\u0259r\u0259kat\u0131n\u0131n Nazirl\u0259r Konfrans\u0131 zaman\u0131 s\u00f6yl\u0259diyi nitqind\u0259 Qo\u015fulmama H\u0259r\u0259kat\u0131n\u0131n beyn\u0259lxalq h\u00fcququn prinsipl\u0259rin\u0259 sadiqliyin\u0259 toxunub &#8211; &#8220;Yar\u0131m \u0259srd\u0259n \u00e7oxdur ki, Qo\u015fulmama H\u0259r\u0259kat\u0131 b\u0259\u015f\u0259ri d\u0259y\u0259rl\u0259rin t\u0259bli\u011fi il\u0259 m\u0259\u015f\u011fuldur. D\u00fcnyan\u0131n \u0259n b\u00f6y\u00fck t\u0259\u015fkilatlar\u0131ndan olan Qo\u015fulmama H\u0259r\u0259kat\u0131 d\u00fcnyada sabitlik, s\u00fclh v\u0259 t\u0259hl\u00fck\u0259sizliyin b\u0259rq\u0259rar olmas\u0131nda vacib rol oynay\u0131r. Qo\u015fulmama H\u0259r\u0259kat\u0131 beyn\u0259lxalq h\u00fcququn normalar\u0131na, \u0259razi b\u00fct\u00f6vl\u00fcy\u00fc prinsipl\u0259rin\u0259, b\u00fct\u00fcn \u00fczvl\u0259rin suverenliyin\u0259 v\u0259 m\u00fcst\u0259qilliyin\u0259 sadiqdir&#8221;.<\/p>\n<p>XVIII Zirv\u0259 G\u00f6r\u00fc\u015f\u00fcn\u00fcn Bak\u0131da ke\u00e7irilm\u0259si regional v\u0259 beyn\u0259lxalq t\u0259hl\u00fck\u0259sizlik, \u0259m\u0259kda\u015fl\u0131q bax\u0131m\u0131ndan \u0259h\u0259miyy\u0259tli oldu\u011fu kimi, Az\u0259rbaycan\u0131n haqq s\u0259sinin d\u00fcnyada e\u015fidilm\u0259sin\u0259 d\u0259 yeni bir t\u0259kan olacaq&#8221;.<\/p>\n<p>Xat\u0131rladaq ki, Qo\u015fulmama H\u0259r\u0259kat\u0131n\u0131n XVIII Zirv\u0259 G\u00f6r\u00fc\u015f\u00fc \u00f6t\u0259n g\u00fcn Bak\u0131da \u00f6z i\u015fin\u0259 ba\u015flay\u0131b v\u0259 bu g\u00fcn davam eidr. H\u0259r\u0259kata \u00fczv \u00f6lk\u0259l\u0259rin d\u00f6vl\u0259t v\u0259 h\u00f6kum\u0259t ba\u015f\u00e7\u0131lar\u0131n\u0131n d\u00fcn\u0259nki g\u00f6r\u00fc\u015f\u00fcnd\u0259 Qo\u015fulmama H\u0259r\u0259kat\u0131na s\u0259drlik Az\u0259rbaycana t\u0259hvil verilib.<\/p>\n<p>Bel\u0259likl\u0259, Az\u0259rbaycan Respublikas\u0131 2019-2022-ci ill\u0259rd\u0259 Qo\u015fulmama H\u0259r\u0259kat\u0131na s\u0259drlik ed\u0259c\u0259k.<\/p>\n<p>Qo\u015fulmama H\u0259r\u0259kat\u0131n\u0131n Bak\u0131da ke\u00e7iril\u0259n XVIII Zirv\u0259 G\u00f6r\u00fc\u015f\u00fcn\u0259, \u00fcmumilikd\u0259 60-a yax\u0131n \u00f6lk\u0259nin d\u00f6vl\u0259t v\u0259 h\u00f6kum\u0259t ba\u015f\u00e7\u0131s\u0131, h\u0259m\u00e7inin beyn\u0259lxalq t\u0259\u015fkilatlar\u0131n r\u0259hb\u0259rl\u0259ri qat\u0131l\u0131b.<\/p>\n<p><img src=\"https:\/\/cdn.trend.az\/media\/pictures\/2019\/10\/25\/22222.png\" alt=\"\" \/><\/p>\n","protected":false},"excerpt":{"rendered":"<p>Az\u0259rbaycan\u0131n Qo\u015fulmama H\u0259r\u0259kat\u0131nda s\u0259drliyi C\u0259nubi Qafqaz regionunun apar\u0131c\u0131 d\u00f6vl\u0259tini d\u00fcnyada v\u0259 qlobal diplomatiyada daha \u00e7ox tan\u0131dacaq. ARANTV.AZ bildirir ki, bunu\u00a0Trend-\u0259\u00a0belaruslu ekspert\u00a0Yuri \u015eevtsov\u00a0deyib. Onun s\u00f6zl\u0259rin\u0259 g\u00f6r\u0259, bu amil Az\u0259rbaycana beyn\u0259lxalq \u0259laq\u0259l\u0259rini geni\u015fl\u0259ndirm\u0259y\u0259 imkan ver\u0259c\u0259k: &#8220;Fikrimc\u0259, Az\u0259rbaycan\u0131n Qo\u015fulmama H\u0259r\u0259kat\u0131nda s\u0259drliyi \u00f6lk\u0259nin onsuz da y\u00fcks\u0259k olan n\u00fcfuzunu daha da y\u00fcks\u0259ld\u0259c\u0259k&#8221;. Ekspert bildirib ki, Qo\u015fulmama H\u0259r\u0259kat\u0131n\u0131n x\u00fcsusiyy\u0259ti ilk n\u00f6vb\u0259d\u0259 Asiya \u00f6lk\u0259l\u0259rinin geni\u015f t\u0259msil olunmas\u0131d\u0131r. BMT-d\u0259n sonra d\u00fcnyada ikinci b\u00f6y\u00fck beyn\u0259lxalq t\u0259\u015fkilat\u0131n toplant\u0131s\u0131n\u0131n Bak\u0131da ke\u00e7irilm\u0259si v\u0259 2019-2022-ci ill\u0259rd\u0259 Az\u0259rbaycan\u0131n Qo\u015fulmama H\u0259r\u0259kat\u0131na s\u0259drlik etm\u0259si \u00f6lk\u0259mizin d\u00fcnya birliyind\u0259 qazand\u0131\u011f\u0131 b\u00f6y\u00fck n\u00fcfuzundan x\u0259b\u0259r verir. Bunu Trend-\u0259 Milli M\u0259clisin&hellip;<\/p>\n","protected":false},"author":2,"featured_media":89417,"comment_status":"closed","ping_status":"closed","sticky":false,"template":"","format":"standard","meta":{"om_disable_all_campaigns":false,"_monsterinsights_skip_tracking":false,"_monsterinsights_sitenote_active":false,"_monsterinsights_sitenote_note":"","_monsterinsights_sitenote_category":0},"categories":[4],"tags":[],"aioseo_notices":[],"gutentor_comment":0,"rttpg_featured_image_url":{"full":["https:\/\/arantv.az\/wp-content\/uploads\/2019\/10\/797298.jpg",800,600,false],"landscape":["https:\/\/arantv.az\/wp-content\/uploads\/2019\/10\/797298.jpg",800,600,false],"portraits":["https:\/\/arantv.az\/wp-content\/uploads\/2019\/10\/797298.jpg",800,600,false],"thumbnail":["https:\/\/arantv.az\/wp-content\/uploads\/2019\/10\/797298-150x150.jpg",150,150,true],"medium":["https:\/\/arantv.az\/wp-content\/uploads\/2019\/10\/797298-300x225.jpg",300,225,true],"large":["https:\/\/arantv.az\/wp-content\/uploads\/2019\/10\/797298.jpg",640,480,false],"1536x1536":["https:\/\/arantv.az\/wp-content\/uploads\/2019\/10\/797298.jpg",800,600,false],"2048x2048":["https:\/\/arantv.az\/wp-content\/uploads\/2019\/10\/797298.jpg",800,600,false],"post-thumbnail":["https:\/\/arantv.az\/wp-content\/uploads\/2019\/10\/797298-240x172.jpg",240,172,true],"advps-thumb-one":["https:\/\/arantv.az\/wp-content\/uploads\/2019\/10\/797298.jpg",800,600,false]},"rttpg_author":{"display_name":"V\u00fcsal Rafiqo\u011flu","author_link":"https:\/\/arantv.az\/?author=2"},"rttpg_comment":0,"rttpg_category":"<a href=\"https:\/\/arantv.az\/?cat=4\" rel=\"category\">Siyas\u0259t<\/a>","rttpg_excerpt":"Az\u0259rbaycan\u0131n Qo\u015fulmama H\u0259r\u0259kat\u0131nda s\u0259drliyi C\u0259nubi Qafqaz regionunun apar\u0131c\u0131 d\u00f6vl\u0259tini d\u00fcnyada v\u0259 qlobal diplomatiyada daha \u00e7ox tan\u0131dacaq. ARANTV.AZ bildirir ki, bunu\u00a0Trend-\u0259\u00a0belaruslu ekspert\u00a0Yuri \u015eevtsov\u00a0deyib. Onun s\u00f6zl\u0259rin\u0259 g\u00f6r\u0259, bu amil Az\u0259rbaycana beyn\u0259lxalq \u0259laq\u0259l\u0259rini geni\u015fl\u0259ndirm\u0259y\u0259 imkan ver\u0259c\u0259k: &#8220;Fikrimc\u0259, Az\u0259rbaycan\u0131n Qo\u015fulmama H\u0259r\u0259kat\u0131nda s\u0259drliyi \u00f6lk\u0259nin onsuz da y\u00fcks\u0259k olan n\u00fcfuzunu daha da y\u00fcks\u0259ld\u0259c\u0259k&#8221;. Ekspert bildirib ki, Qo\u015fulmama H\u0259r\u0259kat\u0131n\u0131n x\u00fcsusiyy\u0259ti ilk n\u00f6vb\u0259d\u0259&hellip;","_links":{"self":[{"href":"https:\/\/arantv.az\/index.php?rest_route=\/wp\/v2\/posts\/89416"}],"collection":[{"href":"https:\/\/arantv.az\/index.php?rest_route=\/wp\/v2\/posts"}],"about":[{"href":"https:\/\/arantv.az\/index.php?rest_route=\/wp\/v2\/types\/post"}],"author":[{"embeddable":true,"href":"https:\/\/arantv.az\/index.php?rest_route=\/wp\/v2\/users\/2"}],"replies":[{"embeddable":true,"href":"https:\/\/arantv.az\/index.php?rest_route=%2Fwp%2Fv2%2Fcomments&post=89416"}],"version-history":[{"count":0,"href":"https:\/\/arantv.az\/index.php?rest_route=\/wp\/v2\/posts\/89416\/revisions"}],"wp:featuredmedia":[{"embeddable":true,"href":"https:\/\/arantv.az\/index.php?rest_route=\/wp\/v2\/media\/89417"}],"wp:attachment":[{"href":"https:\/\/arantv.az\/index.php?rest_route=%2Fwp%2Fv2%2Fmedia&parent=89416"}],"wp:term":[{"taxonomy":"category","embeddable":true,"href":"https:\/\/arantv.az\/index.php?rest_route=%2Fwp%2Fv2%2Fcategories&post=89416"},{"taxonomy":"post_tag","embeddable":true,"href":"https:\/\/arantv.az\/index.php?rest_route=%2Fwp%2Fv2%2Ftags&post=89416"}],"curies":[{"name":"wp","href":"https:\/\/api.w.org\/{rel}","templated":true}]}}