{"id":89428,"date":"2019-10-26T09:07:43","date_gmt":"2019-10-26T06:07:43","guid":{"rendered":"http:\/\/arantv.az\/?p=89428"},"modified":"2019-10-26T09:07:43","modified_gmt":"2019-10-26T06:07:43","slug":"karatecil%c9%99rimiz-uzaq-cilid%c9%99ki-dunya-cempionatinda-dord-medal-qazandi","status":"publish","type":"post","link":"https:\/\/arantv.az\/?p=89428","title":{"rendered":"Karate\u00e7il\u0259rimiz uzaq \u00c7ilid\u0259ki d\u00fcnya \u00e7empionat\u0131nda d\u00f6rd medal qazand\u0131"},"content":{"rendered":"<p>\u00c7ilinin paytaxt\u0131 Santyaqoda karate \u00fczr\u0259 yeniyetm\u0259l\u0259r, g\u0259ncl\u0259r v\u0259 21 ya\u015fad\u0259k idman\u00e7\u0131lar\u0131n XI d\u00fcnya \u00e7empionat\u0131n\u0131n \u00fc\u00e7\u00fcnc\u00fc yar\u0131\u015f g\u00fcn\u00fc millimiz d\u00f6rd medal qazan\u0131b.<\/p>\n<div id=\"AdviadNativeVideo0\" class=\"AdviadNativeVideo\"><\/div>\n<p><strong>ARANTV.AZ\u00a0<\/strong>\u00a0x\u0259b\u0259r verir ki, 16-18 ya\u015fl\u0131 karate\u00e7il\u0259rd\u0259n ibar\u0259t milli komandam\u0131z\u0131n \u00fczvl\u0259rind\u0259n H\u00fcseyn M\u0259mm\u0259dli (-61 kq) g\u00fcm\u00fc\u015f m\u00fckafata, Sultan H\u00fcseynov (-55 kq), H\u00fcseyn H\u00fcseynzad\u0259 (-76 kq) v\u0259 Polina Qurenko (-53 kq) is\u0259 b\u00fcr\u00fcnc medala sahib olub.<\/p>\n<p>T\u0259s\u0259lliverici g\u00f6r\u00fc\u015fl\u0259r\u0259 qat\u0131lan Namiq Quliyev (+76 kq) v\u0259 \u00fc\u00e7 g\u00f6r\u00fc\u015f\u00fcn\u00fc q\u0259l\u0259b\u0259 il\u0259 ba\u015fa vuran Ayla Rzazad\u0259 (-59 kq) yax\u015f\u0131 t\u0259sir ba\u011f\u0131\u015flasalar da, medal\u00e7\u0131lar aras\u0131na d\u00fc\u015f\u0259 bilm\u0259yib.oxu.az<\/p>\n","protected":false},"excerpt":{"rendered":"<p>\u00c7ilinin paytaxt\u0131 Santyaqoda karate \u00fczr\u0259 yeniyetm\u0259l\u0259r, g\u0259ncl\u0259r v\u0259 21 ya\u015fad\u0259k idman\u00e7\u0131lar\u0131n XI d\u00fcnya \u00e7empionat\u0131n\u0131n \u00fc\u00e7\u00fcnc\u00fc yar\u0131\u015f g\u00fcn\u00fc millimiz d\u00f6rd medal qazan\u0131b. ARANTV.AZ\u00a0\u00a0x\u0259b\u0259r verir ki, 16-18 ya\u015fl\u0131 karate\u00e7il\u0259rd\u0259n ibar\u0259t milli komandam\u0131z\u0131n \u00fczvl\u0259rind\u0259n H\u00fcseyn M\u0259mm\u0259dli (-61 kq) g\u00fcm\u00fc\u015f m\u00fckafata, Sultan H\u00fcseynov (-55 kq), H\u00fcseyn H\u00fcseynzad\u0259 (-76 kq) v\u0259 Polina Qurenko (-53 kq) is\u0259 b\u00fcr\u00fcnc medala sahib olub. T\u0259s\u0259lliverici g\u00f6r\u00fc\u015fl\u0259r\u0259 qat\u0131lan Namiq Quliyev (+76 kq) v\u0259 \u00fc\u00e7 g\u00f6r\u00fc\u015f\u00fcn\u00fc q\u0259l\u0259b\u0259 il\u0259 ba\u015fa vuran Ayla Rzazad\u0259 (-59 kq) yax\u015f\u0131 t\u0259sir ba\u011f\u0131\u015flasalar da, medal\u00e7\u0131lar aras\u0131na d\u00fc\u015f\u0259 bilm\u0259yib.oxu.az<\/p>\n","protected":false},"author":2,"featured_media":89429,"comment_status":"closed","ping_status":"closed","sticky":false,"template":"","format":"standard","meta":{"om_disable_all_campaigns":false,"_monsterinsights_skip_tracking":false,"_monsterinsights_sitenote_active":false,"_monsterinsights_sitenote_note":"","_monsterinsights_sitenote_category":0},"categories":[6],"tags":[],"aioseo_notices":[],"gutentor_comment":0,"rttpg_featured_image_url":{"full":["https:\/\/arantv.az\/wp-content\/uploads\/2019\/10\/a7cd2f.jpg",620,349,false],"landscape":["https:\/\/arantv.az\/wp-content\/uploads\/2019\/10\/a7cd2f.jpg",620,349,false],"portraits":["https:\/\/arantv.az\/wp-content\/uploads\/2019\/10\/a7cd2f.jpg",620,349,false],"thumbnail":["https:\/\/arantv.az\/wp-content\/uploads\/2019\/10\/a7cd2f-150x150.jpg",150,150,true],"medium":["https:\/\/arantv.az\/wp-content\/uploads\/2019\/10\/a7cd2f-300x169.jpg",300,169,true],"large":["https:\/\/arantv.az\/wp-content\/uploads\/2019\/10\/a7cd2f.jpg",620,349,false],"1536x1536":["https:\/\/arantv.az\/wp-content\/uploads\/2019\/10\/a7cd2f.jpg",620,349,false],"2048x2048":["https:\/\/arantv.az\/wp-content\/uploads\/2019\/10\/a7cd2f.jpg",620,349,false],"post-thumbnail":["https:\/\/arantv.az\/wp-content\/uploads\/2019\/10\/a7cd2f-240x172.jpg",240,172,true],"advps-thumb-one":["https:\/\/arantv.az\/wp-content\/uploads\/2019\/10\/a7cd2f.jpg",620,349,false]},"rttpg_author":{"display_name":"V\u00fcsal Rafiqo\u011flu","author_link":"https:\/\/arantv.az\/?author=2"},"rttpg_comment":0,"rttpg_category":"<a href=\"https:\/\/arantv.az\/?cat=6\" rel=\"category\">\u0130dman<\/a>","rttpg_excerpt":"\u00c7ilinin paytaxt\u0131 Santyaqoda karate \u00fczr\u0259 yeniyetm\u0259l\u0259r, g\u0259ncl\u0259r v\u0259 21 ya\u015fad\u0259k idman\u00e7\u0131lar\u0131n XI d\u00fcnya \u00e7empionat\u0131n\u0131n \u00fc\u00e7\u00fcnc\u00fc yar\u0131\u015f g\u00fcn\u00fc millimiz d\u00f6rd medal qazan\u0131b. ARANTV.AZ\u00a0\u00a0x\u0259b\u0259r verir ki, 16-18 ya\u015fl\u0131 karate\u00e7il\u0259rd\u0259n ibar\u0259t milli komandam\u0131z\u0131n \u00fczvl\u0259rind\u0259n H\u00fcseyn M\u0259mm\u0259dli (-61 kq) g\u00fcm\u00fc\u015f m\u00fckafata, Sultan H\u00fcseynov (-55 kq), H\u00fcseyn H\u00fcseynzad\u0259 (-76 kq) v\u0259 Polina Qurenko (-53 kq) is\u0259 b\u00fcr\u00fcnc medala sahib olub.&hellip;","_links":{"self":[{"href":"https:\/\/arantv.az\/index.php?rest_route=\/wp\/v2\/posts\/89428"}],"collection":[{"href":"https:\/\/arantv.az\/index.php?rest_route=\/wp\/v2\/posts"}],"about":[{"href":"https:\/\/arantv.az\/index.php?rest_route=\/wp\/v2\/types\/post"}],"author":[{"embeddable":true,"href":"https:\/\/arantv.az\/index.php?rest_route=\/wp\/v2\/users\/2"}],"replies":[{"embeddable":true,"href":"https:\/\/arantv.az\/index.php?rest_route=%2Fwp%2Fv2%2Fcomments&post=89428"}],"version-history":[{"count":0,"href":"https:\/\/arantv.az\/index.php?rest_route=\/wp\/v2\/posts\/89428\/revisions"}],"wp:featuredmedia":[{"embeddable":true,"href":"https:\/\/arantv.az\/index.php?rest_route=\/wp\/v2\/media\/89429"}],"wp:attachment":[{"href":"https:\/\/arantv.az\/index.php?rest_route=%2Fwp%2Fv2%2Fmedia&parent=89428"}],"wp:term":[{"taxonomy":"category","embeddable":true,"href":"https:\/\/arantv.az\/index.php?rest_route=%2Fwp%2Fv2%2Fcategories&post=89428"},{"taxonomy":"post_tag","embeddable":true,"href":"https:\/\/arantv.az\/index.php?rest_route=%2Fwp%2Fv2%2Ftags&post=89428"}],"curies":[{"name":"wp","href":"https:\/\/api.w.org\/{rel}","templated":true}]}}