{"id":89440,"date":"2019-10-26T09:10:09","date_gmt":"2019-10-26T06:10:09","guid":{"rendered":"http:\/\/arantv.az\/?p=89440"},"modified":"2019-10-26T09:10:09","modified_gmt":"2019-10-26T06:10:09","slug":"aydin-s%c9%99fixanli-az%c9%99rbaycanin-xarici-siyas%c9%99ti-qosulmama-h%c9%99r%c9%99katinin-prinsipl%c9%99rin%c9%99-uygundur","status":"publish","type":"post","link":"https:\/\/arantv.az\/?p=89440","title":{"rendered":"Ayd\u0131n S\u0259fixanl\u0131: &#8220;Az\u0259rbaycan\u0131n xarici siyas\u0259ti Qo\u015fulmama H\u0259r\u0259kat\u0131n\u0131n prinsipl\u0259rin\u0259 uy\u011fundur&#8221;"},"content":{"rendered":"<p>&#8220;Az\u0259rbaycan Prezidenti \u0130lham \u018fliyevin m\u0259qs\u0259dy\u00f6nl\u00fc v\u0259 uzaqg\u00f6r\u0259n siyas\u0259ti n\u0259tic\u0259sind\u0259 \u00f6lk\u0259miz d\u00fcnyan\u0131n siyasi dialoq m\u0259rk\u0259zl\u0259rind\u0259n birin\u0259 \u00e7evrilib&#8221;.<\/p>\n<p><strong>ARANTV.AZ<\/strong> x\u0259b\u0259r verir ki, bunu\u00a0<a href=\"https:\/\/az.trend.az\/\" target=\"_blank\" rel=\"noopener\">Trend<\/a>-\u0259 \u0130nsan H\u00fcquqlar\u0131 \u00fczr\u0259 M\u00fcv\u0259kkil (Ombudsman) Aparat\u0131n\u0131n r\u0259hb\u0259ri Ayd\u0131n S\u0259fixanl\u0131 deyib.<\/p>\n<p>Onun s\u00f6zl\u0259rin\u0259 g\u00f6r\u0259, oktyabr\u0131n 25-26-da Bak\u0131da n\u00f6vb\u0259ti qlobal \u0259h\u0259miyy\u0259tli bir g\u00f6r\u00fc\u015f\u00fcn &#8211; Qo\u015fulmama H\u0259r\u0259kat\u0131na \u00fczv \u00f6lk\u0259l\u0259rin d\u00f6vl\u0259t v\u0259 h\u00f6kum\u0259t ba\u015f\u00e7\u0131lar\u0131n\u0131n XVIII Zirv\u0259 G\u00f6r\u00fc\u015f\u00fcn\u00fcn ke\u00e7irilm\u0259si buna s\u00fcbutdur.<\/p>\n<p>A.S\u0259fixanl\u0131 qeyd edib ki, Az\u0259rbaycan Prezidentinin t\u0259\u015f\u0259bb\u00fcs\u00fc il\u0259 \u0259sas\u0131 qoyulmu\u015f &#8220;Bak\u0131 prosesi&#8221; \u00e7\u0259r\u00e7iv\u0259sind\u0259 y\u00fcks\u0259k s\u0259viyy\u0259d\u0259 ke\u00e7iril\u0259n \u00dcmumd\u00fcnya M\u0259d\u0259niyy\u0259tl\u0259raras\u0131 Dialoq Forumlar\u0131, BMT-nin Sivilizasiyalar Alyans\u0131n\u0131n 7-ci Qlobal Forumu, habel\u0259 Bak\u0131 Beyn\u0259lxalq Humanitar Forumlar\u0131, D\u00fcnya Dini Liderl\u0259rinin Sammiti, Avropa Oyunlar\u0131, IV \u0130slam H\u0259mr\u0259yliyi Oyunlar\u0131 Az\u0259rbaycan\u0131 qlobal siyasi m\u0259s\u0259l\u0259l\u0259rin, multikulturalizm, sivilizasiyalararas\u0131 m\u00fcnasib\u0259tl\u0259rin t\u0259nziml\u0259nm\u0259si m\u0259rk\u0259zin\u0259 \u00e7evirib.<\/p>\n<p>Aparat r\u0259hb\u0259ri bildirib ki, bir s\u0131ra d\u00f6vl\u0259tl\u0259rin vaxtil\u0259 soyuq m\u00fcharib\u0259 d\u00f6vr\u00fcnd\u0259 iki siyasi-h\u0259rbi q\u00fctb aras\u0131nda qar\u015f\u0131durmaya c\u0259lb edilm\u0259m\u0259l\u0259ri \u00fc\u00e7\u00fcn t\u0259sis etdiyi Qo\u015fulmama H\u0259r\u0259kat\u0131 haz\u0131rda beyn\u0259lxalq m\u00fcnasib\u0259tl\u0259rin t\u0259nziml\u0259nm\u0259sind\u0259 i\u015ftirak ed\u0259n m\u00fch\u00fcm \u00e7oxt\u0259r\u0259fli mexanizml\u0259rd\u0259n birin\u0259 \u00e7evrilib:<\/p>\n<p>&#8220;Bu g\u00fcn Qo\u015fulmama H\u0259r\u0259kat\u0131 BMT-d\u0259n sonra ikinci \u0259n b\u00f6y\u00fck beyn\u0259lxalq platformad\u0131r. \u018fsas m\u0259qs\u0259di beyn\u0259lxalq h\u00fcquqa h\u00f6rm\u0259t \u0259sas\u0131nda d\u00fcnyada s\u00fclh, t\u0259hl\u00fck\u0259sizlik v\u0259 inki\u015fafa yard\u0131m etm\u0259k olan Qo\u015fulmama H\u0259r\u0259kat\u0131 BMT Ba\u015f Assambleyas\u0131 \u00e7\u0259r\u00e7iv\u0259sind\u0259 q\u0259rarlar\u0131n q\u0259buluna t\u0259sir bax\u0131m\u0131ndan \u0259h\u0259miyy\u0259tli rol oynay\u0131r. Qeyd etm\u0259k ist\u0259rdim ki, Az\u0259rbaycan\u0131n apard\u0131\u011f\u0131 xarici siyas\u0259t Qo\u015fulmama H\u0259r\u0259kat\u0131n\u0131n prinsipl\u0259ri il\u0259 uy\u011funluq t\u0259\u015fkil edir. Bel\u0259 ki, Az\u0259rbaycan h\u0259r zaman beyn\u0259lxalq m\u00fcnaqi\u015f\u0259l\u0259rin, o c\u00fcml\u0259d\u0259n, Erm\u0259nistan-Az\u0259rbaycan Da\u011fl\u0131q Qaraba\u011f m\u00fcnaqi\u015f\u0259sinin h\u0259llinin yaln\u0131z ham\u0131l\u0131qla tan\u0131nm\u0131\u015f beyn\u0259lxalq h\u00fcquq normalar\u0131 v\u0259 prinsipl\u0259ri \u0259sas\u0131nda m\u00fcmk\u00fcn oldu\u011funu, d\u00f6vl\u0259tl\u0259rin \u0259razi b\u00fct\u00f6vl\u00fcy\u00fc prinsipin\u0259 h\u00f6rm\u0259t olunmas\u0131n\u0131 m\u00fcxt\u0259lif beyn\u0259lxalq v\u0259 regional platformalarda b\u0259yan edib&#8221;.<\/p>\n<p>A.S\u0259fixanl\u0131 \u0259lav\u0259 edib ki, Qo\u015fulmama H\u0259r\u0259kat\u0131 \u0259sas t\u0259\u015fkilati prinsipl\u0259ri olan &#8220;Bandunq prinsipl\u0259ri&#8221; il\u0259 yana\u015f\u0131, BMT Nizamnam\u0259sinin m\u0259qs\u0259d v\u0259 prinsipl\u0259rin\u0259, \u0259sas insan h\u00fcquq v\u0259 azadl\u0131qlar\u0131na, el\u0259c\u0259 d\u0259 d\u00f6vl\u0259tl\u0259rin \u0259razi b\u00fct\u00f6vl\u00fcy\u00fc v\u0259 suverenliyin\u0259 h\u00f6rm\u0259t etm\u0259k prinsipl\u0259rini t\u0259\u015fkilat\u0131n \u0259sas f\u0259aliyy\u0259t istiqam\u0259tl\u0259ri kimi m\u00fc\u0259yy\u0259n edib.<br \/>\nAz\u0259rbaycan\u0131n Qo\u015fulmama H\u0259r\u0259kat\u0131nda \u00fczv oldu\u011fu az bir m\u00fcdd\u0259td\u0259 beyn\u0259lxalq h\u00fcquqa v\u0259 \u0259dal\u0259t\u0259 \u0259saslanan xarici siyas\u0259ti, \u00fczv d\u00f6vl\u0259tl\u0259r aras\u0131nda b\u00f6y\u00fck n\u00fcfuz qazan\u0131b:<\/p>\n<p>&#8220;Etimad\u0131n m\u0259ntiqi n\u0259tic\u0259si kimi d\u00f6vl\u0259t v\u0259 h\u00f6kum\u0259t ba\u015f\u00e7\u0131lar\u0131n\u0131n XVIII Zirv\u0259 G\u00f6r\u00fc\u015f\u00fcn\u00fcn Bak\u0131da ke\u00e7irilm\u0259si v\u0259 2019-2022-ci ill\u0259r \u00fczr\u0259 s\u0259drliyin r\u0259smi Bak\u0131ya h\u0259val\u0259 edilm\u0259si bar\u0259d\u0259 yekdillikl\u0259 q\u0259rar q\u0259bul edilib. Az\u0259rbaycan\u0131n Qo\u015fulmama H\u0259r\u0259kat\u0131nda i\u015ftirak\u0131 v\u0259 qar\u015f\u0131dak\u0131 3 il \u0259rzind\u0259 bu h\u0259r\u0259kata s\u0259drliyi BMT-d\u0259 v\u0259 dig\u0259r beyn\u0259lxalq platformalarda Erm\u0259nistan-Az\u0259rbaycan Da\u011fl\u0131q Qaraba\u011f m\u00fcnaqi\u015f\u0259sinin \u0259dal\u0259tli h\u0259llin\u0259 m\u00fch\u00fcm d\u0259st\u0259k ver\u0259c\u0259k. Yeri g\u0259lmi\u015fk\u0259n, 2011-ci ild\u0259 Az\u0259rbaycan Respublikas\u0131n\u0131n 155 \u00f6lk\u0259nin d\u0259st\u0259yini qazanmaqla BMT T\u0259hl\u00fck\u0259sizlik \u015euras\u0131n\u0131n qeyri-daimi \u00fczv\u00fc se\u00e7ilm\u0259sind\u0259 Qo\u015fulmama H\u0259r\u0259kat\u0131 \u00f6lk\u0259l\u0259rinin s\u0259si m\u00fch\u00fcm rol oynay\u0131b&#8221;.<\/p>\n","protected":false},"excerpt":{"rendered":"<p>&#8220;Az\u0259rbaycan Prezidenti \u0130lham \u018fliyevin m\u0259qs\u0259dy\u00f6nl\u00fc v\u0259 uzaqg\u00f6r\u0259n siyas\u0259ti n\u0259tic\u0259sind\u0259 \u00f6lk\u0259miz d\u00fcnyan\u0131n siyasi dialoq m\u0259rk\u0259zl\u0259rind\u0259n birin\u0259 \u00e7evrilib&#8221;. ARANTV.AZ x\u0259b\u0259r verir ki, bunu\u00a0Trend-\u0259 \u0130nsan H\u00fcquqlar\u0131 \u00fczr\u0259 M\u00fcv\u0259kkil (Ombudsman) Aparat\u0131n\u0131n r\u0259hb\u0259ri Ayd\u0131n S\u0259fixanl\u0131 deyib. Onun s\u00f6zl\u0259rin\u0259 g\u00f6r\u0259, oktyabr\u0131n 25-26-da Bak\u0131da n\u00f6vb\u0259ti qlobal \u0259h\u0259miyy\u0259tli bir g\u00f6r\u00fc\u015f\u00fcn &#8211; Qo\u015fulmama H\u0259r\u0259kat\u0131na \u00fczv \u00f6lk\u0259l\u0259rin d\u00f6vl\u0259t v\u0259 h\u00f6kum\u0259t ba\u015f\u00e7\u0131lar\u0131n\u0131n XVIII Zirv\u0259 G\u00f6r\u00fc\u015f\u00fcn\u00fcn ke\u00e7irilm\u0259si buna s\u00fcbutdur. A.S\u0259fixanl\u0131 qeyd edib ki, Az\u0259rbaycan Prezidentinin t\u0259\u015f\u0259bb\u00fcs\u00fc il\u0259 \u0259sas\u0131 qoyulmu\u015f &#8220;Bak\u0131 prosesi&#8221; \u00e7\u0259r\u00e7iv\u0259sind\u0259 y\u00fcks\u0259k s\u0259viyy\u0259d\u0259 ke\u00e7iril\u0259n \u00dcmumd\u00fcnya M\u0259d\u0259niyy\u0259tl\u0259raras\u0131 Dialoq Forumlar\u0131, BMT-nin Sivilizasiyalar Alyans\u0131n\u0131n 7-ci Qlobal Forumu, habel\u0259 Bak\u0131 Beyn\u0259lxalq Humanitar Forumlar\u0131, D\u00fcnya Dini&hellip;<\/p>\n","protected":false},"author":2,"featured_media":89441,"comment_status":"closed","ping_status":"closed","sticky":false,"template":"","format":"standard","meta":{"om_disable_all_campaigns":false,"_monsterinsights_skip_tracking":false,"_monsterinsights_sitenote_active":false,"_monsterinsights_sitenote_note":"","_monsterinsights_sitenote_category":0},"categories":[4],"tags":[],"aioseo_notices":[],"gutentor_comment":0,"rttpg_featured_image_url":{"full":["https:\/\/arantv.az\/wp-content\/uploads\/2019\/10\/797314.jpg",800,600,false],"landscape":["https:\/\/arantv.az\/wp-content\/uploads\/2019\/10\/797314.jpg",800,600,false],"portraits":["https:\/\/arantv.az\/wp-content\/uploads\/2019\/10\/797314.jpg",800,600,false],"thumbnail":["https:\/\/arantv.az\/wp-content\/uploads\/2019\/10\/797314-150x150.jpg",150,150,true],"medium":["https:\/\/arantv.az\/wp-content\/uploads\/2019\/10\/797314-300x225.jpg",300,225,true],"large":["https:\/\/arantv.az\/wp-content\/uploads\/2019\/10\/797314.jpg",640,480,false],"1536x1536":["https:\/\/arantv.az\/wp-content\/uploads\/2019\/10\/797314.jpg",800,600,false],"2048x2048":["https:\/\/arantv.az\/wp-content\/uploads\/2019\/10\/797314.jpg",800,600,false],"post-thumbnail":["https:\/\/arantv.az\/wp-content\/uploads\/2019\/10\/797314-240x172.jpg",240,172,true],"advps-thumb-one":["https:\/\/arantv.az\/wp-content\/uploads\/2019\/10\/797314.jpg",800,600,false]},"rttpg_author":{"display_name":"V\u00fcsal Rafiqo\u011flu","author_link":"https:\/\/arantv.az\/?author=2"},"rttpg_comment":0,"rttpg_category":"<a href=\"https:\/\/arantv.az\/?cat=4\" rel=\"category\">Siyas\u0259t<\/a>","rttpg_excerpt":"&#8220;Az\u0259rbaycan Prezidenti \u0130lham \u018fliyevin m\u0259qs\u0259dy\u00f6nl\u00fc v\u0259 uzaqg\u00f6r\u0259n siyas\u0259ti n\u0259tic\u0259sind\u0259 \u00f6lk\u0259miz d\u00fcnyan\u0131n siyasi dialoq m\u0259rk\u0259zl\u0259rind\u0259n birin\u0259 \u00e7evrilib&#8221;. ARANTV.AZ x\u0259b\u0259r verir ki, bunu\u00a0Trend-\u0259 \u0130nsan H\u00fcquqlar\u0131 \u00fczr\u0259 M\u00fcv\u0259kkil (Ombudsman) Aparat\u0131n\u0131n r\u0259hb\u0259ri Ayd\u0131n S\u0259fixanl\u0131 deyib. Onun s\u00f6zl\u0259rin\u0259 g\u00f6r\u0259, oktyabr\u0131n 25-26-da Bak\u0131da n\u00f6vb\u0259ti qlobal \u0259h\u0259miyy\u0259tli bir g\u00f6r\u00fc\u015f\u00fcn &#8211; Qo\u015fulmama H\u0259r\u0259kat\u0131na \u00fczv \u00f6lk\u0259l\u0259rin d\u00f6vl\u0259t v\u0259 h\u00f6kum\u0259t ba\u015f\u00e7\u0131lar\u0131n\u0131n XVIII Zirv\u0259 G\u00f6r\u00fc\u015f\u00fcn\u00fcn ke\u00e7irilm\u0259si&hellip;","_links":{"self":[{"href":"https:\/\/arantv.az\/index.php?rest_route=\/wp\/v2\/posts\/89440"}],"collection":[{"href":"https:\/\/arantv.az\/index.php?rest_route=\/wp\/v2\/posts"}],"about":[{"href":"https:\/\/arantv.az\/index.php?rest_route=\/wp\/v2\/types\/post"}],"author":[{"embeddable":true,"href":"https:\/\/arantv.az\/index.php?rest_route=\/wp\/v2\/users\/2"}],"replies":[{"embeddable":true,"href":"https:\/\/arantv.az\/index.php?rest_route=%2Fwp%2Fv2%2Fcomments&post=89440"}],"version-history":[{"count":0,"href":"https:\/\/arantv.az\/index.php?rest_route=\/wp\/v2\/posts\/89440\/revisions"}],"wp:featuredmedia":[{"embeddable":true,"href":"https:\/\/arantv.az\/index.php?rest_route=\/wp\/v2\/media\/89441"}],"wp:attachment":[{"href":"https:\/\/arantv.az\/index.php?rest_route=%2Fwp%2Fv2%2Fmedia&parent=89440"}],"wp:term":[{"taxonomy":"category","embeddable":true,"href":"https:\/\/arantv.az\/index.php?rest_route=%2Fwp%2Fv2%2Fcategories&post=89440"},{"taxonomy":"post_tag","embeddable":true,"href":"https:\/\/arantv.az\/index.php?rest_route=%2Fwp%2Fv2%2Ftags&post=89440"}],"curies":[{"name":"wp","href":"https:\/\/api.w.org\/{rel}","templated":true}]}}