{"id":89456,"date":"2019-10-26T09:43:00","date_gmt":"2019-10-26T06:43:00","guid":{"rendered":"http:\/\/arantv.az\/?p=89456"},"modified":"2019-10-26T09:43:00","modified_gmt":"2019-10-26T06:43:00","slug":"az%c9%99rbaycanda-d%c9%99hs%c9%99t-qadin-ovladlarina-dag-basdi","status":"publish","type":"post","link":"https:\/\/arantv.az\/?p=89456","title":{"rendered":"Az\u0259rbaycanda d\u0259h\u015f\u0259t: Qad\u0131n \u00f6vladlar\u0131na da\u011f basd\u0131"},"content":{"rendered":"<p>Az\u0259rbaycanda qad\u0131n \u00f6z \u00f6vladlar\u0131na qaz sobas\u0131nda q\u0131zd\u0131r\u0131lm\u0131\u015f \u0259\u015fya il\u0259 x\u0259sar\u0259tl\u0259r yetirib.<\/p>\n<p><b>ARANTV.AZ<\/b>-\u0131n m\u0259lumat\u0131na g\u00f6r\u0259, hadis\u0259 Da\u015fk\u0259s\u0259n rayon qeyd\u0259 al\u0131n\u0131b.<\/p>\n<p>Qad\u0131n\u0131n atas\u0131 Saday \u018flirzayev Da\u015fk\u0259s\u0259n Rayon Polis \u015e\u00f6b\u0259sin\u0259 m\u00fcraci\u0259t ed\u0259r\u0259k bildirib ki, q\u0131z\u0131 Elmira Pavlovan\u0131n azya\u015fl\u0131 \u00f6vladlar\u0131 &#8211; 2010-cu il t\u0259v\u0259ll\u00fcdl\u00fc H.\u00a0v\u0259 2012-ci il t\u0259v\u0259ll\u00fcdl\u00fc \u018f.-y\u0259 x\u0259sar\u0259t yetirib.<\/p>\n<div id=\"AdviadNativeVideo0\" class=\"AdviadNativeVideo\"><\/div>\n<p>Qeyd ed\u0259k ki, u\u015faqlar atas\u0131ndan ayr\u0131 ya\u015fay\u0131r. Qad\u0131n siqaret \u00e7\u0259kir v\u0259 i\u00e7ki aud\u0259\u00e7isidir.<\/p>\n<p>Faktla ba\u011fl\u0131 Da\u015fk\u0259s\u0259n RP\u015e-d\u0259 ara\u015fd\u0131rma apar\u0131l\u0131r.<\/p>\n<p>Bu bar\u0259d\u0259 ilk m\u0259lumat\u0131\u00a0APA\u00a0yay\u0131b.<\/p>\n","protected":false},"excerpt":{"rendered":"<p>Az\u0259rbaycanda qad\u0131n \u00f6z \u00f6vladlar\u0131na qaz sobas\u0131nda q\u0131zd\u0131r\u0131lm\u0131\u015f \u0259\u015fya il\u0259 x\u0259sar\u0259tl\u0259r yetirib. ARANTV.AZ-\u0131n m\u0259lumat\u0131na g\u00f6r\u0259, hadis\u0259 Da\u015fk\u0259s\u0259n rayon qeyd\u0259 al\u0131n\u0131b. Qad\u0131n\u0131n atas\u0131 Saday \u018flirzayev Da\u015fk\u0259s\u0259n Rayon Polis \u015e\u00f6b\u0259sin\u0259 m\u00fcraci\u0259t ed\u0259r\u0259k bildirib ki, q\u0131z\u0131 Elmira Pavlovan\u0131n azya\u015fl\u0131 \u00f6vladlar\u0131 &#8211; 2010-cu il t\u0259v\u0259ll\u00fcdl\u00fc H.\u00a0v\u0259 2012-ci il t\u0259v\u0259ll\u00fcdl\u00fc \u018f.-y\u0259 x\u0259sar\u0259t yetirib. Qeyd ed\u0259k ki, u\u015faqlar atas\u0131ndan ayr\u0131 ya\u015fay\u0131r. Qad\u0131n siqaret \u00e7\u0259kir v\u0259 i\u00e7ki aud\u0259\u00e7isidir. Faktla ba\u011fl\u0131 Da\u015fk\u0259s\u0259n RP\u015e-d\u0259 ara\u015fd\u0131rma apar\u0131l\u0131r. Bu bar\u0259d\u0259 ilk m\u0259lumat\u0131\u00a0APA\u00a0yay\u0131b.<\/p>\n","protected":false},"author":2,"featured_media":89457,"comment_status":"closed","ping_status":"closed","sticky":false,"template":"","format":"standard","meta":{"om_disable_all_campaigns":false,"_monsterinsights_skip_tracking":false,"_monsterinsights_sitenote_active":false,"_monsterinsights_sitenote_note":"","_monsterinsights_sitenote_category":0},"categories":[1],"tags":[],"aioseo_notices":[],"gutentor_comment":0,"rttpg_featured_image_url":{"full":["https:\/\/arantv.az\/wp-content\/uploads\/2019\/10\/healing-the-mother-wound-min.jpg",620,410,false],"landscape":["https:\/\/arantv.az\/wp-content\/uploads\/2019\/10\/healing-the-mother-wound-min.jpg",620,410,false],"portraits":["https:\/\/arantv.az\/wp-content\/uploads\/2019\/10\/healing-the-mother-wound-min.jpg",620,410,false],"thumbnail":["https:\/\/arantv.az\/wp-content\/uploads\/2019\/10\/healing-the-mother-wound-min-150x150.jpg",150,150,true],"medium":["https:\/\/arantv.az\/wp-content\/uploads\/2019\/10\/healing-the-mother-wound-min-300x198.jpg",300,198,true],"large":["https:\/\/arantv.az\/wp-content\/uploads\/2019\/10\/healing-the-mother-wound-min.jpg",620,410,false],"1536x1536":["https:\/\/arantv.az\/wp-content\/uploads\/2019\/10\/healing-the-mother-wound-min.jpg",620,410,false],"2048x2048":["https:\/\/arantv.az\/wp-content\/uploads\/2019\/10\/healing-the-mother-wound-min.jpg",620,410,false],"post-thumbnail":["https:\/\/arantv.az\/wp-content\/uploads\/2019\/10\/healing-the-mother-wound-min-240x172.jpg",240,172,true],"advps-thumb-one":["https:\/\/arantv.az\/wp-content\/uploads\/2019\/10\/healing-the-mother-wound-min.jpg",620,410,false]},"rttpg_author":{"display_name":"V\u00fcsal Rafiqo\u011flu","author_link":"https:\/\/arantv.az\/?author=2"},"rttpg_comment":0,"rttpg_category":"<a href=\"https:\/\/arantv.az\/?cat=1\" rel=\"category\">C\u0259miyy\u0259t<\/a>","rttpg_excerpt":"Az\u0259rbaycanda qad\u0131n \u00f6z \u00f6vladlar\u0131na qaz sobas\u0131nda q\u0131zd\u0131r\u0131lm\u0131\u015f \u0259\u015fya il\u0259 x\u0259sar\u0259tl\u0259r yetirib. ARANTV.AZ-\u0131n m\u0259lumat\u0131na g\u00f6r\u0259, hadis\u0259 Da\u015fk\u0259s\u0259n rayon qeyd\u0259 al\u0131n\u0131b. Qad\u0131n\u0131n atas\u0131 Saday \u018flirzayev Da\u015fk\u0259s\u0259n Rayon Polis \u015e\u00f6b\u0259sin\u0259 m\u00fcraci\u0259t ed\u0259r\u0259k bildirib ki, q\u0131z\u0131 Elmira Pavlovan\u0131n azya\u015fl\u0131 \u00f6vladlar\u0131 &#8211; 2010-cu il t\u0259v\u0259ll\u00fcdl\u00fc H.\u00a0v\u0259 2012-ci il t\u0259v\u0259ll\u00fcdl\u00fc \u018f.-y\u0259 x\u0259sar\u0259t yetirib. Qeyd ed\u0259k ki, u\u015faqlar atas\u0131ndan ayr\u0131 ya\u015fay\u0131r. Qad\u0131n&hellip;","_links":{"self":[{"href":"https:\/\/arantv.az\/index.php?rest_route=\/wp\/v2\/posts\/89456"}],"collection":[{"href":"https:\/\/arantv.az\/index.php?rest_route=\/wp\/v2\/posts"}],"about":[{"href":"https:\/\/arantv.az\/index.php?rest_route=\/wp\/v2\/types\/post"}],"author":[{"embeddable":true,"href":"https:\/\/arantv.az\/index.php?rest_route=\/wp\/v2\/users\/2"}],"replies":[{"embeddable":true,"href":"https:\/\/arantv.az\/index.php?rest_route=%2Fwp%2Fv2%2Fcomments&post=89456"}],"version-history":[{"count":0,"href":"https:\/\/arantv.az\/index.php?rest_route=\/wp\/v2\/posts\/89456\/revisions"}],"wp:featuredmedia":[{"embeddable":true,"href":"https:\/\/arantv.az\/index.php?rest_route=\/wp\/v2\/media\/89457"}],"wp:attachment":[{"href":"https:\/\/arantv.az\/index.php?rest_route=%2Fwp%2Fv2%2Fmedia&parent=89456"}],"wp:term":[{"taxonomy":"category","embeddable":true,"href":"https:\/\/arantv.az\/index.php?rest_route=%2Fwp%2Fv2%2Fcategories&post=89456"},{"taxonomy":"post_tag","embeddable":true,"href":"https:\/\/arantv.az\/index.php?rest_route=%2Fwp%2Fv2%2Ftags&post=89456"}],"curies":[{"name":"wp","href":"https:\/\/api.w.org\/{rel}","templated":true}]}}