{"id":89460,"date":"2019-10-26T09:46:37","date_gmt":"2019-10-26T06:46:37","guid":{"rendered":"http:\/\/arantv.az\/?p=89460"},"modified":"2019-10-26T09:46:37","modified_gmt":"2019-10-26T06:46:37","slug":"yevgeni-mixaylov-qosulmama-h%c9%99r%c9%99katina-s%c9%99drlik-etm%c9%99kl%c9%99-az%c9%99rbaycan-dunya-siyas%c9%99tind%c9%99-muhum-yer-tutacaq","status":"publish","type":"post","link":"https:\/\/arantv.az\/?p=89460","title":{"rendered":"Yevgeni Mixaylov: &#8220;Qo\u015fulmama H\u0259r\u0259kat\u0131na s\u0259drlik etm\u0259kl\u0259 Az\u0259rbaycan d\u00fcnya siyas\u0259tind\u0259 m\u00fch\u00fcm yer tutacaq&#8221;"},"content":{"rendered":"<p>&#8220;Az\u0259rbaycan Qo\u015fulmama H\u0259r\u0259kat\u0131nda s\u0259drliyi bir ne\u00e7\u0259 illik q\u0259bul edib v\u0259 bu, d\u00fcnya siyas\u0259tind\u0259 m\u00fch\u00fcm hadis\u0259dir&#8221;.<\/p>\n<p><strong>ARANTV.AZ<\/strong> x\u0259b\u0259r verir ki, bunu\u00a0<a href=\"https:\/\/az.trend.az\/\" target=\"_blank\" rel=\"noopener\">Trend<\/a>-\u0259 rusiyal\u0131 ekspert v\u0259 teleapar\u0131c\u0131 Yevgeni Mixaylov deyib.<\/p>\n<p>O bildirib ki, Qo\u015fulmama H\u0259r\u0259kat\u0131 onlarla \u00f6lk\u0259 t\u0259r\u0259find\u0259n d\u0259st\u0259kl\u0259nir v\u0259 bu \u00f6lk\u0259l\u0259r aras\u0131nda Az\u0259rbaycan \u00f6z geosiyasi, iqtisadi t\u0259siri v\u0259 m\u00f6vqeyi il\u0259 \u0259laq\u0259dar x\u00fcsusi yer tutur:<\/p>\n<p>&#8220;Ayd\u0131nd\u0131r ki, Prezident \u0130lham \u018fliyevin s\u0259drliyi il\u0259 bu t\u0259dbirin ke\u00e7irilm\u0259si ilk n\u00f6vb\u0259d\u0259 t\u0259\u015fkilat\u0131n ruhuna sadiqliyi bax\u0131m\u0131ndan Az\u0259rbaycan\u0131n xidm\u0259tl\u0259rinin tan\u0131nmas\u0131n\u0131 g\u00f6st\u0259rir. Y\u0259ni, \u00f6lk\u0259 prinsipial m\u00f6vqe tutaraq dig\u0259r \u00f6lk\u0259l\u0259rl\u0259 h\u0259rbi bloklarda yer alm\u0131r v\u0259 bununla da tam m\u00fcst\u0259qil m\u00f6vqe s\u0259rgil\u0259yir. Az\u0259rbaycan kiminl\u0259 dostluq edib- etm\u0259y\u0259c\u0259yin\u0259 \u00f6z\u00fc q\u0259rar verir. Eyni zamanda, bu c\u00fcr m\u00fcst\u0259qil m\u00f6vqe b\u0259zi \u00f6lk\u0259l\u0259ri q\u0131c\u0131qland\u0131r\u0131r, b\u0259zi \u00f6lk\u0259l\u0259rd\u0259 is\u0259 h\u00f6rm\u0259t do\u011furur v\u0259 onlar ba\u015fa d\u00fc\u015f\u00fcrl\u0259r ki, bu \u00f6lk\u0259 il\u0259 b\u0259rab\u0259r s\u0259viyy\u0259d\u0259 dan\u0131\u015fmaq laz\u0131md\u0131r. Az\u0259rbaycan \u00f6z m\u00fcst\u0259qil siyas\u0259ti il\u0259 regionda v\u0259 d\u00fcnyada n\u00fcfuza v\u0259 h\u00f6rm\u0259t\u0259 malikdir. Bel\u0259 irimiqyasl\u0131 sammitin m\u0259hz Bak\u0131da ke\u00e7irilm\u0259si v\u0259 s\u0259drliyin d\u00f6rd il \u0259rzind\u0259 regionun apar\u0131c\u0131 d\u00f6vl\u0259tin\u0259 h\u0259val\u0259 edilm\u0259si bunun g\u00f6st\u0259ricisidir&#8221;.<\/p>\n<p>Qeyd ed\u0259k ki, Qo\u015fulmama H\u0259r\u0259kat\u0131n\u0131n XVIII Zirv\u0259 G\u00f6r\u00fc\u015f\u00fc \u00f6t\u0259n g\u00fcn Bak\u0131da \u00f6z i\u015fin\u0259 ba\u015flay\u0131b v\u0259 bu g\u00fcn davam edir. H\u0259r\u0259kata \u00fczv \u00f6lk\u0259l\u0259rin d\u00f6vl\u0259t v\u0259 h\u00f6kum\u0259t ba\u015f\u00e7\u0131lar\u0131n\u0131n d\u00fcn\u0259nki g\u00f6r\u00fc\u015f\u00fcnd\u0259 Qo\u015fulmama H\u0259r\u0259kat\u0131na s\u0259drlik Az\u0259rbaycana t\u0259hvil verilib.<\/p>\n<p>Bel\u0259likl\u0259, Az\u0259rbaycan Respublikas\u0131 2019-2022-ci ill\u0259rd\u0259 Qo\u015fulmama H\u0259r\u0259kat\u0131na s\u0259drlik ed\u0259c\u0259k.<\/p>\n<p>Qo\u015fulmama H\u0259r\u0259kat\u0131n\u0131n Bak\u0131da ke\u00e7iril\u0259n XVIII Zirv\u0259 G\u00f6r\u00fc\u015f\u00fcn\u0259, \u00fcmumilikd\u0259 60-a yax\u0131n \u00f6lk\u0259nin d\u00f6vl\u0259t v\u0259 h\u00f6kum\u0259t ba\u015f\u00e7\u0131s\u0131, h\u0259m\u00e7inin beyn\u0259lxalq t\u0259\u015fkilatlar\u0131n r\u0259hb\u0259rl\u0259ri qat\u0131l\u0131b.<\/p>\n","protected":false},"excerpt":{"rendered":"<p>&#8220;Az\u0259rbaycan Qo\u015fulmama H\u0259r\u0259kat\u0131nda s\u0259drliyi bir ne\u00e7\u0259 illik q\u0259bul edib v\u0259 bu, d\u00fcnya siyas\u0259tind\u0259 m\u00fch\u00fcm hadis\u0259dir&#8221;. ARANTV.AZ x\u0259b\u0259r verir ki, bunu\u00a0Trend-\u0259 rusiyal\u0131 ekspert v\u0259 teleapar\u0131c\u0131 Yevgeni Mixaylov deyib. O bildirib ki, Qo\u015fulmama H\u0259r\u0259kat\u0131 onlarla \u00f6lk\u0259 t\u0259r\u0259find\u0259n d\u0259st\u0259kl\u0259nir v\u0259 bu \u00f6lk\u0259l\u0259r aras\u0131nda Az\u0259rbaycan \u00f6z geosiyasi, iqtisadi t\u0259siri v\u0259 m\u00f6vqeyi il\u0259 \u0259laq\u0259dar x\u00fcsusi yer tutur: &#8220;Ayd\u0131nd\u0131r ki, Prezident \u0130lham \u018fliyevin s\u0259drliyi il\u0259 bu t\u0259dbirin ke\u00e7irilm\u0259si ilk n\u00f6vb\u0259d\u0259 t\u0259\u015fkilat\u0131n ruhuna sadiqliyi bax\u0131m\u0131ndan Az\u0259rbaycan\u0131n xidm\u0259tl\u0259rinin tan\u0131nmas\u0131n\u0131 g\u00f6st\u0259rir. Y\u0259ni, \u00f6lk\u0259 prinsipial m\u00f6vqe tutaraq dig\u0259r \u00f6lk\u0259l\u0259rl\u0259 h\u0259rbi bloklarda yer alm\u0131r v\u0259 bununla da tam m\u00fcst\u0259qil m\u00f6vqe s\u0259rgil\u0259yir.&hellip;<\/p>\n","protected":false},"author":2,"featured_media":89461,"comment_status":"closed","ping_status":"closed","sticky":false,"template":"","format":"standard","meta":{"om_disable_all_campaigns":false,"_monsterinsights_skip_tracking":false,"_monsterinsights_sitenote_active":false,"_monsterinsights_sitenote_note":"","_monsterinsights_sitenote_category":0},"categories":[4],"tags":[],"aioseo_notices":[],"gutentor_comment":0,"rttpg_featured_image_url":{"full":["https:\/\/arantv.az\/wp-content\/uploads\/2019\/10\/793647-1.jpg",800,600,false],"landscape":["https:\/\/arantv.az\/wp-content\/uploads\/2019\/10\/793647-1.jpg",800,600,false],"portraits":["https:\/\/arantv.az\/wp-content\/uploads\/2019\/10\/793647-1.jpg",800,600,false],"thumbnail":["https:\/\/arantv.az\/wp-content\/uploads\/2019\/10\/793647-1-150x150.jpg",150,150,true],"medium":["https:\/\/arantv.az\/wp-content\/uploads\/2019\/10\/793647-1-300x225.jpg",300,225,true],"large":["https:\/\/arantv.az\/wp-content\/uploads\/2019\/10\/793647-1.jpg",640,480,false],"1536x1536":["https:\/\/arantv.az\/wp-content\/uploads\/2019\/10\/793647-1.jpg",800,600,false],"2048x2048":["https:\/\/arantv.az\/wp-content\/uploads\/2019\/10\/793647-1.jpg",800,600,false],"post-thumbnail":["https:\/\/arantv.az\/wp-content\/uploads\/2019\/10\/793647-1-240x172.jpg",240,172,true],"advps-thumb-one":["https:\/\/arantv.az\/wp-content\/uploads\/2019\/10\/793647-1.jpg",800,600,false]},"rttpg_author":{"display_name":"V\u00fcsal Rafiqo\u011flu","author_link":"https:\/\/arantv.az\/?author=2"},"rttpg_comment":0,"rttpg_category":"<a href=\"https:\/\/arantv.az\/?cat=4\" rel=\"category\">Siyas\u0259t<\/a>","rttpg_excerpt":"&#8220;Az\u0259rbaycan Qo\u015fulmama H\u0259r\u0259kat\u0131nda s\u0259drliyi bir ne\u00e7\u0259 illik q\u0259bul edib v\u0259 bu, d\u00fcnya siyas\u0259tind\u0259 m\u00fch\u00fcm hadis\u0259dir&#8221;. ARANTV.AZ x\u0259b\u0259r verir ki, bunu\u00a0Trend-\u0259 rusiyal\u0131 ekspert v\u0259 teleapar\u0131c\u0131 Yevgeni Mixaylov deyib. O bildirib ki, Qo\u015fulmama H\u0259r\u0259kat\u0131 onlarla \u00f6lk\u0259 t\u0259r\u0259find\u0259n d\u0259st\u0259kl\u0259nir v\u0259 bu \u00f6lk\u0259l\u0259r aras\u0131nda Az\u0259rbaycan \u00f6z geosiyasi, iqtisadi t\u0259siri v\u0259 m\u00f6vqeyi il\u0259 \u0259laq\u0259dar x\u00fcsusi yer tutur: &#8220;Ayd\u0131nd\u0131r ki, Prezident&hellip;","_links":{"self":[{"href":"https:\/\/arantv.az\/index.php?rest_route=\/wp\/v2\/posts\/89460"}],"collection":[{"href":"https:\/\/arantv.az\/index.php?rest_route=\/wp\/v2\/posts"}],"about":[{"href":"https:\/\/arantv.az\/index.php?rest_route=\/wp\/v2\/types\/post"}],"author":[{"embeddable":true,"href":"https:\/\/arantv.az\/index.php?rest_route=\/wp\/v2\/users\/2"}],"replies":[{"embeddable":true,"href":"https:\/\/arantv.az\/index.php?rest_route=%2Fwp%2Fv2%2Fcomments&post=89460"}],"version-history":[{"count":0,"href":"https:\/\/arantv.az\/index.php?rest_route=\/wp\/v2\/posts\/89460\/revisions"}],"wp:featuredmedia":[{"embeddable":true,"href":"https:\/\/arantv.az\/index.php?rest_route=\/wp\/v2\/media\/89461"}],"wp:attachment":[{"href":"https:\/\/arantv.az\/index.php?rest_route=%2Fwp%2Fv2%2Fmedia&parent=89460"}],"wp:term":[{"taxonomy":"category","embeddable":true,"href":"https:\/\/arantv.az\/index.php?rest_route=%2Fwp%2Fv2%2Fcategories&post=89460"},{"taxonomy":"post_tag","embeddable":true,"href":"https:\/\/arantv.az\/index.php?rest_route=%2Fwp%2Fv2%2Ftags&post=89460"}],"curies":[{"name":"wp","href":"https:\/\/api.w.org\/{rel}","templated":true}]}}