{"id":89472,"date":"2019-10-26T09:49:20","date_gmt":"2019-10-26T06:49:20","guid":{"rendered":"http:\/\/arantv.az\/?p=89472"},"modified":"2019-10-26T09:49:20","modified_gmt":"2019-10-26T06:49:20","slug":"bakida-qadin-26-yasli-oglani-bicaqladi","status":"publish","type":"post","link":"https:\/\/arantv.az\/?p=89472","title":{"rendered":"Bak\u0131da qad\u0131n 26 ya\u015fl\u0131 o\u011flan\u0131 BI\u00c7AQLADI"},"content":{"rendered":"<p>Bak\u0131n\u0131n X\u0259tai rayonunda b\u0131\u00e7aqlanma hadis\u0259si ba\u015f verib.<\/p>\n<p><b>ARANTV.AZ\u00a0<\/b>\u00a0<a href=\"https:\/\/big.az\/\">BiG.AZ<\/a>-a istinad\u0259n x\u0259b\u0259r verir ki, hadis\u0259 \u018fhm\u0259dli q\u0259s\u0259b\u0259sind\u0259 qeyd\u0259 al\u0131n\u0131b.<\/p>\n<div id=\"AdviadNativeVideo0\" class=\"AdviadNativeVideo\"><\/div>\n<p>Bel\u0259 ki, N\u0259sr\u0259ddin Tusi k\u00fc\u00e7\u0259sind\u0259 1993-c\u00fc il t\u0259v\u0259ll\u00fcdl\u00fc Binn\u0259tov K\u0259nan Cavan\u015fir o\u011flu orta ya\u015fl\u0131 qad\u0131n t\u0259r\u0259find\u0259n b\u0131\u00e7aqlan\u0131b. Yaral\u0131 a\u011f\u0131r v\u0259ziyy\u0259td\u0259 x\u0259st\u0259xanaya \u00e7atd\u0131r\u0131laraq c\u0259rrahi \u0259m\u0259liyyat edilib. Ona qar\u0131n bo\u015flu\u011funun k\u0259silmi\u015f-de\u015filmi\u015f yaras\u0131 diaqnozu qoyulub. V\u0259ziyy\u0259ti orta-a\u011f\u0131r qiym\u0259tl\u0259ndirilir.<\/p>\n<p>X\u0259tai Rayon Polis \u0130dar\u0259sinin 35-ci Polis B\u00f6lm\u0259sinin \u0259m\u0259kda\u015flar\u0131 hadis\u0259ni t\u00f6r\u0259d\u0259n qad\u0131n\u0131 saxlay\u0131b. Faktla ba\u011fl\u0131 ara\u015fd\u0131rma apar\u0131l\u0131r.<\/p>\n","protected":false},"excerpt":{"rendered":"<p>Bak\u0131n\u0131n X\u0259tai rayonunda b\u0131\u00e7aqlanma hadis\u0259si ba\u015f verib. ARANTV.AZ\u00a0\u00a0BiG.AZ-a istinad\u0259n x\u0259b\u0259r verir ki, hadis\u0259 \u018fhm\u0259dli q\u0259s\u0259b\u0259sind\u0259 qeyd\u0259 al\u0131n\u0131b. Bel\u0259 ki, N\u0259sr\u0259ddin Tusi k\u00fc\u00e7\u0259sind\u0259 1993-c\u00fc il t\u0259v\u0259ll\u00fcdl\u00fc Binn\u0259tov K\u0259nan Cavan\u015fir o\u011flu orta ya\u015fl\u0131 qad\u0131n t\u0259r\u0259find\u0259n b\u0131\u00e7aqlan\u0131b. Yaral\u0131 a\u011f\u0131r v\u0259ziyy\u0259td\u0259 x\u0259st\u0259xanaya \u00e7atd\u0131r\u0131laraq c\u0259rrahi \u0259m\u0259liyyat edilib. Ona qar\u0131n bo\u015flu\u011funun k\u0259silmi\u015f-de\u015filmi\u015f yaras\u0131 diaqnozu qoyulub. V\u0259ziyy\u0259ti orta-a\u011f\u0131r qiym\u0259tl\u0259ndirilir. X\u0259tai Rayon Polis \u0130dar\u0259sinin 35-ci Polis B\u00f6lm\u0259sinin \u0259m\u0259kda\u015flar\u0131 hadis\u0259ni t\u00f6r\u0259d\u0259n qad\u0131n\u0131 saxlay\u0131b. Faktla ba\u011fl\u0131 ara\u015fd\u0131rma apar\u0131l\u0131r.<\/p>\n","protected":false},"author":2,"featured_media":89473,"comment_status":"closed","ping_status":"closed","sticky":false,"template":"","format":"standard","meta":{"om_disable_all_campaigns":false,"_monsterinsights_skip_tracking":false,"_monsterinsights_sitenote_active":false,"_monsterinsights_sitenote_note":"","_monsterinsights_sitenote_category":0},"categories":[3],"tags":[],"aioseo_notices":[],"gutentor_comment":0,"rttpg_featured_image_url":{"full":["https:\/\/arantv.az\/wp-content\/uploads\/2019\/10\/1572067950.download.jpg",549,366,false],"landscape":["https:\/\/arantv.az\/wp-content\/uploads\/2019\/10\/1572067950.download.jpg",549,366,false],"portraits":["https:\/\/arantv.az\/wp-content\/uploads\/2019\/10\/1572067950.download.jpg",549,366,false],"thumbnail":["https:\/\/arantv.az\/wp-content\/uploads\/2019\/10\/1572067950.download-150x150.jpg",150,150,true],"medium":["https:\/\/arantv.az\/wp-content\/uploads\/2019\/10\/1572067950.download-300x200.jpg",300,200,true],"large":["https:\/\/arantv.az\/wp-content\/uploads\/2019\/10\/1572067950.download.jpg",549,366,false],"1536x1536":["https:\/\/arantv.az\/wp-content\/uploads\/2019\/10\/1572067950.download.jpg",549,366,false],"2048x2048":["https:\/\/arantv.az\/wp-content\/uploads\/2019\/10\/1572067950.download.jpg",549,366,false],"post-thumbnail":["https:\/\/arantv.az\/wp-content\/uploads\/2019\/10\/1572067950.download-240x172.jpg",240,172,true],"advps-thumb-one":["https:\/\/arantv.az\/wp-content\/uploads\/2019\/10\/1572067950.download.jpg",549,366,false]},"rttpg_author":{"display_name":"V\u00fcsal Rafiqo\u011flu","author_link":"https:\/\/arantv.az\/?author=2"},"rttpg_comment":0,"rttpg_category":"<a href=\"https:\/\/arantv.az\/?cat=3\" rel=\"category\">Kriminal<\/a>","rttpg_excerpt":"Bak\u0131n\u0131n X\u0259tai rayonunda b\u0131\u00e7aqlanma hadis\u0259si ba\u015f verib. ARANTV.AZ\u00a0\u00a0BiG.AZ-a istinad\u0259n x\u0259b\u0259r verir ki, hadis\u0259 \u018fhm\u0259dli q\u0259s\u0259b\u0259sind\u0259 qeyd\u0259 al\u0131n\u0131b. Bel\u0259 ki, N\u0259sr\u0259ddin Tusi k\u00fc\u00e7\u0259sind\u0259 1993-c\u00fc il t\u0259v\u0259ll\u00fcdl\u00fc Binn\u0259tov K\u0259nan Cavan\u015fir o\u011flu orta ya\u015fl\u0131 qad\u0131n t\u0259r\u0259find\u0259n b\u0131\u00e7aqlan\u0131b. Yaral\u0131 a\u011f\u0131r v\u0259ziyy\u0259td\u0259 x\u0259st\u0259xanaya \u00e7atd\u0131r\u0131laraq c\u0259rrahi \u0259m\u0259liyyat edilib. Ona qar\u0131n bo\u015flu\u011funun k\u0259silmi\u015f-de\u015filmi\u015f yaras\u0131 diaqnozu qoyulub. V\u0259ziyy\u0259ti orta-a\u011f\u0131r qiym\u0259tl\u0259ndirilir. X\u0259tai Rayon Polis&hellip;","_links":{"self":[{"href":"https:\/\/arantv.az\/index.php?rest_route=\/wp\/v2\/posts\/89472"}],"collection":[{"href":"https:\/\/arantv.az\/index.php?rest_route=\/wp\/v2\/posts"}],"about":[{"href":"https:\/\/arantv.az\/index.php?rest_route=\/wp\/v2\/types\/post"}],"author":[{"embeddable":true,"href":"https:\/\/arantv.az\/index.php?rest_route=\/wp\/v2\/users\/2"}],"replies":[{"embeddable":true,"href":"https:\/\/arantv.az\/index.php?rest_route=%2Fwp%2Fv2%2Fcomments&post=89472"}],"version-history":[{"count":0,"href":"https:\/\/arantv.az\/index.php?rest_route=\/wp\/v2\/posts\/89472\/revisions"}],"wp:featuredmedia":[{"embeddable":true,"href":"https:\/\/arantv.az\/index.php?rest_route=\/wp\/v2\/media\/89473"}],"wp:attachment":[{"href":"https:\/\/arantv.az\/index.php?rest_route=%2Fwp%2Fv2%2Fmedia&parent=89472"}],"wp:term":[{"taxonomy":"category","embeddable":true,"href":"https:\/\/arantv.az\/index.php?rest_route=%2Fwp%2Fv2%2Fcategories&post=89472"},{"taxonomy":"post_tag","embeddable":true,"href":"https:\/\/arantv.az\/index.php?rest_route=%2Fwp%2Fv2%2Ftags&post=89472"}],"curies":[{"name":"wp","href":"https:\/\/api.w.org\/{rel}","templated":true}]}}