{"id":89476,"date":"2019-10-26T09:50:29","date_gmt":"2019-10-26T06:50:29","guid":{"rendered":"http:\/\/arantv.az\/?p=89476"},"modified":"2019-10-26T09:50:29","modified_gmt":"2019-10-26T06:50:29","slug":"64-yasli-ananin-%c9%99kiz-korp%c9%99l%c9%99rin%c9%99-ilham-v%c9%99-mehriban-adi-qoyuldu-fotolar","status":"publish","type":"post","link":"https:\/\/arantv.az\/?p=89476","title":{"rendered":"64 ya\u015fl\u0131 anan\u0131n \u0259kiz k\u00f6rp\u0259l\u0259rin\u0259 \u0130lham v\u0259 Mehriban ad\u0131 qoyuldu &#8211; FOTOLAR"},"content":{"rendered":"<p>Az\u0259rbaycanda 64 ya\u015f\u0131nda ana olan qad\u0131n\u0131n d\u00fcnyaya g\u0259tirdiyi \u0259kiz u\u015faqlarla ba\u011fl\u0131 yeni x\u0259b\u0259r var.<\/p>\n<p><b>ARANTV.AZ\u00a0<\/b>\u00a0<a href=\"https:\/\/big.az\/\">Big.az<\/a>-a istinad\u0259n x\u0259b\u0259r verir ki, k\u00f6rp\u0259l\u0259rin 64 ya\u015fl\u0131 anas\u0131 v\u0259 70 ya\u015fl\u0131 atas\u0131 art\u0131q u\u015faqlara ad veribl\u0259r. Bel\u0259 ki, ail\u0259nin yax\u0131nlar\u0131n\u0131n sayt\u0131m\u0131za bildirdiyin\u0259 g\u00f6r\u0259, biri o\u011flan, dig\u0259ri q\u0131z olan k\u00f6rp\u0259l\u0259r\u0259 \u0130lham v\u0259 Mehriban adlar\u0131 qoyulub. Ya\u015fl\u0131 valideynl\u0259r \u0259kiz k\u00f6rp\u0259l\u0259ri Az\u0259rbaycan Prezidenti v\u0259 onun xan\u0131m\u0131n\u0131n \u015f\u0259r\u0259fin\u0259 adland\u0131rd\u0131qlar\u0131n\u0131 bildiribl\u0259r.<\/p>\n<div id=\"AdviadNativeVideo0\" class=\"AdviadNativeVideo\"><\/div>\n<p>Qeyd ed\u0259k ki, 64 ya\u015fl\u0131 az\u0259rbaycanl\u0131 qad\u0131n\u0131n ana olmas\u0131 v\u0259 \u0259kiz u\u015faq d\u00fcnyaya g\u0259tirm\u0259si bir ne\u00e7\u0259 g\u00fcnd\u00fcr t\u0259kc\u0259 yerli median\u0131n deyil, xarici m\u0259tbuat\u0131n da diqq\u0259tini \u00e7\u0259kib. Bir s\u0131ra xarici K\u0130V-l\u0259r d\u0259 d\u0259 bu olayla ba\u011fl\u0131 materiallar yay\u0131mlan\u0131b.<\/p>\n<p>Bu hadis\u0259d\u0259n sonra d\u00fcnyada 64 ya\u015f\u0131nda \u00f6vlad\u0131 do\u011fulan analar\u0131n say\u0131 6-ya \u00e7at\u0131b. Az\u0259rbaycanl\u0131 qad\u0131n bununla h\u0259m d\u0259 MDB m\u0259kan\u0131nda bir ilk\u0259 imza at\u0131b. Onun \u0259rinin 70 ya\u015f\u0131 var.<\/p>\n<p>64 ya\u015fl\u0131 qad\u0131n \u0259rd\u0259 oldu\u011fu 40 il m\u00fcdd\u0259tind\u0259 ana ola bilm\u0259yib. O, \u0259kiz \u00f6vladlar\u0131na s\u00fcni mayalanma il\u0259 hamil\u0259 qal\u0131b v\u0259 u\u015faqlar\u0131 qeys\u0259riyy\u0259 \u0259m\u0259liyyat\u0131 il\u0259 d\u00fcnyaya g\u0259tirib.<\/p>\n","protected":false},"excerpt":{"rendered":"<p>Az\u0259rbaycanda 64 ya\u015f\u0131nda ana olan qad\u0131n\u0131n d\u00fcnyaya g\u0259tirdiyi \u0259kiz u\u015faqlarla ba\u011fl\u0131 yeni x\u0259b\u0259r var. ARANTV.AZ\u00a0\u00a0Big.az-a istinad\u0259n x\u0259b\u0259r verir ki, k\u00f6rp\u0259l\u0259rin 64 ya\u015fl\u0131 anas\u0131 v\u0259 70 ya\u015fl\u0131 atas\u0131 art\u0131q u\u015faqlara ad veribl\u0259r. Bel\u0259 ki, ail\u0259nin yax\u0131nlar\u0131n\u0131n sayt\u0131m\u0131za bildirdiyin\u0259 g\u00f6r\u0259, biri o\u011flan, dig\u0259ri q\u0131z olan k\u00f6rp\u0259l\u0259r\u0259 \u0130lham v\u0259 Mehriban adlar\u0131 qoyulub. Ya\u015fl\u0131 valideynl\u0259r \u0259kiz k\u00f6rp\u0259l\u0259ri Az\u0259rbaycan Prezidenti v\u0259 onun xan\u0131m\u0131n\u0131n \u015f\u0259r\u0259fin\u0259 adland\u0131rd\u0131qlar\u0131n\u0131 bildiribl\u0259r. Qeyd ed\u0259k ki, 64 ya\u015fl\u0131 az\u0259rbaycanl\u0131 qad\u0131n\u0131n ana olmas\u0131 v\u0259 \u0259kiz u\u015faq d\u00fcnyaya g\u0259tirm\u0259si bir ne\u00e7\u0259 g\u00fcnd\u00fcr t\u0259kc\u0259 yerli median\u0131n deyil, xarici m\u0259tbuat\u0131n da diqq\u0259tini \u00e7\u0259kib. Bir s\u0131ra xarici&hellip;<\/p>\n","protected":false},"author":2,"featured_media":89477,"comment_status":"closed","ping_status":"closed","sticky":false,"template":"","format":"standard","meta":{"om_disable_all_campaigns":false,"_monsterinsights_skip_tracking":false,"_monsterinsights_sitenote_active":false,"_monsterinsights_sitenote_note":"","_monsterinsights_sitenote_category":0},"categories":[1],"tags":[],"aioseo_notices":[],"gutentor_comment":0,"rttpg_featured_image_url":{"full":["https:\/\/arantv.az\/wp-content\/uploads\/2019\/10\/modern.az_1571912895_befunky-collage-6_4.jpg",550,351,false],"landscape":["https:\/\/arantv.az\/wp-content\/uploads\/2019\/10\/modern.az_1571912895_befunky-collage-6_4.jpg",550,351,false],"portraits":["https:\/\/arantv.az\/wp-content\/uploads\/2019\/10\/modern.az_1571912895_befunky-collage-6_4.jpg",550,351,false],"thumbnail":["https:\/\/arantv.az\/wp-content\/uploads\/2019\/10\/modern.az_1571912895_befunky-collage-6_4-150x150.jpg",150,150,true],"medium":["https:\/\/arantv.az\/wp-content\/uploads\/2019\/10\/modern.az_1571912895_befunky-collage-6_4-300x191.jpg",300,191,true],"large":["https:\/\/arantv.az\/wp-content\/uploads\/2019\/10\/modern.az_1571912895_befunky-collage-6_4.jpg",550,351,false],"1536x1536":["https:\/\/arantv.az\/wp-content\/uploads\/2019\/10\/modern.az_1571912895_befunky-collage-6_4.jpg",550,351,false],"2048x2048":["https:\/\/arantv.az\/wp-content\/uploads\/2019\/10\/modern.az_1571912895_befunky-collage-6_4.jpg",550,351,false],"post-thumbnail":["https:\/\/arantv.az\/wp-content\/uploads\/2019\/10\/modern.az_1571912895_befunky-collage-6_4-240x172.jpg",240,172,true],"advps-thumb-one":["https:\/\/arantv.az\/wp-content\/uploads\/2019\/10\/modern.az_1571912895_befunky-collage-6_4.jpg",550,351,false]},"rttpg_author":{"display_name":"V\u00fcsal Rafiqo\u011flu","author_link":"https:\/\/arantv.az\/?author=2"},"rttpg_comment":0,"rttpg_category":"<a href=\"https:\/\/arantv.az\/?cat=1\" rel=\"category\">C\u0259miyy\u0259t<\/a>","rttpg_excerpt":"Az\u0259rbaycanda 64 ya\u015f\u0131nda ana olan qad\u0131n\u0131n d\u00fcnyaya g\u0259tirdiyi \u0259kiz u\u015faqlarla ba\u011fl\u0131 yeni x\u0259b\u0259r var. ARANTV.AZ\u00a0\u00a0Big.az-a istinad\u0259n x\u0259b\u0259r verir ki, k\u00f6rp\u0259l\u0259rin 64 ya\u015fl\u0131 anas\u0131 v\u0259 70 ya\u015fl\u0131 atas\u0131 art\u0131q u\u015faqlara ad veribl\u0259r. Bel\u0259 ki, ail\u0259nin yax\u0131nlar\u0131n\u0131n sayt\u0131m\u0131za bildirdiyin\u0259 g\u00f6r\u0259, biri o\u011flan, dig\u0259ri q\u0131z olan k\u00f6rp\u0259l\u0259r\u0259 \u0130lham v\u0259 Mehriban adlar\u0131 qoyulub. Ya\u015fl\u0131 valideynl\u0259r \u0259kiz k\u00f6rp\u0259l\u0259ri Az\u0259rbaycan Prezidenti&hellip;","_links":{"self":[{"href":"https:\/\/arantv.az\/index.php?rest_route=\/wp\/v2\/posts\/89476"}],"collection":[{"href":"https:\/\/arantv.az\/index.php?rest_route=\/wp\/v2\/posts"}],"about":[{"href":"https:\/\/arantv.az\/index.php?rest_route=\/wp\/v2\/types\/post"}],"author":[{"embeddable":true,"href":"https:\/\/arantv.az\/index.php?rest_route=\/wp\/v2\/users\/2"}],"replies":[{"embeddable":true,"href":"https:\/\/arantv.az\/index.php?rest_route=%2Fwp%2Fv2%2Fcomments&post=89476"}],"version-history":[{"count":0,"href":"https:\/\/arantv.az\/index.php?rest_route=\/wp\/v2\/posts\/89476\/revisions"}],"wp:featuredmedia":[{"embeddable":true,"href":"https:\/\/arantv.az\/index.php?rest_route=\/wp\/v2\/media\/89477"}],"wp:attachment":[{"href":"https:\/\/arantv.az\/index.php?rest_route=%2Fwp%2Fv2%2Fmedia&parent=89476"}],"wp:term":[{"taxonomy":"category","embeddable":true,"href":"https:\/\/arantv.az\/index.php?rest_route=%2Fwp%2Fv2%2Fcategories&post=89476"},{"taxonomy":"post_tag","embeddable":true,"href":"https:\/\/arantv.az\/index.php?rest_route=%2Fwp%2Fv2%2Ftags&post=89476"}],"curies":[{"name":"wp","href":"https:\/\/api.w.org\/{rel}","templated":true}]}}