{"id":89496,"date":"2019-10-26T10:13:07","date_gmt":"2019-10-26T07:13:07","guid":{"rendered":"http:\/\/arantv.az\/?p=89496"},"modified":"2019-10-26T10:13:07","modified_gmt":"2019-10-26T07:13:07","slug":"lord-aslanov-ilk-d%c9%99f%c9%99-dunya-cempionu-oldu-foto-video","status":"publish","type":"post","link":"https:\/\/arantv.az\/?p=89496","title":{"rendered":"\u201cLord\u201d Aslanov ilk d\u0259f\u0259 d\u00fcnya \u00e7empionu oldu &#8211; FOTO\/V\u0130DEO"},"content":{"rendered":"<p>Bosniya v\u0259 Herseqovinan\u0131n paytaxt\u0131 Sarayevoda ke\u00e7iril\u0259n kikboksinq \u00fczr\u0259 d\u00fcnya \u00e7empionat\u0131nda ilk d\u0259f\u0259 Ramal Aslanov q\u0131z\u0131l medal qazan\u0131b.<\/p>\n<p><strong>ARANTV.AZ<\/strong>-\u0131n x\u0259b\u0259rin\u0259 g\u00f6r\u0259, buna q\u0259d\u0259r \u00fc\u00e7 d\u0259f\u0259 d\u00fcnya v\u0259 iki d\u0259f\u0259 Avropa ikincisi olmu\u015f \u201cLord\u201d l\u0259q\u0259bli idman\u00e7\u0131m\u0131z \u015feytan\u0131n q\u0131\u00e7\u0131n\u0131 bu d\u0259f\u0259 q\u0131rma\u011f\u0131 bacar\u0131b.<\/p>\n<p>Kikboksinq millimizin kapitan\u0131 finalda serbiyal\u0131 Milo\u015f Kelyanovi\u00e7\u0259 qalib g\u0259l\u0259r\u0259k ilk d\u0259f\u0259 d\u00fcnya \u00e7empionu olub.<\/p>\n<div id=\"AdviadNativeVideo0\" class=\"AdviadNativeVideo\"><\/div>\n<div><iframe loading=\"lazy\" src=\"https:\/\/player.baku.tv\/embed\/10810\" width=\"560\" height=\"315\" frameborder=\"0\" allowfullscreen=\"allowfullscreen\" data-mce-fragment=\"1\"><\/iframe><\/div>\n<div class=\"gallery\">\n<div class=\"gallery-i\"><img src=\"https:\/\/assets.oxu.az\/uploads\/W1siZiIsIjIwMTkvMTAvMjYvMTAvNDYvNTEvM2E1Yjg3ODMtMWY1ZS00MWE4LWE3NTktZjI5NGRiNjk1ZDQ4L3JhbWFsMi5qcGciXSxbInAiLCJlbmNvZGUiLCJqcGciLCItcXVhbGl0eSA4MCJdLFsicCIsInRodW1iIiwiNTkweDU5MFx1MDAzZSJdXQ?sha=91050d58318f8abd\" alt=\"\" \/><\/p>\n<div class=\"gallery-i-caption\"><\/div>\n<\/div>\n<div class=\"gallery-i\"><img src=\"https:\/\/assets.oxu.az\/uploads\/W1siZiIsIjIwMTkvMTAvMjYvMTAvNDYvNTIvYmNiMDljMmItMzllNy00YzZiLTk4MTEtOWNmYzY1NTI4OGIwL3JhbWFsMS5qcGciXSxbInAiLCJlbmNvZGUiLCJqcGciLCItcXVhbGl0eSA4MCJdLFsicCIsInRodW1iIiwiNTkweDU5MFx1MDAzZSJdXQ?sha=0ae1110ab6067bcd\" alt=\"\" \/><\/p>\n<div class=\"gallery-i-caption\"><\/div>\n<\/div>\n<div class=\"gallery-i\"><img src=\"https:\/\/assets.oxu.az\/uploads\/W1siZiIsIjIwMTkvMTAvMjYvMTAvNDYvNTEvYjFiNGNlZmMtYmI5Mi00ODJkLWI3YmItOTRmN2IwMTI0YjRlL3JhbWFsLmpwZyJdLFsicCIsImVuY29kZSIsImpwZyIsIi1xdWFsaXR5IDgwIl0sWyJwIiwidGh1bWIiLCI1OTB4NTkwXHUwMDNlIl1d?sha=07495dae9016180d\" alt=\"\" \/><\/p>\n<div class=\"gallery-i-caption\"><\/div>\n<\/div>\n<div class=\"gallery-i\"><img src=\"https:\/\/assets.oxu.az\/uploads\/W1siZiIsIjIwMTkvMTAvMjYvMTAvNDYvNTEvNDMyNjE2ZjctZmU1Yi00MTJhLWE0YTctZDZkZGVjNzc4OTUzL3JhbWFsNC5qcGciXSxbInAiLCJlbmNvZGUiLCJqcGciLCItcXVhbGl0eSA4MCJdLFsicCIsInRodW1iIiwiNTkweDU5MFx1MDAzZSJdXQ?sha=ab207fb18dc69f04\" alt=\"\" \/><\/p>\n<div class=\"gallery-i-caption\"><\/div>\n<\/div>\n<div class=\"gallery-i\"><img src=\"https:\/\/assets.oxu.az\/uploads\/W1siZiIsIjIwMTkvMTAvMjYvMTAvNDYvNTEvZWQ0NTA5MmQtNTAyNC00NjUyLTgwNmMtYTM2ZGNjYmQ3YTBlL3JhbWFsMy5qcGciXSxbInAiLCJlbmNvZGUiLCJqcGciLCItcXVhbGl0eSA4MCJdLFsicCIsInRodW1iIiwiNTkweDU5MFx1MDAzZSJdXQ?sha=547bee4f4d246bb3\" alt=\"\" \/><\/p>\n<div class=\"gallery-i-caption\"><\/div>\n<\/div>\n<\/div>\n<p>Qeyd ed\u0259k ki, bu g\u00fcn daha \u00fc\u00e7 idman\u00e7\u0131m\u0131z final g\u00f6r\u00fc\u015f\u00fcn\u0259 \u00e7\u0131xacaq.oxu.az<\/p>\n","protected":false},"excerpt":{"rendered":"<p>Bosniya v\u0259 Herseqovinan\u0131n paytaxt\u0131 Sarayevoda ke\u00e7iril\u0259n kikboksinq \u00fczr\u0259 d\u00fcnya \u00e7empionat\u0131nda ilk d\u0259f\u0259 Ramal Aslanov q\u0131z\u0131l medal qazan\u0131b. ARANTV.AZ-\u0131n x\u0259b\u0259rin\u0259 g\u00f6r\u0259, buna q\u0259d\u0259r \u00fc\u00e7 d\u0259f\u0259 d\u00fcnya v\u0259 iki d\u0259f\u0259 Avropa ikincisi olmu\u015f \u201cLord\u201d l\u0259q\u0259bli idman\u00e7\u0131m\u0131z \u015feytan\u0131n q\u0131\u00e7\u0131n\u0131 bu d\u0259f\u0259 q\u0131rma\u011f\u0131 bacar\u0131b. Kikboksinq millimizin kapitan\u0131 finalda serbiyal\u0131 Milo\u015f Kelyanovi\u00e7\u0259 qalib g\u0259l\u0259r\u0259k ilk d\u0259f\u0259 d\u00fcnya \u00e7empionu olub. Qeyd ed\u0259k ki, bu g\u00fcn daha \u00fc\u00e7 idman\u00e7\u0131m\u0131z final g\u00f6r\u00fc\u015f\u00fcn\u0259 \u00e7\u0131xacaq.oxu.az<\/p>\n","protected":false},"author":2,"featured_media":89497,"comment_status":"closed","ping_status":"closed","sticky":false,"template":"","format":"standard","meta":{"om_disable_all_campaigns":false,"_monsterinsights_skip_tracking":false,"_monsterinsights_sitenote_active":false,"_monsterinsights_sitenote_note":"","_monsterinsights_sitenote_category":0},"categories":[6],"tags":[],"aioseo_notices":[],"gutentor_comment":0,"rttpg_featured_image_url":{"full":["https:\/\/arantv.az\/wp-content\/uploads\/2019\/10\/ramal3.jpg",620,465,false],"landscape":["https:\/\/arantv.az\/wp-content\/uploads\/2019\/10\/ramal3.jpg",620,465,false],"portraits":["https:\/\/arantv.az\/wp-content\/uploads\/2019\/10\/ramal3.jpg",620,465,false],"thumbnail":["https:\/\/arantv.az\/wp-content\/uploads\/2019\/10\/ramal3-150x150.jpg",150,150,true],"medium":["https:\/\/arantv.az\/wp-content\/uploads\/2019\/10\/ramal3-300x225.jpg",300,225,true],"large":["https:\/\/arantv.az\/wp-content\/uploads\/2019\/10\/ramal3.jpg",620,465,false],"1536x1536":["https:\/\/arantv.az\/wp-content\/uploads\/2019\/10\/ramal3.jpg",620,465,false],"2048x2048":["https:\/\/arantv.az\/wp-content\/uploads\/2019\/10\/ramal3.jpg",620,465,false],"post-thumbnail":["https:\/\/arantv.az\/wp-content\/uploads\/2019\/10\/ramal3-240x172.jpg",240,172,true],"advps-thumb-one":["https:\/\/arantv.az\/wp-content\/uploads\/2019\/10\/ramal3.jpg",620,465,false]},"rttpg_author":{"display_name":"V\u00fcsal Rafiqo\u011flu","author_link":"https:\/\/arantv.az\/?author=2"},"rttpg_comment":0,"rttpg_category":"<a href=\"https:\/\/arantv.az\/?cat=6\" rel=\"category\">\u0130dman<\/a>","rttpg_excerpt":"Bosniya v\u0259 Herseqovinan\u0131n paytaxt\u0131 Sarayevoda ke\u00e7iril\u0259n kikboksinq \u00fczr\u0259 d\u00fcnya \u00e7empionat\u0131nda ilk d\u0259f\u0259 Ramal Aslanov q\u0131z\u0131l medal qazan\u0131b. ARANTV.AZ-\u0131n x\u0259b\u0259rin\u0259 g\u00f6r\u0259, buna q\u0259d\u0259r \u00fc\u00e7 d\u0259f\u0259 d\u00fcnya v\u0259 iki d\u0259f\u0259 Avropa ikincisi olmu\u015f \u201cLord\u201d l\u0259q\u0259bli idman\u00e7\u0131m\u0131z \u015feytan\u0131n q\u0131\u00e7\u0131n\u0131 bu d\u0259f\u0259 q\u0131rma\u011f\u0131 bacar\u0131b. Kikboksinq millimizin kapitan\u0131 finalda serbiyal\u0131 Milo\u015f Kelyanovi\u00e7\u0259 qalib g\u0259l\u0259r\u0259k ilk d\u0259f\u0259 d\u00fcnya \u00e7empionu olub. Qeyd&hellip;","_links":{"self":[{"href":"https:\/\/arantv.az\/index.php?rest_route=\/wp\/v2\/posts\/89496"}],"collection":[{"href":"https:\/\/arantv.az\/index.php?rest_route=\/wp\/v2\/posts"}],"about":[{"href":"https:\/\/arantv.az\/index.php?rest_route=\/wp\/v2\/types\/post"}],"author":[{"embeddable":true,"href":"https:\/\/arantv.az\/index.php?rest_route=\/wp\/v2\/users\/2"}],"replies":[{"embeddable":true,"href":"https:\/\/arantv.az\/index.php?rest_route=%2Fwp%2Fv2%2Fcomments&post=89496"}],"version-history":[{"count":0,"href":"https:\/\/arantv.az\/index.php?rest_route=\/wp\/v2\/posts\/89496\/revisions"}],"wp:featuredmedia":[{"embeddable":true,"href":"https:\/\/arantv.az\/index.php?rest_route=\/wp\/v2\/media\/89497"}],"wp:attachment":[{"href":"https:\/\/arantv.az\/index.php?rest_route=%2Fwp%2Fv2%2Fmedia&parent=89496"}],"wp:term":[{"taxonomy":"category","embeddable":true,"href":"https:\/\/arantv.az\/index.php?rest_route=%2Fwp%2Fv2%2Fcategories&post=89496"},{"taxonomy":"post_tag","embeddable":true,"href":"https:\/\/arantv.az\/index.php?rest_route=%2Fwp%2Fv2%2Ftags&post=89496"}],"curies":[{"name":"wp","href":"https:\/\/api.w.org\/{rel}","templated":true}]}}