{"id":89512,"date":"2019-10-26T10:29:12","date_gmt":"2019-10-26T07:29:12","guid":{"rendered":"http:\/\/arantv.az\/?p=89512"},"modified":"2019-10-26T10:29:12","modified_gmt":"2019-10-26T07:29:12","slug":"kuveyt-bas-nazirinin-muavini-az%c9%99rbaycanin-qosulmama-h%c9%99r%c9%99katina-s%c9%99drliyi-struktur-ucun-ugurlu-olacaq","status":"publish","type":"post","link":"https:\/\/arantv.az\/?p=89512","title":{"rendered":"K\u00fcveyt ba\u015f nazirinin m\u00fcavini: &#8220;Az\u0259rbaycan\u0131n Qo\u015fulmama H\u0259r\u0259kat\u0131na s\u0259drliyi struktur \u00fc\u00e7\u00fcn u\u011furlu olacaq&#8221;"},"content":{"rendered":"<p>&#8220;Az\u0259rbaycan\u0131n Qo\u015fulmama H\u0259r\u0259kat\u0131na s\u0259drliyi struktur \u00fc\u00e7\u00fcn u\u011furlu olacaq&#8221;.<\/p>\n<p><strong>ARANTV.AZ\u00a0<\/strong>\u00a0<a href=\"https:\/\/az.trend.az\/\" target=\"_blank\" rel=\"noopener\">Trend<\/a>-\u0259 istinad\u0259n x\u0259b\u0259r verir ki, bunu K\u00fcveyt ba\u015f nazirinin m\u00fcavini Sabah \u0259l-Xalid \u0259l-Sabah deyib.<\/p>\n<p>O bildirib ki, Qo\u015fulmama H\u0259r\u0259kat\u0131 d\u00fcnyada balans\u0131n yarad\u0131lmas\u0131nda i\u015ftirak etm\u0259lidir:<\/p>\n<p>&#8220;Daha interaktiv \u0259m\u0259kda\u015fl\u0131q t\u0259min etm\u0259k laz\u0131md\u0131r. Qar\u015f\u0131l\u0131ql\u0131 koordinasiyaya \u0259saslanan d\u00fcnya d\u00fcz\u0259ninin yarad\u0131lmas\u0131na g\u0259r\u0259k var&#8221;.<\/p>\n<p>Ba\u015f nazirin m\u00fcavini onu da qeyd edib ki, K\u00fcveyt h\u0259r zaman Suriya b\u00f6hran\u0131n\u0131n h\u0259rbi h\u0259llinin olmad\u0131\u011f\u0131n\u0131 b\u0259yan edir: &#8220;Ona g\u00f6r\u0259 d\u0259 biz BMT-nin k\u00f6m\u0259yi il\u0259 b\u00f6hran\u0131n h\u0259llini d\u0259st\u0259kl\u0259yirik&#8221;.<\/p>\n<p>K\u00fcveyt r\u0259smisinin s\u00f6zl\u0259rin\u0259 g\u00f6r\u0259, \u00f6lk\u0259si Qo\u015fulmama H\u0259r\u0259kat\u0131n\u0131n prinsipl\u0259rin\u0259 sadiqdir.<\/p>\n<p>Qeyd ed\u0259k ki, Qo\u015fulmama H\u0259r\u0259kat\u0131n\u0131n XVIII Zirv\u0259 G\u00f6r\u00fc\u015f\u00fc \u00f6t\u0259n g\u00fcn Bak\u0131da \u00f6z i\u015fin\u0259 ba\u015flay\u0131b v\u0259 bu g\u00fcn davam edir. H\u0259r\u0259kata \u00fczv \u00f6lk\u0259l\u0259rin d\u00f6vl\u0259t v\u0259 h\u00f6kum\u0259t ba\u015f\u00e7\u0131lar\u0131n\u0131n d\u00fcn\u0259nki g\u00f6r\u00fc\u015f\u00fcnd\u0259 Qo\u015fulmama H\u0259r\u0259kat\u0131na s\u0259drlik Az\u0259rbaycana t\u0259hvil verilib.<\/p>\n<p>Bel\u0259likl\u0259, Az\u0259rbaycan Respublikas\u0131 2019-2022-ci ill\u0259rd\u0259 Qo\u015fulmama H\u0259r\u0259kat\u0131na s\u0259drlik ed\u0259c\u0259k.<\/p>\n<p>Qo\u015fulmama H\u0259r\u0259kat\u0131n\u0131n Bak\u0131da ke\u00e7iril\u0259n XVIII Zirv\u0259 G\u00f6r\u00fc\u015f\u00fcn\u0259, \u00fcmumilikd\u0259 60-a yax\u0131n \u00f6lk\u0259nin d\u00f6vl\u0259t v\u0259 h\u00f6kum\u0259t ba\u015f\u00e7\u0131s\u0131, h\u0259m\u00e7inin beyn\u0259lxalq t\u0259\u015fkilatlar\u0131n r\u0259hb\u0259rl\u0259ri qat\u0131l\u0131b.<\/p>\n","protected":false},"excerpt":{"rendered":"<p>&#8220;Az\u0259rbaycan\u0131n Qo\u015fulmama H\u0259r\u0259kat\u0131na s\u0259drliyi struktur \u00fc\u00e7\u00fcn u\u011furlu olacaq&#8221;. ARANTV.AZ\u00a0\u00a0Trend-\u0259 istinad\u0259n x\u0259b\u0259r verir ki, bunu K\u00fcveyt ba\u015f nazirinin m\u00fcavini Sabah \u0259l-Xalid \u0259l-Sabah deyib. O bildirib ki, Qo\u015fulmama H\u0259r\u0259kat\u0131 d\u00fcnyada balans\u0131n yarad\u0131lmas\u0131nda i\u015ftirak etm\u0259lidir: &#8220;Daha interaktiv \u0259m\u0259kda\u015fl\u0131q t\u0259min etm\u0259k laz\u0131md\u0131r. Qar\u015f\u0131l\u0131ql\u0131 koordinasiyaya \u0259saslanan d\u00fcnya d\u00fcz\u0259ninin yarad\u0131lmas\u0131na g\u0259r\u0259k var&#8221;. Ba\u015f nazirin m\u00fcavini onu da qeyd edib ki, K\u00fcveyt h\u0259r zaman Suriya b\u00f6hran\u0131n\u0131n h\u0259rbi h\u0259llinin olmad\u0131\u011f\u0131n\u0131 b\u0259yan edir: &#8220;Ona g\u00f6r\u0259 d\u0259 biz BMT-nin k\u00f6m\u0259yi il\u0259 b\u00f6hran\u0131n h\u0259llini d\u0259st\u0259kl\u0259yirik&#8221;. K\u00fcveyt r\u0259smisinin s\u00f6zl\u0259rin\u0259 g\u00f6r\u0259, \u00f6lk\u0259si Qo\u015fulmama H\u0259r\u0259kat\u0131n\u0131n prinsipl\u0259rin\u0259 sadiqdir. Qeyd ed\u0259k ki, Qo\u015fulmama H\u0259r\u0259kat\u0131n\u0131n XVIII Zirv\u0259&hellip;<\/p>\n","protected":false},"author":2,"featured_media":89513,"comment_status":"closed","ping_status":"closed","sticky":false,"template":"","format":"standard","meta":{"om_disable_all_campaigns":false,"_monsterinsights_skip_tracking":false,"_monsterinsights_sitenote_active":false,"_monsterinsights_sitenote_note":"","_monsterinsights_sitenote_category":0},"categories":[4],"tags":[],"aioseo_notices":[],"gutentor_comment":0,"rttpg_featured_image_url":{"full":["https:\/\/arantv.az\/wp-content\/uploads\/2019\/10\/797345.jpg",800,600,false],"landscape":["https:\/\/arantv.az\/wp-content\/uploads\/2019\/10\/797345.jpg",800,600,false],"portraits":["https:\/\/arantv.az\/wp-content\/uploads\/2019\/10\/797345.jpg",800,600,false],"thumbnail":["https:\/\/arantv.az\/wp-content\/uploads\/2019\/10\/797345-150x150.jpg",150,150,true],"medium":["https:\/\/arantv.az\/wp-content\/uploads\/2019\/10\/797345-300x225.jpg",300,225,true],"large":["https:\/\/arantv.az\/wp-content\/uploads\/2019\/10\/797345.jpg",640,480,false],"1536x1536":["https:\/\/arantv.az\/wp-content\/uploads\/2019\/10\/797345.jpg",800,600,false],"2048x2048":["https:\/\/arantv.az\/wp-content\/uploads\/2019\/10\/797345.jpg",800,600,false],"post-thumbnail":["https:\/\/arantv.az\/wp-content\/uploads\/2019\/10\/797345-240x172.jpg",240,172,true],"advps-thumb-one":["https:\/\/arantv.az\/wp-content\/uploads\/2019\/10\/797345.jpg",800,600,false]},"rttpg_author":{"display_name":"V\u00fcsal Rafiqo\u011flu","author_link":"https:\/\/arantv.az\/?author=2"},"rttpg_comment":0,"rttpg_category":"<a href=\"https:\/\/arantv.az\/?cat=4\" rel=\"category\">Siyas\u0259t<\/a>","rttpg_excerpt":"&#8220;Az\u0259rbaycan\u0131n Qo\u015fulmama H\u0259r\u0259kat\u0131na s\u0259drliyi struktur \u00fc\u00e7\u00fcn u\u011furlu olacaq&#8221;. ARANTV.AZ\u00a0\u00a0Trend-\u0259 istinad\u0259n x\u0259b\u0259r verir ki, bunu K\u00fcveyt ba\u015f nazirinin m\u00fcavini Sabah \u0259l-Xalid \u0259l-Sabah deyib. O bildirib ki, Qo\u015fulmama H\u0259r\u0259kat\u0131 d\u00fcnyada balans\u0131n yarad\u0131lmas\u0131nda i\u015ftirak etm\u0259lidir: &#8220;Daha interaktiv \u0259m\u0259kda\u015fl\u0131q t\u0259min etm\u0259k laz\u0131md\u0131r. Qar\u015f\u0131l\u0131ql\u0131 koordinasiyaya \u0259saslanan d\u00fcnya d\u00fcz\u0259ninin yarad\u0131lmas\u0131na g\u0259r\u0259k var&#8221;. Ba\u015f nazirin m\u00fcavini onu da qeyd edib ki, K\u00fcveyt&hellip;","_links":{"self":[{"href":"https:\/\/arantv.az\/index.php?rest_route=\/wp\/v2\/posts\/89512"}],"collection":[{"href":"https:\/\/arantv.az\/index.php?rest_route=\/wp\/v2\/posts"}],"about":[{"href":"https:\/\/arantv.az\/index.php?rest_route=\/wp\/v2\/types\/post"}],"author":[{"embeddable":true,"href":"https:\/\/arantv.az\/index.php?rest_route=\/wp\/v2\/users\/2"}],"replies":[{"embeddable":true,"href":"https:\/\/arantv.az\/index.php?rest_route=%2Fwp%2Fv2%2Fcomments&post=89512"}],"version-history":[{"count":0,"href":"https:\/\/arantv.az\/index.php?rest_route=\/wp\/v2\/posts\/89512\/revisions"}],"wp:featuredmedia":[{"embeddable":true,"href":"https:\/\/arantv.az\/index.php?rest_route=\/wp\/v2\/media\/89513"}],"wp:attachment":[{"href":"https:\/\/arantv.az\/index.php?rest_route=%2Fwp%2Fv2%2Fmedia&parent=89512"}],"wp:term":[{"taxonomy":"category","embeddable":true,"href":"https:\/\/arantv.az\/index.php?rest_route=%2Fwp%2Fv2%2Fcategories&post=89512"},{"taxonomy":"post_tag","embeddable":true,"href":"https:\/\/arantv.az\/index.php?rest_route=%2Fwp%2Fv2%2Ftags&post=89512"}],"curies":[{"name":"wp","href":"https:\/\/api.w.org\/{rel}","templated":true}]}}