{"id":89516,"date":"2019-10-26T10:30:56","date_gmt":"2019-10-26T07:30:56","guid":{"rendered":"http:\/\/arantv.az\/?p=89516"},"modified":"2019-10-26T10:30:56","modified_gmt":"2019-10-26T07:30:56","slug":"qosulmama-h%c9%99r%c9%99kati-az%c9%99rbaycanin-milli-maraqlari-v%c9%99-antimilli-muxalif%c9%99tin-b%c9%99sit-t%c9%99f%c9%99kkuru","status":"publish","type":"post","link":"https:\/\/arantv.az\/?p=89516","title":{"rendered":"Qo\u015fulmama H\u0259r\u0259kat\u0131, Az\u0259rbaycan\u0131n milli maraqlar\u0131 v\u0259 antimilli m\u00fcxalif\u0259tin b\u0259sit t\u0259f\u0259kk\u00fcr\u00fc"},"content":{"rendered":"<p>S\u0131ralar\u0131nda 120 \u00f6lk\u0259ni birl\u0259\u015fdir\u0259n Qo\u015fulmama H\u0259r\u0259kat\u0131na \u00fczv \u00f6lk\u0259l\u0259rin d\u00f6vl\u0259t v\u0259 h\u00f6kum\u0259t ba\u015f\u00e7\u0131lar\u0131n\u0131n XVIII Zirv\u0259 G\u00f6r\u00fc\u015f\u00fcn\u00fcn Bak\u0131da ke\u00e7irilm\u0259si \u00f6lk\u0259miz v\u0259 regionumuz \u00fc\u00e7\u00fcn olduqca m\u00fch\u00fcm \u0259h\u0259miyy\u0259t k\u0259sb ed\u0259n siyasi hadis\u0259dir. Qo\u015fulmama H\u0259r\u0259kat\u0131nda 120 \u00fczv d\u00f6vl\u0259tl\u0259 yana\u015f\u0131, h\u0259m d\u0259 Birl\u0259\u015fmi\u015f Mill\u0259tl\u0259r T\u0259\u015fkilat\u0131, Afrika \u0130ttifaq\u0131, \u0130slam Konfrans\u0131 T\u0259\u015fkilat\u0131 kimi d\u00fcnyan\u0131n 10 beyn\u0259lxalq n\u00fcfuzlu t\u0259sisat\u0131n\u0131n, \u0259lav\u0259 olaraq m\u00fc\u015fahid\u0259\u00e7i statusu il\u0259 17 d\u00f6vl\u0259tin i\u015ftirak etm\u0259si bu t\u0259\u015fkilat\u0131n olduqca ciddi v\u0259 qlobal \u0259h\u0259miyy\u0259t da\u015f\u0131yan \u0259m\u0259kda\u015fl\u0131q platformas\u0131 oldu\u011fundan x\u0259b\u0259r verir. \u00dczvl\u0259rinin say\u0131na g\u00f6r\u0259, Qo\u015fulmama H\u0259r\u0259kat\u0131 Birl\u0259\u015fmi\u015f Mill\u0259tl\u0259r T\u0259\u015fkilat\u0131ndan sonra d\u00fcnyan\u0131n \u0259n b\u00f6y\u00fck beyn\u0259lxalq qurumudur.<\/p>\n<p>Haz\u0131rda Qo\u015fulmama H\u0259r\u0259kat\u0131na \u00fczv olan \u00f6lk\u0259l\u0259rin \u0259razisind\u0259 d\u00fcnya \u0259halisinin 55 faizi ya\u015fay\u0131r. D\u00fcnyan\u0131n neft ehtiyatlar\u0131n\u0131n 75, t\u0259bii qaz ehtiyatlar\u0131n\u0131n is\u0259 50 faizind\u0259n \u00e7oxu h\u0259min \u00f6lk\u0259l\u0259rin pay\u0131na d\u00fc\u015f\u00fcr. Bu is\u0259 onun h\u0259m d\u0259 iqtisadi \u0259m\u0259kda\u015fl\u0131q \u00fc\u00e7\u00fcn ciddi perspektiv v\u0259d ed\u0259n beyn\u0259lxalq t\u0259sisat oldu\u011funu g\u00f6st\u0259rir.<\/p>\n<p>Dig\u0259r t\u0259r\u0259fd\u0259n, H\u0259r\u0259kat\u0131n n\u00f6vb\u0259ti zirv\u0259 g\u00f6r\u00fc\u015f\u00fcn\u00fcn Az\u0259rbaycanda ke\u00e7irilm\u0259si \u00f6lk\u0259mizin qlobal prosesl\u0259rd\u0259ki rolunun v\u0259 beyn\u0259lxalq n\u00fcfuzunun g\u00fcnd\u0259n-g\u00fcn\u0259 artd\u0131\u011f\u0131n\u0131 t\u0259sdiql\u0259yir. Prezident \u0130lham \u018fliyevin d\u0259 qeyd etdiyi kimi, &#8220;Qo\u015fulmama H\u0259r\u0259kat\u0131na s\u0259drliyin Az\u0259rbaycana h\u0259val\u0259 edilm\u0259si biz\u0259 g\u00f6st\u0259ril\u0259n h\u00f6rm\u0259tin, inam\u0131n v\u0259 etimad\u0131n t\u0259zah\u00fcr\u00fcd\u00fcr&#8221;.<\/p>\n<p>Qo\u015fulmama H\u0259r\u0259kat\u0131n\u0131n Az\u0259rbaycan \u00fc\u00e7\u00fcn \u00f6n\u0259mini art\u0131ran amill\u0259rd\u0259n biri d\u0259 bu t\u0259\u015fkilat\u0131n prinsipl\u0259rinin \u00f6lk\u0259mizin xarici siyas\u0259t prioritetl\u0259ri il\u0259 tam \u00fcst-\u00fcst\u0259 d\u00fc\u015fm\u0259sidir. H\u0259r\u0259kat d\u00f6vl\u0259tl\u0259rin \u0259razi b\u00fct\u00f6vl\u00fcy\u00fc m\u0259s\u0259l\u0259sind\u0259 birm\u0259nal\u0131 m\u00f6vqe n\u00fcmayi\u015f etdirir, beyn\u0259lxalq h\u00fcququn t\u0259m\u0259l prinsipl\u0259rind\u0259n \u00e7\u0131x\u0131\u015f edir. Az\u0259rbaycan\u0131n Qo\u015fulmama H\u0259r\u0259kat\u0131nda \u00fczvl\u00fcy\u00fcn\u00fcn ilk g\u00fcnl\u0259rind\u0259n bu t\u0259\u015fkilat \u00f6lk\u0259mizin suverenliyini, \u0259razi b\u00fct\u00f6vl\u00fcy\u00fcn\u00fc v\u0259 beyn\u0259lxalq s\u0259viyy\u0259d\u0259 tan\u0131nm\u0131\u015f s\u0259rh\u0259dl\u0259rinin toxunulmazl\u0131\u011f\u0131n\u0131 birm\u0259nal\u0131 \u015f\u0259kild\u0259 d\u0259st\u0259kl\u0259yib, q\u0259bul olunmu\u015f b\u00fct\u00fcn s\u0259n\u0259dl\u0259rd\u0259 Erm\u0259nistan-Az\u0259rbaycan Da\u011fl\u0131q Qaraba\u011f m\u00fcnaqi\u015f\u0259sini m\u0259hz h\u0259min prinsipl\u0259r \u0259sas\u0131nda nizamlama\u011fa \u00e7a\u011f\u0131r\u0131b. Bu fakt 2019-cu ilin iyul ay\u0131nda Qo\u015fulmama H\u0259r\u0259kat\u0131 t\u0259\u015fkilat\u0131n\u0131n Nazirl\u0259r \u015euras\u0131n\u0131n iclas\u0131nda q\u0259bul olunmu\u015f yekun s\u0259n\u0259dd\u0259 d\u0259 \u00f6z \u0259ksini tap\u0131b. N\u0259tic\u0259 etibaril\u0259 d\u00fcnyan\u0131n 120 d\u00f6vl\u0259ti, y\u0259ni, planetin t\u0259qrib\u0259n \u00fc\u00e7d\u0259 iki hiss\u0259si Az\u0259rbaycan\u0131n \u0259dal\u0259tli m\u00f6vqeyin\u0259 \u00f6z d\u0259st\u0259yini ifad\u0259 edib.<\/p>\n<p>Az\u0259rbaycan\u0131n 2019-2022-ci ill\u0259rd\u0259 h\u0259r\u0259kata s\u0259drlik etm\u0259si d\u00f6vl\u0259timizin qlobal prosesl\u0259rd\u0259ki rolunu v\u0259 n\u00fcfuzunu daha da art\u0131racaq, beyn\u0259lxalq m\u00fcst\u0259vid\u0259 m\u00f6vqel\u0259rimizi m\u00f6hk\u0259ml\u0259ndir\u0259c\u0259k, \u00f6lk\u0259mizin iqtisadi inki\u015faf\u0131na \u00f6z t\u00f6hf\u0259sini ver\u0259c\u0259k, qeyri-neft sektorunun v\u0259 ixrac potensial\u0131m\u0131z\u0131n y\u00fcks\u0259li\u015fin\u0259 geni\u015f imkanlar a\u00e7acaq. \u015e\u00fcbh\u0259siz, b\u00fct\u00fcn \u0259ld\u0259 olunan m\u00fcsb\u0259t n\u0259tic\u0259l\u0259rin \u0259sas\u0131nda Az\u0259rbaycan Prezidentinin h\u0259l\u0259 2011-ci ild\u0259 \u00f6lk\u0259mizin Qo\u015fulmama H\u0259rakat\u0131na \u00fczvl\u00fcy\u00fc il\u0259 ba\u011fl\u0131 q\u0259bul etdiyi strateji q\u0259rar dayan\u0131r. Hans\u0131 ki, bu q\u0259rar BMT Ba\u015f Assambleyas\u0131nda v\u0259 dig\u0259r beyn\u0259lxalq t\u0259\u015fkilatlarda \u00f6lk\u0259mizin haql\u0131 m\u00f6vqeyini d\u0259st\u0259kl\u0259y\u0259n \u00f6lk\u0259l\u0259rin s\u0131ras\u0131n\u0131 xeyli geni\u015fl\u0259ndirdi, siyasi, iqtisadi, humanitar v\u0259 dig\u0259r sah\u0259l\u0259rd\u0259 qar\u015f\u0131l\u0131ql\u0131 faydal\u0131 \u0259m\u0259kda\u015fl\u0131q \u00fc\u00e7\u00fcn yeni imkanlar yaratd\u0131. Qo\u015fulmama H\u0259r\u0259kat\u0131n\u0131n d\u00f6vl\u0259t v\u0259 h\u00f6kum\u0259t ba\u015f\u00e7\u0131lar\u0131 t\u0259r\u0259find\u0259n Bak\u0131da ke\u00e7iril\u0259n Zirv\u0259 G\u00f6r\u00fc\u015f\u00fcnd\u0259 yekdillikl\u0259 Az\u0259rbaycan\u0131n quruma 3 il m\u00fcdd\u0259tin\u0259 s\u0259dr se\u00e7ilm\u0259sini d\u0259st\u0259kl\u0259m\u0259si d\u0259, \u015f\u00fcbh\u0259siz ki, Prezident \u0130lham \u018fliyevin uzaqg\u00f6r\u0259n siyas\u0259tinin n\u00f6vb\u0259ti u\u011furu v\u0259 d\u00fcnyada ona b\u0259sl\u0259n\u0259n etimad\u0131n g\u00f6st\u0259ricisidir.<br \/>\nPrezident \u0130lham \u018fliyev d\u00fcnya siyas\u0259tinin v\u0259 g\u00fcnd\u0259minin m\u00fc\u0259yy\u0259nl\u0259\u015fdirilm\u0259sind\u0259 m\u00fch\u00fcm rol oynayan beyn\u0259lxalq platformalardan istifad\u0259 ed\u0259r\u0259k Az\u0259rbaycan h\u0259qiq\u0259tl\u0259rini d\u00fcnyaya \u00e7atd\u0131r\u0131r, \u00f6lk\u0259mizin haql\u0131 m\u00f6vqeyini m\u00fcdafi\u0259 ed\u0259n d\u00f6vl\u0259tl\u0259rin s\u0131ralar\u0131n\u0131n geni\u015fl\u0259nm\u0259sin\u0259, Az\u0259rbaycan\u0131n qlobal m\u0259s\u0259l\u0259l\u0259rin m\u00fczakir\u0259 olundu\u011fu beyn\u0259lxalq \u0259m\u0259kda\u015fl\u0131q m\u0259kan\u0131na \u00e7evrilm\u0259sin\u0259 nail olur, d\u00f6vl\u0259timizi add\u0131m-ad\u0131m strateji h\u0259d\u0259fl\u0259r\u0259 yax\u0131nla\u015fd\u0131r\u0131r. Amma \u00e7ox t\u0259\u0259ss\u00fcf ki, xalq\u0131m\u0131z\u0131n milli maraqlar\u0131 \u00fcz\u0259rind\u0259 qurulmu\u015f bu siyasi kurs t\u0259kc\u0259 xaricd\u0259ki anti-Az\u0259rbaycan \u015f\u0259b\u0259k\u0259nin, erm\u0259ni lobbisinin v\u0259 onun t\u0259siri alt\u0131nda olan b\u0259zi beyn\u0259lxalq qruplar\u0131n deyil, h\u0259m d\u0259 \u00f6lk\u0259 daxilind\u0259 &#8220;milli demokrat&#8221; p\u0259rd\u0259sin\u0259 b\u00fcr\u00fcnm\u00fc\u015f b\u0259zi radikal m\u00fcxalif qruplar\u0131n da m\u00fcqavim\u0259ti il\u0259 \u00fczl\u0259\u015fir. H\u0259r d\u0259f\u0259 \u00f6lk\u0259mizd\u0259 ke\u00e7iril\u0259n qlobal \u0259h\u0259miyy\u0259tli t\u0259dbirl\u0259r \u0259r\u0259f\u0259sind\u0259 bu \u015f\u0259b\u0259k\u0259 f\u0259lla\u015f\u0131r, c\u0259miyy\u0259timizin sosial-siyasi nizam\u0131n\u0131 ictimai m\u00fczakir\u0259 v\u0259 fikir m\u00fcbadil\u0259si m\u00fcst\u0259visind\u0259n etiraz aksiyalar\u0131 vasit\u0259sil\u0259 k\u00fc\u00e7\u0259l\u0259r\u0259 da\u015f\u0131ma\u011fa, q\u0259sd\u0259n qar\u015f\u0131durma yaratma\u011fa \u00e7al\u0131\u015f\u0131r. Bu m\u0259nz\u0259r\u0259 2012-ci ild\u0259 &#8220;Eurovision&#8221; musiqi m\u00fcsabiq\u0259si, 2015-ci ild\u0259 l Avropa Oyunlar\u0131 v\u0259 dig\u0259r m\u00fch\u00fcm beyn\u0259lxalq t\u0259dbirl\u0259r \u0259r\u0259f\u0259sind\u0259 d\u0259 m\u00fc\u015fahid\u0259 olunmu\u015fdur. Bu d\u0259f\u0259 radikal m\u00fcxalif qruplar Qo\u015fulmama H\u0259r\u0259kat\u0131na \u00fczv \u00f6lk\u0259l\u0259rin d\u00f6vl\u0259t v\u0259 h\u00f6kum\u0259t ba\u015f\u00e7\u0131lar\u0131n\u0131n XVIII Zirv\u0259 G\u00f6r\u00fc\u015f\u00fcn\u00fc h\u0259d\u0259f\u0259 alm\u0131\u015f v\u0259 ne\u00e7\u0259 g\u00fcnd\u00fcr ki, d\u00f6vl\u0259timizin strateji maraqlar\u0131na xidm\u0259t ed\u0259n bu m\u00fch\u00fcm beyn\u0259lxalq siyasi hadis\u0259ni g\u00f6zd\u0259n salmaq \u00fc\u00e7\u00fcn d\u0259rid\u0259n-qab\u0131qdan \u00e7\u0131x\u0131rlar.<\/p>\n<p>M\u00fcxalif\u0259tin apard\u0131\u011f\u0131 kampaniyan\u0131n t\u0259hlili g\u00f6st\u0259rir ki, Az\u0259rbaycan \u0259leyhin\u0259 ox\u015far t\u0259bli\u011fat yaln\u0131z Erm\u0259nistan\u0131n k\u00fctl\u0259vi informasiya vasit\u0259l\u0259ri t\u0259r\u0259find\u0259n h\u0259yata ke\u00e7irilir. T\u0259bii ki, bu s\u0131raya Erm\u0259nistanla v\u0259 erm\u0259ni diasporu il\u0259 s\u0131x \u0259laq\u0259d\u0259 olan xarici median\u0131 d\u0259 \u0259lav\u0259 ets\u0259k, daha do\u011fru olar. \u0130ndiki halda radikal qruplar\u0131n h\u0259yata ke\u00e7irdiyi insanl\u0131qdan uzaq \u00e7irkin qarayaxma kampaniyas\u0131n\u0131n tezisl\u0259ri i\u015f\u011fal\u00e7\u0131 \u00f6lk\u0259nin anti-Az\u0259rbaycan kampaniyas\u0131n\u0131n ideoloji istiqam\u0259tl\u0259ri il\u0259 tam \u00fcst-\u00fcst\u0259 d\u00fc\u015f\u00fcr. Sanki h\u0259r iki q\u00fctb vahid m\u0259rk\u0259zd\u0259n idar\u0259 olunur, yaxud ortaq v\u0259 raz\u0131la\u015fd\u0131r\u0131lm\u0131\u015f maraqlara uy\u011fun h\u0259r\u0259k\u0259t edirl\u0259r. G\u00f6r\u00fcn\u00fcr, oktyabr\u0131n 19-da h\u0259yata ke\u00e7iril\u0259n qanunsuz mitinq c\u0259hdinin d\u0259 \u0259sas m\u0259qs\u0259di t\u0259kc\u0259 hakimiyy\u0259ti n\u0259y\u0259s\u0259 m\u0259cbur etm\u0259k deyil, h\u0259m d\u0259 \u00f6lk\u0259 daxilind\u0259 v\u0259ziyy\u0259ti g\u0259rginl\u0259\u015fdir\u0259r\u0259k, d\u00f6vl\u0259t qurumlar\u0131n\u0131 adekvat add\u0131mlar atma\u011fa m\u0259cbur etm\u0259k v\u0259 xaricd\u0259ki anti-Az\u0259rbaycan \u015f\u0259b\u0259k\u0259nin h\u0259r\u0259k\u0259t\u0259 g\u0259lm\u0259si \u00fc\u00e7\u00fcn z\u0259min yaratmaqdan ibar\u0259t olub.<\/p>\n<p>D\u00fc\u015f\u00fcn\u00fcr\u0259m ki, Zirv\u0259 G\u00f6r\u00fc\u015f\u00fcnd\u0259n \u00f6nc\u0259 radikal qruplar\u0131n proses\u0259 mane olmaq \u00fc\u00e7\u00fcn atd\u0131\u011f\u0131 add\u0131mlar, t\u00f6r\u0259tdikl\u0259ri h\u00fcquqazidd h\u0259r\u0259k\u0259tl\u0259r bar\u0259d\u0259 t\u0259krar fikir s\u00f6yl\u0259m\u0259y\u0259 ehtiyac yoxdur. Lakin g\u00f6r\u00fcn\u0259n odur ki, radikal m\u00fcxalif\u0259tin xaricd\u0259n ald\u0131\u011f\u0131 sifari\u015f v\u0259 t\u0259limatlara uy\u011fun formada proses\u0259 mane olmaq c\u0259hdl\u0259ri iflasa u\u011frad\u0131\u011f\u0131na v\u0259 xaricd\u0259ki \u015f\u0259b\u0259k\u0259nin s\u00fcni \u015f\u0259kild\u0259 ajiotaj yaratmaq s\u0259yl\u0259ri he\u00e7 bir n\u0259tic\u0259 verm\u0259diyin\u0259 g\u00f6r\u0259, indi d\u0259 onlar n\u0259zar\u0259tl\u0259rind\u0259 olan media v\u0259 sosial \u015f\u0259b\u0259k\u0259l\u0259r vasit\u0259sil\u0259 bu m\u00fch\u00fcm siyasi t\u0259dbir\u0259 qar\u015f\u0131 kampaniya t\u0259\u015fkil etm\u0259k yolunu tutublar. M\u0259qs\u0259dl\u0259rin\u0259 \u00e7atmaq \u00fc\u00e7\u00fcn h\u0259tta t\u0259dbird\u0259 i\u015ftirak ed\u0259n d\u00f6vl\u0259t v\u0259 h\u00f6kum\u0259t ba\u015f\u00e7\u0131lar\u0131n\u0131 m\u0259sx\u0259r\u0259y\u0259 qoymaq kimi qeyri-etik, m\u0259n\u0259viyyats\u0131z add\u0131mlardan bel\u0259 \u00e7\u0259kinmirl\u0259r. Bu, radikal m\u00fcxalif\u0259tin beyn\u0259lxalq h\u00fcquqdan, beyn\u0259lxalq m\u00fcnasib\u0259tl\u0259r sistemind\u0259n x\u0259b\u0259rsiz, m\u00fcasir siyasi d\u00fc\u015f\u00fcnc\u0259d\u0259n uzaq, geriz\u0259kal\u0131, b\u0259lk\u0259 d\u0259 ibtidai-icma t\u0259f\u0259kk\u00fcr\u00fcn\u0259 malik olmas\u0131n\u0131n \u0259yani g\u00f6st\u0259ricisidir. M\u00fcst\u0259qil h\u00fcququn subyektl\u0259rini onlar\u0131n inki\u015faf s\u0259viyy\u0259l\u0259ri, \u0259razil\u0259ri, yaxud resurslar\u0131na g\u00f6r\u0259 m\u0259sx\u0259r\u0259y\u0259 qoymaq m\u0259hz bel\u0259 ibtidai-icma t\u0259f\u0259kk\u00fcr\u00fcn\u00fcn n\u00fcmun\u0259sidir. Bu, \u0259n yax\u015f\u0131 halda d\u00f6vl\u0259tl\u0259r aras\u0131nda h\u00fcquq b\u0259rab\u0259rliyinin q\u0259bul v\u0259 yaxud d\u0259rk edilm\u0259m\u0259si, \u0259n pis halda is\u0259 irq\u00e7i d\u00fc\u015f\u00fcnc\u0259nin t\u0259zah\u00fcr\u00fcd\u00fcr. Radikal m\u00fcxalif\u0259tin bel\u0259 idbar t\u0259f\u0259kk\u00fcr\u00fcn\u00fcn fonunda Az\u0259rbaycan Prezidentinin n\u0259 q\u0259d\u0259r i\u015f\u0131ql\u0131 z\u0259kaya, milli v\u0259 b\u0259\u015f\u0259ri d\u0259y\u0259rl\u0259r\u0259, humanizm\u0259 s\u00f6yk\u0259n\u0259n d\u00fc\u015f\u00fcnc\u0259 t\u0259rzin\u0259 malik oldu\u011fu bir daha qabar\u0131q v\u0259 ayd\u0131n n\u0259z\u0259r\u0259 \u00e7arp\u0131r. M\u0259hz bu ayd\u0131n, i\u015f\u0131ql\u0131 t\u0259f\u0259kk\u00fcr d\u0259 Az\u0259rbaycan\u0131 g\u0259l\u0259c\u0259y\u0259, b\u00f6y\u00fck q\u0259l\u0259b\u0259l\u0259r\u0259 do\u011fru apar\u0131r.<\/p>\n<p>Yen\u0259 d\u0259 art\u0131q bir ne\u00e7\u0259 d\u0259f\u0259 s\u0259sl\u0259ndirdiyim fikri t\u0259krarlama\u011fa m\u0259cburam: biz bu primitiv v\u0259 ziyanl\u0131 t\u0259f\u0259kk\u00fcrl\u0259 h\u0259r\u0259k\u0259t ed\u0259n m\u00fcxalif\u0259tl\u0259 hara gedirik? C\u0259miyy\u0259t daxilind\u0259 s\u0259sini ucaltma\u011fa, siyasi hakimiyy\u0259t\u0259 iddia etm\u0259y\u0259 \u00e7al\u0131\u015fan bu anti-milli qruplar\u0131n \u00f6zba\u015f\u0131nal\u0131\u011f\u0131na n\u0259 vaxtacan d\u00f6zm\u0259liyik? Art\u0131q sa\u011flam m\u0259ntiqd\u0259n uzaq davran\u0131\u015flarla g\u00fcnd\u0259md\u0259 qalma\u011fa \u00e7al\u0131\u015fan, yenil\u0259\u015f\u0259r\u0259k, m\u00fcasirl\u0259\u015f\u0259 bilm\u0259y\u0259n, d\u00f6vl\u0259t\u00e7ilik t\u0259f\u0259kk\u00fcr\u00fcnd\u0259n v\u0259 \u0259xlaq normalar\u0131ndan uzaq radikal m\u00fcxalif qruplar\u0131n siyasi s\u0259hn\u0259d\u0259n getm\u0259sinin v\u0259 konstruktiv d\u00fc\u015f\u00fcnc\u0259nin \u00f6n\u0259 \u00e7\u0131xmas\u0131n\u0131n zaman\u0131d\u0131r. Prezident \u0130lham \u018fliyevin h\u0259yata ke\u00e7irdiyi islahatlardan m\u00fcxalif\u0259t d\u0259 \u00f6z pay\u0131n\u0131 g\u00f6t\u00fcrm\u0259li, m\u00fcasir Az\u0259rbaycana m\u00fcasir az\u0259rbaycanl\u0131n\u0131n g\u00f6z\u00fc il\u0259 baxma\u011fa al\u0131\u015fmal\u0131d\u0131r.<\/p>\n<p><strong>\u018fli H\u0259s\u0259nov<br \/>\nAz\u0259rbaycan Respublikas\u0131 Prezidentinin ictimai-siyasi m\u0259s\u0259l\u0259l\u0259r \u00fczr\u0259 k\u00f6m\u0259k\u00e7isi,<br \/>\ntarix elml\u0259ri doktoru, professor<\/strong><\/p>\n","protected":false},"excerpt":{"rendered":"<p>S\u0131ralar\u0131nda 120 \u00f6lk\u0259ni birl\u0259\u015fdir\u0259n Qo\u015fulmama H\u0259r\u0259kat\u0131na \u00fczv \u00f6lk\u0259l\u0259rin d\u00f6vl\u0259t v\u0259 h\u00f6kum\u0259t ba\u015f\u00e7\u0131lar\u0131n\u0131n XVIII Zirv\u0259 G\u00f6r\u00fc\u015f\u00fcn\u00fcn Bak\u0131da ke\u00e7irilm\u0259si \u00f6lk\u0259miz v\u0259 regionumuz \u00fc\u00e7\u00fcn olduqca m\u00fch\u00fcm \u0259h\u0259miyy\u0259t k\u0259sb ed\u0259n siyasi hadis\u0259dir. Qo\u015fulmama H\u0259r\u0259kat\u0131nda 120 \u00fczv d\u00f6vl\u0259tl\u0259 yana\u015f\u0131, h\u0259m d\u0259 Birl\u0259\u015fmi\u015f Mill\u0259tl\u0259r T\u0259\u015fkilat\u0131, Afrika \u0130ttifaq\u0131, \u0130slam Konfrans\u0131 T\u0259\u015fkilat\u0131 kimi d\u00fcnyan\u0131n 10 beyn\u0259lxalq n\u00fcfuzlu t\u0259sisat\u0131n\u0131n, \u0259lav\u0259 olaraq m\u00fc\u015fahid\u0259\u00e7i statusu il\u0259 17 d\u00f6vl\u0259tin i\u015ftirak etm\u0259si bu t\u0259\u015fkilat\u0131n olduqca ciddi v\u0259 qlobal \u0259h\u0259miyy\u0259t da\u015f\u0131yan \u0259m\u0259kda\u015fl\u0131q platformas\u0131 oldu\u011fundan x\u0259b\u0259r verir. \u00dczvl\u0259rinin say\u0131na g\u00f6r\u0259, Qo\u015fulmama H\u0259r\u0259kat\u0131 Birl\u0259\u015fmi\u015f Mill\u0259tl\u0259r T\u0259\u015fkilat\u0131ndan sonra d\u00fcnyan\u0131n \u0259n b\u00f6y\u00fck beyn\u0259lxalq qurumudur. Haz\u0131rda Qo\u015fulmama H\u0259r\u0259kat\u0131na \u00fczv&hellip;<\/p>\n","protected":false},"author":2,"featured_media":89517,"comment_status":"closed","ping_status":"closed","sticky":false,"template":"","format":"standard","meta":{"om_disable_all_campaigns":false,"_monsterinsights_skip_tracking":false,"_monsterinsights_sitenote_active":false,"_monsterinsights_sitenote_note":"","_monsterinsights_sitenote_category":0},"categories":[19],"tags":[],"aioseo_notices":[],"gutentor_comment":0,"rttpg_featured_image_url":{"full":["https:\/\/arantv.az\/wp-content\/uploads\/2019\/10\/783065.jpg",800,600,false],"landscape":["https:\/\/arantv.az\/wp-content\/uploads\/2019\/10\/783065.jpg",800,600,false],"portraits":["https:\/\/arantv.az\/wp-content\/uploads\/2019\/10\/783065.jpg",800,600,false],"thumbnail":["https:\/\/arantv.az\/wp-content\/uploads\/2019\/10\/783065-150x150.jpg",150,150,true],"medium":["https:\/\/arantv.az\/wp-content\/uploads\/2019\/10\/783065-300x225.jpg",300,225,true],"large":["https:\/\/arantv.az\/wp-content\/uploads\/2019\/10\/783065.jpg",640,480,false],"1536x1536":["https:\/\/arantv.az\/wp-content\/uploads\/2019\/10\/783065.jpg",800,600,false],"2048x2048":["https:\/\/arantv.az\/wp-content\/uploads\/2019\/10\/783065.jpg",800,600,false],"post-thumbnail":["https:\/\/arantv.az\/wp-content\/uploads\/2019\/10\/783065-240x172.jpg",240,172,true],"advps-thumb-one":["https:\/\/arantv.az\/wp-content\/uploads\/2019\/10\/783065.jpg",800,600,false]},"rttpg_author":{"display_name":"V\u00fcsal Rafiqo\u011flu","author_link":"https:\/\/arantv.az\/?author=2"},"rttpg_comment":0,"rttpg_category":"<a href=\"https:\/\/arantv.az\/?cat=19\" rel=\"category\">G\u00fcnd\u0259m<\/a>","rttpg_excerpt":"S\u0131ralar\u0131nda 120 \u00f6lk\u0259ni birl\u0259\u015fdir\u0259n Qo\u015fulmama H\u0259r\u0259kat\u0131na \u00fczv \u00f6lk\u0259l\u0259rin d\u00f6vl\u0259t v\u0259 h\u00f6kum\u0259t ba\u015f\u00e7\u0131lar\u0131n\u0131n XVIII Zirv\u0259 G\u00f6r\u00fc\u015f\u00fcn\u00fcn Bak\u0131da ke\u00e7irilm\u0259si \u00f6lk\u0259miz v\u0259 regionumuz \u00fc\u00e7\u00fcn olduqca m\u00fch\u00fcm \u0259h\u0259miyy\u0259t k\u0259sb ed\u0259n siyasi hadis\u0259dir. Qo\u015fulmama H\u0259r\u0259kat\u0131nda 120 \u00fczv d\u00f6vl\u0259tl\u0259 yana\u015f\u0131, h\u0259m d\u0259 Birl\u0259\u015fmi\u015f Mill\u0259tl\u0259r T\u0259\u015fkilat\u0131, Afrika \u0130ttifaq\u0131, \u0130slam Konfrans\u0131 T\u0259\u015fkilat\u0131 kimi d\u00fcnyan\u0131n 10 beyn\u0259lxalq n\u00fcfuzlu t\u0259sisat\u0131n\u0131n, \u0259lav\u0259 olaraq m\u00fc\u015fahid\u0259\u00e7i statusu il\u0259&hellip;","_links":{"self":[{"href":"https:\/\/arantv.az\/index.php?rest_route=\/wp\/v2\/posts\/89516"}],"collection":[{"href":"https:\/\/arantv.az\/index.php?rest_route=\/wp\/v2\/posts"}],"about":[{"href":"https:\/\/arantv.az\/index.php?rest_route=\/wp\/v2\/types\/post"}],"author":[{"embeddable":true,"href":"https:\/\/arantv.az\/index.php?rest_route=\/wp\/v2\/users\/2"}],"replies":[{"embeddable":true,"href":"https:\/\/arantv.az\/index.php?rest_route=%2Fwp%2Fv2%2Fcomments&post=89516"}],"version-history":[{"count":0,"href":"https:\/\/arantv.az\/index.php?rest_route=\/wp\/v2\/posts\/89516\/revisions"}],"wp:featuredmedia":[{"embeddable":true,"href":"https:\/\/arantv.az\/index.php?rest_route=\/wp\/v2\/media\/89517"}],"wp:attachment":[{"href":"https:\/\/arantv.az\/index.php?rest_route=%2Fwp%2Fv2%2Fmedia&parent=89516"}],"wp:term":[{"taxonomy":"category","embeddable":true,"href":"https:\/\/arantv.az\/index.php?rest_route=%2Fwp%2Fv2%2Fcategories&post=89516"},{"taxonomy":"post_tag","embeddable":true,"href":"https:\/\/arantv.az\/index.php?rest_route=%2Fwp%2Fv2%2Ftags&post=89516"}],"curies":[{"name":"wp","href":"https:\/\/api.w.org\/{rel}","templated":true}]}}