{"id":89520,"date":"2019-10-26T10:34:12","date_gmt":"2019-10-26T07:34:12","guid":{"rendered":"http:\/\/arantv.az\/?p=89520"},"modified":"2019-10-26T10:34:12","modified_gmt":"2019-10-26T07:34:12","slug":"belarus-parlamentinin-s%c9%99dri-bu-gun-dunya-ozunun-novb%c9%99ti-c%c9%99tin-dovrunu-yasayir","status":"publish","type":"post","link":"https:\/\/arantv.az\/?p=89520","title":{"rendered":"Belarus parlamentinin s\u0259dri: &#8220;Bu g\u00fcn d\u00fcnya \u00f6z\u00fcn\u00fcn n\u00f6vb\u0259ti \u00e7\u0259tin d\u00f6vr\u00fcn\u00fc ya\u015fay\u0131r&#8221;"},"content":{"rendered":"<p>&#8220;Bu g\u00fcn d\u00fcnya \u00f6z\u00fcn\u00fcn n\u00f6vb\u0259ti \u00e7\u0259tin d\u00f6vr\u00fcn\u00fc ya\u015fay\u0131r, qlobal siyas\u0259t getdikc\u0259 daha anla\u015f\u0131lmaz olur&#8221;.<\/p>\n<p><strong>ARANTV.AZ\u00a0<\/strong>\u00a0<a href=\"https:\/\/az.trend.az\/\" target=\"_blank\" rel=\"noopener\">Trend<\/a>-\u0259 istinad\u0259n x\u0259b\u0259r verir ki, bunu Belarus Respublikas\u0131 parlamentinin N\u00fcmay\u0259nd\u0259l\u0259r Palatas\u0131n\u0131n s\u0259dri Vladimir Andrey\u00e7enko Qo\u015fulmama H\u0259r\u0259kat\u0131na \u00fczv \u00f6lk\u0259l\u0259rin d\u00f6vl\u0259t v\u0259 h\u00f6kum\u0259t ba\u015f\u00e7\u0131lar\u0131n\u0131n Bak\u0131da ke\u00e7iril\u0259n XVIII Zirv\u0259 G\u00f6r\u00fc\u015f\u00fcnd\u0259 debat m\u00fczakir\u0259l\u0259rind\u0259 deyib.<\/p>\n<p>S\u0259dr qeyd edib ki, terrorizm, iqlim d\u0259yi\u015fikliyi, n\u00fcv\u0259 silahlar\u0131n\u0131n yay\u0131lmas\u0131 kimi m\u00fch\u00fcm \u00e7a\u011f\u0131r\u0131\u015flar birg\u0259 f\u0259aliyy\u0259t g\u00f6st\u0259rilm\u0259sini z\u0259ruri edir: &#8220;Lakin etimad\u0131n olmamas\u0131 bu istiqam\u0259td\u0259 f\u0259aliyy\u0259t g\u00f6st\u0259rm\u0259y\u0259 mane olur. Ona g\u00f6r\u0259 d\u0259 biz ilk n\u00f6vb\u0259d\u0259 d\u00f6vl\u0259tl\u0259r aras\u0131nda etimad\u0131 m\u00f6hk\u0259ml\u0259ndirm\u0259liyik&#8221;.<\/p>\n<p>V.Andrey\u00e7enko vur\u011fulay\u0131b ki, Belarus bir s\u0131ra yeni ideyalar v\u0259 t\u0259klifl\u0259rl\u0259 \u00e7\u0131x\u0131\u015f edir. Onun s\u00f6zl\u0259rin\u0259 g\u00f6r\u0259, Belarus yeni d\u00fcnya d\u00fcz\u0259ni adl\u0131 konfrans\u0131n\u0131n ke\u00e7irilm\u0259sini, H\u0259r\u0259kat\u0131n uzunm\u00fcdd\u0259tli strateji s\u0259n\u0259dinin haz\u0131rlanmas\u0131n\u0131 t\u0259klif edir: &#8220;Biz bundan sonra da d\u00f6vl\u0259tl\u0259rin suvrenliyinin, m\u00fcst\u0259qilliyinin, d\u00f6vl\u0259tl\u0259rin daxili i\u015fl\u0259rin\u0259 m\u00fcdaxil\u0259 olunmamas\u0131n\u0131n, m\u00fcnaqi\u015f\u0259l\u0259rin dinc yolla h\u0259llinin t\u0259r\u0259fdar\u0131 olaca\u011f\u0131q&#8221;.<\/p>\n","protected":false},"excerpt":{"rendered":"<p>&#8220;Bu g\u00fcn d\u00fcnya \u00f6z\u00fcn\u00fcn n\u00f6vb\u0259ti \u00e7\u0259tin d\u00f6vr\u00fcn\u00fc ya\u015fay\u0131r, qlobal siyas\u0259t getdikc\u0259 daha anla\u015f\u0131lmaz olur&#8221;. ARANTV.AZ\u00a0\u00a0Trend-\u0259 istinad\u0259n x\u0259b\u0259r verir ki, bunu Belarus Respublikas\u0131 parlamentinin N\u00fcmay\u0259nd\u0259l\u0259r Palatas\u0131n\u0131n s\u0259dri Vladimir Andrey\u00e7enko Qo\u015fulmama H\u0259r\u0259kat\u0131na \u00fczv \u00f6lk\u0259l\u0259rin d\u00f6vl\u0259t v\u0259 h\u00f6kum\u0259t ba\u015f\u00e7\u0131lar\u0131n\u0131n Bak\u0131da ke\u00e7iril\u0259n XVIII Zirv\u0259 G\u00f6r\u00fc\u015f\u00fcnd\u0259 debat m\u00fczakir\u0259l\u0259rind\u0259 deyib. S\u0259dr qeyd edib ki, terrorizm, iqlim d\u0259yi\u015fikliyi, n\u00fcv\u0259 silahlar\u0131n\u0131n yay\u0131lmas\u0131 kimi m\u00fch\u00fcm \u00e7a\u011f\u0131r\u0131\u015flar birg\u0259 f\u0259aliyy\u0259t g\u00f6st\u0259rilm\u0259sini z\u0259ruri edir: &#8220;Lakin etimad\u0131n olmamas\u0131 bu istiqam\u0259td\u0259 f\u0259aliyy\u0259t g\u00f6st\u0259rm\u0259y\u0259 mane olur. Ona g\u00f6r\u0259 d\u0259 biz ilk n\u00f6vb\u0259d\u0259 d\u00f6vl\u0259tl\u0259r aras\u0131nda etimad\u0131 m\u00f6hk\u0259ml\u0259ndirm\u0259liyik&#8221;. V.Andrey\u00e7enko vur\u011fulay\u0131b ki, Belarus bir s\u0131ra yeni ideyalar v\u0259&hellip;<\/p>\n","protected":false},"author":2,"featured_media":89521,"comment_status":"closed","ping_status":"closed","sticky":false,"template":"","format":"standard","meta":{"om_disable_all_campaigns":false,"_monsterinsights_skip_tracking":false,"_monsterinsights_sitenote_active":false,"_monsterinsights_sitenote_note":"","_monsterinsights_sitenote_category":0},"categories":[4],"tags":[],"aioseo_notices":[],"gutentor_comment":0,"rttpg_featured_image_url":{"full":["https:\/\/arantv.az\/wp-content\/uploads\/2019\/10\/797348.jpg",800,600,false],"landscape":["https:\/\/arantv.az\/wp-content\/uploads\/2019\/10\/797348.jpg",800,600,false],"portraits":["https:\/\/arantv.az\/wp-content\/uploads\/2019\/10\/797348.jpg",800,600,false],"thumbnail":["https:\/\/arantv.az\/wp-content\/uploads\/2019\/10\/797348-150x150.jpg",150,150,true],"medium":["https:\/\/arantv.az\/wp-content\/uploads\/2019\/10\/797348-300x225.jpg",300,225,true],"large":["https:\/\/arantv.az\/wp-content\/uploads\/2019\/10\/797348.jpg",640,480,false],"1536x1536":["https:\/\/arantv.az\/wp-content\/uploads\/2019\/10\/797348.jpg",800,600,false],"2048x2048":["https:\/\/arantv.az\/wp-content\/uploads\/2019\/10\/797348.jpg",800,600,false],"post-thumbnail":["https:\/\/arantv.az\/wp-content\/uploads\/2019\/10\/797348-240x172.jpg",240,172,true],"advps-thumb-one":["https:\/\/arantv.az\/wp-content\/uploads\/2019\/10\/797348.jpg",800,600,false]},"rttpg_author":{"display_name":"V\u00fcsal Rafiqo\u011flu","author_link":"https:\/\/arantv.az\/?author=2"},"rttpg_comment":0,"rttpg_category":"<a href=\"https:\/\/arantv.az\/?cat=4\" rel=\"category\">Siyas\u0259t<\/a>","rttpg_excerpt":"&#8220;Bu g\u00fcn d\u00fcnya \u00f6z\u00fcn\u00fcn n\u00f6vb\u0259ti \u00e7\u0259tin d\u00f6vr\u00fcn\u00fc ya\u015fay\u0131r, qlobal siyas\u0259t getdikc\u0259 daha anla\u015f\u0131lmaz olur&#8221;. ARANTV.AZ\u00a0\u00a0Trend-\u0259 istinad\u0259n x\u0259b\u0259r verir ki, bunu Belarus Respublikas\u0131 parlamentinin N\u00fcmay\u0259nd\u0259l\u0259r Palatas\u0131n\u0131n s\u0259dri Vladimir Andrey\u00e7enko Qo\u015fulmama H\u0259r\u0259kat\u0131na \u00fczv \u00f6lk\u0259l\u0259rin d\u00f6vl\u0259t v\u0259 h\u00f6kum\u0259t ba\u015f\u00e7\u0131lar\u0131n\u0131n Bak\u0131da ke\u00e7iril\u0259n XVIII Zirv\u0259 G\u00f6r\u00fc\u015f\u00fcnd\u0259 debat m\u00fczakir\u0259l\u0259rind\u0259 deyib. S\u0259dr qeyd edib ki, terrorizm, iqlim d\u0259yi\u015fikliyi, n\u00fcv\u0259 silahlar\u0131n\u0131n yay\u0131lmas\u0131 kimi&hellip;","_links":{"self":[{"href":"https:\/\/arantv.az\/index.php?rest_route=\/wp\/v2\/posts\/89520"}],"collection":[{"href":"https:\/\/arantv.az\/index.php?rest_route=\/wp\/v2\/posts"}],"about":[{"href":"https:\/\/arantv.az\/index.php?rest_route=\/wp\/v2\/types\/post"}],"author":[{"embeddable":true,"href":"https:\/\/arantv.az\/index.php?rest_route=\/wp\/v2\/users\/2"}],"replies":[{"embeddable":true,"href":"https:\/\/arantv.az\/index.php?rest_route=%2Fwp%2Fv2%2Fcomments&post=89520"}],"version-history":[{"count":0,"href":"https:\/\/arantv.az\/index.php?rest_route=\/wp\/v2\/posts\/89520\/revisions"}],"wp:featuredmedia":[{"embeddable":true,"href":"https:\/\/arantv.az\/index.php?rest_route=\/wp\/v2\/media\/89521"}],"wp:attachment":[{"href":"https:\/\/arantv.az\/index.php?rest_route=%2Fwp%2Fv2%2Fmedia&parent=89520"}],"wp:term":[{"taxonomy":"category","embeddable":true,"href":"https:\/\/arantv.az\/index.php?rest_route=%2Fwp%2Fv2%2Fcategories&post=89520"},{"taxonomy":"post_tag","embeddable":true,"href":"https:\/\/arantv.az\/index.php?rest_route=%2Fwp%2Fv2%2Ftags&post=89520"}],"curies":[{"name":"wp","href":"https:\/\/api.w.org\/{rel}","templated":true}]}}