{"id":89528,"date":"2019-10-26T10:40:33","date_gmt":"2019-10-26T07:40:33","guid":{"rendered":"http:\/\/arantv.az\/?p=89528"},"modified":"2019-10-26T10:40:33","modified_gmt":"2019-10-26T07:40:33","slug":"14-yasli-oglan-siginacaqdan-qacdi","status":"publish","type":"post","link":"https:\/\/arantv.az\/?p=89528","title":{"rendered":"14 ya\u015fl\u0131 o\u011flan s\u0131\u011f\u0131nacaqdan qa\u00e7d\u0131"},"content":{"rendered":"<p>Bak\u0131da u\u015faq yerl\u0259\u015fdirildiyi s\u0131\u011f\u0131nacaqdan qa\u00e7\u0131b.<\/p>\n<p><strong>ARANTV.AZ<\/strong>-\u0131n m\u0259lumat\u0131na g\u00f6r\u0259, hadis\u0259 paytaxt\u0131n Sabun\u00e7u rayonunda ba\u015f verib.<\/p>\n<div id=\"AdviadNativeVideo0\" class=\"AdviadNativeVideo\"><\/div>\n<p>&#8220;\u015e\u0259fq\u0259t Nuru&#8221; Kims\u0259sizl\u0259r\u0259 Yard\u0131m Xeyriyy\u0259 \u0130ctimai Birliyinin Sabun\u00e7u rayonu, Ramana q\u0259s\u0259b\u0259si, \u015eu\u015fa \u015f\u0259h\u0259rciyind\u0259ki filial\u0131 olan &#8220;Nur&#8221; U\u015faq Evind\u0259ki s\u0131\u011f\u0131nacaqda saxlan\u0131lan 14 ya\u015fl\u0131 Vlasov F\u0259rid Ruslan o\u011flu oktyabr\u0131n 24-\u00fc saat 13 rad\u0259l\u0259rind\u0259 s\u0131\u011f\u0131nacaqdan qa\u00e7\u0131b.<\/p>\n<p>Faktla ba\u011fl\u0131 ara\u015fd\u0131rmalara ba\u015flan\u0131l\u0131b.Trend<\/p>\n","protected":false},"excerpt":{"rendered":"<p>Bak\u0131da u\u015faq yerl\u0259\u015fdirildiyi s\u0131\u011f\u0131nacaqdan qa\u00e7\u0131b. ARANTV.AZ-\u0131n m\u0259lumat\u0131na g\u00f6r\u0259, hadis\u0259 paytaxt\u0131n Sabun\u00e7u rayonunda ba\u015f verib. &#8220;\u015e\u0259fq\u0259t Nuru&#8221; Kims\u0259sizl\u0259r\u0259 Yard\u0131m Xeyriyy\u0259 \u0130ctimai Birliyinin Sabun\u00e7u rayonu, Ramana q\u0259s\u0259b\u0259si, \u015eu\u015fa \u015f\u0259h\u0259rciyind\u0259ki filial\u0131 olan &#8220;Nur&#8221; U\u015faq Evind\u0259ki s\u0131\u011f\u0131nacaqda saxlan\u0131lan 14 ya\u015fl\u0131 Vlasov F\u0259rid Ruslan o\u011flu oktyabr\u0131n 24-\u00fc saat 13 rad\u0259l\u0259rind\u0259 s\u0131\u011f\u0131nacaqdan qa\u00e7\u0131b. Faktla ba\u011fl\u0131 ara\u015fd\u0131rmalara ba\u015flan\u0131l\u0131b.Trend<\/p>\n","protected":false},"author":2,"featured_media":89529,"comment_status":"closed","ping_status":"closed","sticky":false,"template":"","format":"standard","meta":{"om_disable_all_campaigns":false,"_monsterinsights_skip_tracking":false,"_monsterinsights_sitenote_active":false,"_monsterinsights_sitenote_note":"","_monsterinsights_sitenote_category":0},"categories":[1],"tags":[],"aioseo_notices":[],"gutentor_comment":0,"rttpg_featured_image_url":{"full":["https:\/\/arantv.az\/wp-content\/uploads\/2019\/10\/750869.jpg",549,412,false],"landscape":["https:\/\/arantv.az\/wp-content\/uploads\/2019\/10\/750869.jpg",549,412,false],"portraits":["https:\/\/arantv.az\/wp-content\/uploads\/2019\/10\/750869.jpg",549,412,false],"thumbnail":["https:\/\/arantv.az\/wp-content\/uploads\/2019\/10\/750869-150x150.jpg",150,150,true],"medium":["https:\/\/arantv.az\/wp-content\/uploads\/2019\/10\/750869-300x225.jpg",300,225,true],"large":["https:\/\/arantv.az\/wp-content\/uploads\/2019\/10\/750869.jpg",549,412,false],"1536x1536":["https:\/\/arantv.az\/wp-content\/uploads\/2019\/10\/750869.jpg",549,412,false],"2048x2048":["https:\/\/arantv.az\/wp-content\/uploads\/2019\/10\/750869.jpg",549,412,false],"post-thumbnail":["https:\/\/arantv.az\/wp-content\/uploads\/2019\/10\/750869-240x172.jpg",240,172,true],"advps-thumb-one":["https:\/\/arantv.az\/wp-content\/uploads\/2019\/10\/750869.jpg",549,412,false]},"rttpg_author":{"display_name":"V\u00fcsal Rafiqo\u011flu","author_link":"https:\/\/arantv.az\/?author=2"},"rttpg_comment":0,"rttpg_category":"<a href=\"https:\/\/arantv.az\/?cat=1\" rel=\"category\">C\u0259miyy\u0259t<\/a>","rttpg_excerpt":"Bak\u0131da u\u015faq yerl\u0259\u015fdirildiyi s\u0131\u011f\u0131nacaqdan qa\u00e7\u0131b. ARANTV.AZ-\u0131n m\u0259lumat\u0131na g\u00f6r\u0259, hadis\u0259 paytaxt\u0131n Sabun\u00e7u rayonunda ba\u015f verib. &#8220;\u015e\u0259fq\u0259t Nuru&#8221; Kims\u0259sizl\u0259r\u0259 Yard\u0131m Xeyriyy\u0259 \u0130ctimai Birliyinin Sabun\u00e7u rayonu, Ramana q\u0259s\u0259b\u0259si, \u015eu\u015fa \u015f\u0259h\u0259rciyind\u0259ki filial\u0131 olan &#8220;Nur&#8221; U\u015faq Evind\u0259ki s\u0131\u011f\u0131nacaqda saxlan\u0131lan 14 ya\u015fl\u0131 Vlasov F\u0259rid Ruslan o\u011flu oktyabr\u0131n 24-\u00fc saat 13 rad\u0259l\u0259rind\u0259 s\u0131\u011f\u0131nacaqdan qa\u00e7\u0131b. Faktla ba\u011fl\u0131 ara\u015fd\u0131rmalara ba\u015flan\u0131l\u0131b.Trend","_links":{"self":[{"href":"https:\/\/arantv.az\/index.php?rest_route=\/wp\/v2\/posts\/89528"}],"collection":[{"href":"https:\/\/arantv.az\/index.php?rest_route=\/wp\/v2\/posts"}],"about":[{"href":"https:\/\/arantv.az\/index.php?rest_route=\/wp\/v2\/types\/post"}],"author":[{"embeddable":true,"href":"https:\/\/arantv.az\/index.php?rest_route=\/wp\/v2\/users\/2"}],"replies":[{"embeddable":true,"href":"https:\/\/arantv.az\/index.php?rest_route=%2Fwp%2Fv2%2Fcomments&post=89528"}],"version-history":[{"count":0,"href":"https:\/\/arantv.az\/index.php?rest_route=\/wp\/v2\/posts\/89528\/revisions"}],"wp:featuredmedia":[{"embeddable":true,"href":"https:\/\/arantv.az\/index.php?rest_route=\/wp\/v2\/media\/89529"}],"wp:attachment":[{"href":"https:\/\/arantv.az\/index.php?rest_route=%2Fwp%2Fv2%2Fmedia&parent=89528"}],"wp:term":[{"taxonomy":"category","embeddable":true,"href":"https:\/\/arantv.az\/index.php?rest_route=%2Fwp%2Fv2%2Fcategories&post=89528"},{"taxonomy":"post_tag","embeddable":true,"href":"https:\/\/arantv.az\/index.php?rest_route=%2Fwp%2Fv2%2Ftags&post=89528"}],"curies":[{"name":"wp","href":"https:\/\/api.w.org\/{rel}","templated":true}]}}