{"id":89532,"date":"2019-10-26T10:43:17","date_gmt":"2019-10-26T07:43:17","guid":{"rendered":"http:\/\/arantv.az\/?p=89532"},"modified":"2019-10-26T10:43:17","modified_gmt":"2019-10-26T07:43:17","slug":"novb%c9%99ti-d%c9%99f%c9%99-deputat-olmaq-ist%c9%99yir%c9%99m-72-yasli-hadi-r%c9%99c%c9%99bli","status":"publish","type":"post","link":"https:\/\/arantv.az\/?p=89532","title":{"rendered":"&#8220;N\u00f6vb\u0259ti d\u0259f\u0259 deputat olmaq ist\u0259yir\u0259m&#8221; &#8211; 72 ya\u015fl\u0131 Hadi R\u0259c\u0259bli"},"content":{"rendered":"<p>&#8220;Parlamentd\u0259 ya\u015f m\u0259hdudiyy\u0259ti yoxdur. T\u0259\u0259ss\u00fcf ki, \u0259halinin b\u00f6y\u00fck hiss\u0259si pensiya ya\u015f\u0131 dey\u0259nd\u0259 parlamenti d\u0259 buna qar\u0131\u015fd\u0131r\u0131r&#8221;<\/p>\n<div id=\"AdviadNativeVideo0\" class=\"AdviadNativeVideo\"><\/div>\n<p><b>ARANTV.AZ\u00a0<\/b>x\u0259b\u0259r verir ki, bunu Azvision.az -a a\u00e7\u0131qlamas\u0131nda Milli M\u0259clisin \u018fm\u0259k v\u0259 sosial siyas\u0259t komit\u0259sinin s\u0259dri Hadi R\u0259c\u0259bli deyib. 72 ya\u015fl\u0131 komit\u0259 s\u0259dri 2020-ci ild\u0259 ke\u00e7iril\u0259c\u0259k parlament se\u00e7kil\u0259rind\u0259 yenid\u0259n i\u015ftirak etm\u0259k ist\u0259diyini bildirib.<\/p>\n<p>&#8220;D\u00fcnyada parlamentaril\u0259rin orta ya\u015f\u0131 57-62 aras\u0131ndad\u0131r. Deputatlar bir q\u0259d\u0259r ya\u015fl\u0131 olmal\u0131d\u0131r. Bu g\u00fcn t\u0259\u0259ss\u00fcf ki, parlamentin \u0259traf\u0131nda yalanlar, iftiralar dolan\u0131r, bu da siyasi texnologiyalar\u0131n m\u0259hsuludur. \u0130st\u0259rdim ki, jurnalistl\u0259r h\u0259qiq\u0259tl\u0259ri \u00e7atd\u0131rs\u0131n, f\u0259al deputatla qeyri-f\u0259al deputat\u0131 se\u00e7\u0259 bilsinl\u0259r. Milli M\u0259clisd\u0259 yatan deputat\u0131n olmas\u0131n\u0131n t\u0259r\u0259fdar\u0131 deyil\u0259m, deputat aktiv olmal\u0131d\u0131r v\u0259 bunun ya\u015fa he\u00e7 bir aidiyyat\u0131 yoxdur. \u018fg\u0259r t\u0259msil olundu\u011fum partiya namiz\u0259dliyimi ir\u0259li s\u00fcr\u0259rs\u0259, b\u00f6y\u00fck m\u0259mnuniyy\u0259tl\u0259 n\u00f6vb\u0259ti d\u0259f\u0259 deputat olmaq ist\u0259yir\u0259m&#8221;, &#8211; dey\u0259 H.R\u0259c\u0259bli vur\u011fulay\u0131b.<\/p>\n<p>Qeyd ed\u0259k ki, Hadi R\u0259c\u0259bli I-V \u00e7a\u011f\u0131r\u0131\u015f Az\u0259rbaycan Respublikas\u0131 Milli M\u0259clisinin deputat\u0131d\u0131r.<\/p>\n","protected":false},"excerpt":{"rendered":"<p>&#8220;Parlamentd\u0259 ya\u015f m\u0259hdudiyy\u0259ti yoxdur. T\u0259\u0259ss\u00fcf ki, \u0259halinin b\u00f6y\u00fck hiss\u0259si pensiya ya\u015f\u0131 dey\u0259nd\u0259 parlamenti d\u0259 buna qar\u0131\u015fd\u0131r\u0131r&#8221; ARANTV.AZ\u00a0x\u0259b\u0259r verir ki, bunu Azvision.az -a a\u00e7\u0131qlamas\u0131nda Milli M\u0259clisin \u018fm\u0259k v\u0259 sosial siyas\u0259t komit\u0259sinin s\u0259dri Hadi R\u0259c\u0259bli deyib. 72 ya\u015fl\u0131 komit\u0259 s\u0259dri 2020-ci ild\u0259 ke\u00e7iril\u0259c\u0259k parlament se\u00e7kil\u0259rind\u0259 yenid\u0259n i\u015ftirak etm\u0259k ist\u0259diyini bildirib. &#8220;D\u00fcnyada parlamentaril\u0259rin orta ya\u015f\u0131 57-62 aras\u0131ndad\u0131r. Deputatlar bir q\u0259d\u0259r ya\u015fl\u0131 olmal\u0131d\u0131r. Bu g\u00fcn t\u0259\u0259ss\u00fcf ki, parlamentin \u0259traf\u0131nda yalanlar, iftiralar dolan\u0131r, bu da siyasi texnologiyalar\u0131n m\u0259hsuludur. \u0130st\u0259rdim ki, jurnalistl\u0259r h\u0259qiq\u0259tl\u0259ri \u00e7atd\u0131rs\u0131n, f\u0259al deputatla qeyri-f\u0259al deputat\u0131 se\u00e7\u0259 bilsinl\u0259r. Milli M\u0259clisd\u0259 yatan deputat\u0131n olmas\u0131n\u0131n t\u0259r\u0259fdar\u0131&hellip;<\/p>\n","protected":false},"author":2,"featured_media":89533,"comment_status":"closed","ping_status":"closed","sticky":false,"template":"","format":"standard","meta":{"om_disable_all_campaigns":false,"_monsterinsights_skip_tracking":false,"_monsterinsights_sitenote_active":false,"_monsterinsights_sitenote_note":"","_monsterinsights_sitenote_category":0},"categories":[1],"tags":[],"aioseo_notices":[],"gutentor_comment":0,"rttpg_featured_image_url":{"full":["https:\/\/arantv.az\/wp-content\/uploads\/2019\/10\/1572075119_41197-1572072411.jpg",649,419,false],"landscape":["https:\/\/arantv.az\/wp-content\/uploads\/2019\/10\/1572075119_41197-1572072411.jpg",649,419,false],"portraits":["https:\/\/arantv.az\/wp-content\/uploads\/2019\/10\/1572075119_41197-1572072411.jpg",649,419,false],"thumbnail":["https:\/\/arantv.az\/wp-content\/uploads\/2019\/10\/1572075119_41197-1572072411-150x150.jpg",150,150,true],"medium":["https:\/\/arantv.az\/wp-content\/uploads\/2019\/10\/1572075119_41197-1572072411-300x194.jpg",300,194,true],"large":["https:\/\/arantv.az\/wp-content\/uploads\/2019\/10\/1572075119_41197-1572072411.jpg",640,413,false],"1536x1536":["https:\/\/arantv.az\/wp-content\/uploads\/2019\/10\/1572075119_41197-1572072411.jpg",649,419,false],"2048x2048":["https:\/\/arantv.az\/wp-content\/uploads\/2019\/10\/1572075119_41197-1572072411.jpg",649,419,false],"post-thumbnail":["https:\/\/arantv.az\/wp-content\/uploads\/2019\/10\/1572075119_41197-1572072411-240x172.jpg",240,172,true],"advps-thumb-one":["https:\/\/arantv.az\/wp-content\/uploads\/2019\/10\/1572075119_41197-1572072411.jpg",649,419,false]},"rttpg_author":{"display_name":"V\u00fcsal Rafiqo\u011flu","author_link":"https:\/\/arantv.az\/?author=2"},"rttpg_comment":0,"rttpg_category":"<a href=\"https:\/\/arantv.az\/?cat=1\" rel=\"category\">C\u0259miyy\u0259t<\/a>","rttpg_excerpt":"&#8220;Parlamentd\u0259 ya\u015f m\u0259hdudiyy\u0259ti yoxdur. T\u0259\u0259ss\u00fcf ki, \u0259halinin b\u00f6y\u00fck hiss\u0259si pensiya ya\u015f\u0131 dey\u0259nd\u0259 parlamenti d\u0259 buna qar\u0131\u015fd\u0131r\u0131r&#8221; ARANTV.AZ\u00a0x\u0259b\u0259r verir ki, bunu Azvision.az -a a\u00e7\u0131qlamas\u0131nda Milli M\u0259clisin \u018fm\u0259k v\u0259 sosial siyas\u0259t komit\u0259sinin s\u0259dri Hadi R\u0259c\u0259bli deyib. 72 ya\u015fl\u0131 komit\u0259 s\u0259dri 2020-ci ild\u0259 ke\u00e7iril\u0259c\u0259k parlament se\u00e7kil\u0259rind\u0259 yenid\u0259n i\u015ftirak etm\u0259k ist\u0259diyini bildirib. &#8220;D\u00fcnyada parlamentaril\u0259rin orta ya\u015f\u0131 57-62 aras\u0131ndad\u0131r. Deputatlar&hellip;","_links":{"self":[{"href":"https:\/\/arantv.az\/index.php?rest_route=\/wp\/v2\/posts\/89532"}],"collection":[{"href":"https:\/\/arantv.az\/index.php?rest_route=\/wp\/v2\/posts"}],"about":[{"href":"https:\/\/arantv.az\/index.php?rest_route=\/wp\/v2\/types\/post"}],"author":[{"embeddable":true,"href":"https:\/\/arantv.az\/index.php?rest_route=\/wp\/v2\/users\/2"}],"replies":[{"embeddable":true,"href":"https:\/\/arantv.az\/index.php?rest_route=%2Fwp%2Fv2%2Fcomments&post=89532"}],"version-history":[{"count":0,"href":"https:\/\/arantv.az\/index.php?rest_route=\/wp\/v2\/posts\/89532\/revisions"}],"wp:featuredmedia":[{"embeddable":true,"href":"https:\/\/arantv.az\/index.php?rest_route=\/wp\/v2\/media\/89533"}],"wp:attachment":[{"href":"https:\/\/arantv.az\/index.php?rest_route=%2Fwp%2Fv2%2Fmedia&parent=89532"}],"wp:term":[{"taxonomy":"category","embeddable":true,"href":"https:\/\/arantv.az\/index.php?rest_route=%2Fwp%2Fv2%2Fcategories&post=89532"},{"taxonomy":"post_tag","embeddable":true,"href":"https:\/\/arantv.az\/index.php?rest_route=%2Fwp%2Fv2%2Ftags&post=89532"}],"curies":[{"name":"wp","href":"https:\/\/api.w.org\/{rel}","templated":true}]}}