{"id":89536,"date":"2019-10-26T10:52:20","date_gmt":"2019-10-26T07:52:20","guid":{"rendered":"http:\/\/arantv.az\/?p=89536"},"modified":"2019-10-26T10:52:20","modified_gmt":"2019-10-26T07:52:20","slug":"birinci-vitse-prezident-mehriban-%c9%99liyeva-instaqram-s%c9%99hif%c9%99sind%c9%99-qosulmama-h%c9%99r%c9%99katinin-xviii-zirv%c9%99-gorusu-il%c9%99-%c9%99laq%c9%99dar-paylasim-edib","status":"publish","type":"post","link":"https:\/\/arantv.az\/?p=89536","title":{"rendered":"Birinci vitse-prezident Mehriban \u018fliyeva \u0130nstaqram s\u0259hif\u0259sind\u0259 Qo\u015fulmama H\u0259r\u0259kat\u0131n\u0131n XVIII Zirv\u0259 G\u00f6r\u00fc\u015f\u00fc il\u0259 \u0259laq\u0259dar payla\u015f\u0131m edib"},"content":{"rendered":"<p>Az\u0259rbaycan Respublikas\u0131n\u0131n Birinci vitse-prezidenti Mehriban \u018fliyeva r\u0259smi\u00a0<a href=\"https:\/\/www.instagram.com\/p\/B1BNxAhAl7r\/?igshid=vj4xw7gvfh68\" target=\"_blank\" rel=\"noopener\">\u0130nstaqram s\u0259hif\u0259sind\u0259<\/a>\u00a0Bak\u0131da ke\u00e7iril\u0259n Qo\u015fulmama H\u0259r\u0259kat\u0131n\u0131n XVIII Zirv\u0259 G\u00f6r\u00fc\u015f\u00fc il\u0259 \u0259laq\u0259dar payla\u015f\u0131m edib.<\/p>\n<p><strong>ARANTV.AZ<\/strong>\u00a0\u00a0<a href=\"https:\/\/az.trend.az\/\" target=\"_blank\" rel=\"noopener\">Trend<\/a>-\u0259 istinad\u0259n x\u0259b\u0259r verir ki, Birinci vitse-prezidentin payla\u015f\u0131m\u0131nda deyilir:<\/p>\n<p>&#8220;G\u0259l\u0259n \u00fc\u00e7 il \u0259rzind\u0259 \u00f6lk\u0259miz Qo\u015fulmama H\u0259r\u0259kat\u0131na s\u0259drlik ed\u0259c\u0259k v\u0259 m\u0259n \u0259min\u0259m ki, bu ill\u0259r \u0259rzind\u0259 \u00f6z f\u0259aliyy\u0259tini m\u0259hz bu prinsipl\u0259r &#8211; \u0259m\u0259kda\u015fl\u0131q, t\u0259r\u0259fda\u015fl\u0131q, qar\u015f\u0131l\u0131ql\u0131 h\u00f6rm\u0259t, \u00f6lk\u0259l\u0259rin suverenliyin\u0259 v\u0259 \u0259razi b\u00fct\u00f6vl\u00fcy\u00fcn\u0259 d\u0259st\u0259k \u015f\u0259klind\u0259 h\u0259yata ke\u00e7ir\u0259c\u0259k&#8221;.<\/p>\n","protected":false},"excerpt":{"rendered":"<p>Az\u0259rbaycan Respublikas\u0131n\u0131n Birinci vitse-prezidenti Mehriban \u018fliyeva r\u0259smi\u00a0\u0130nstaqram s\u0259hif\u0259sind\u0259\u00a0Bak\u0131da ke\u00e7iril\u0259n Qo\u015fulmama H\u0259r\u0259kat\u0131n\u0131n XVIII Zirv\u0259 G\u00f6r\u00fc\u015f\u00fc il\u0259 \u0259laq\u0259dar payla\u015f\u0131m edib. ARANTV.AZ\u00a0\u00a0Trend-\u0259 istinad\u0259n x\u0259b\u0259r verir ki, Birinci vitse-prezidentin payla\u015f\u0131m\u0131nda deyilir: &#8220;G\u0259l\u0259n \u00fc\u00e7 il \u0259rzind\u0259 \u00f6lk\u0259miz Qo\u015fulmama H\u0259r\u0259kat\u0131na s\u0259drlik ed\u0259c\u0259k v\u0259 m\u0259n \u0259min\u0259m ki, bu ill\u0259r \u0259rzind\u0259 \u00f6z f\u0259aliyy\u0259tini m\u0259hz bu prinsipl\u0259r &#8211; \u0259m\u0259kda\u015fl\u0131q, t\u0259r\u0259fda\u015fl\u0131q, qar\u015f\u0131l\u0131ql\u0131 h\u00f6rm\u0259t, \u00f6lk\u0259l\u0259rin suverenliyin\u0259 v\u0259 \u0259razi b\u00fct\u00f6vl\u00fcy\u00fcn\u0259 d\u0259st\u0259k \u015f\u0259klind\u0259 h\u0259yata ke\u00e7ir\u0259c\u0259k&#8221;.<\/p>\n","protected":false},"author":2,"featured_media":89537,"comment_status":"closed","ping_status":"closed","sticky":false,"template":"","format":"standard","meta":{"om_disable_all_campaigns":false,"_monsterinsights_skip_tracking":false,"_monsterinsights_sitenote_active":false,"_monsterinsights_sitenote_note":"","_monsterinsights_sitenote_category":0},"categories":[4],"tags":[],"aioseo_notices":[],"gutentor_comment":0,"rttpg_featured_image_url":{"full":["https:\/\/arantv.az\/wp-content\/uploads\/2019\/10\/743743.jpg",800,600,false],"landscape":["https:\/\/arantv.az\/wp-content\/uploads\/2019\/10\/743743.jpg",800,600,false],"portraits":["https:\/\/arantv.az\/wp-content\/uploads\/2019\/10\/743743.jpg",800,600,false],"thumbnail":["https:\/\/arantv.az\/wp-content\/uploads\/2019\/10\/743743-150x150.jpg",150,150,true],"medium":["https:\/\/arantv.az\/wp-content\/uploads\/2019\/10\/743743-300x225.jpg",300,225,true],"large":["https:\/\/arantv.az\/wp-content\/uploads\/2019\/10\/743743.jpg",640,480,false],"1536x1536":["https:\/\/arantv.az\/wp-content\/uploads\/2019\/10\/743743.jpg",800,600,false],"2048x2048":["https:\/\/arantv.az\/wp-content\/uploads\/2019\/10\/743743.jpg",800,600,false],"post-thumbnail":["https:\/\/arantv.az\/wp-content\/uploads\/2019\/10\/743743-240x172.jpg",240,172,true],"advps-thumb-one":["https:\/\/arantv.az\/wp-content\/uploads\/2019\/10\/743743.jpg",800,600,false]},"rttpg_author":{"display_name":"V\u00fcsal Rafiqo\u011flu","author_link":"https:\/\/arantv.az\/?author=2"},"rttpg_comment":0,"rttpg_category":"<a href=\"https:\/\/arantv.az\/?cat=4\" rel=\"category\">Siyas\u0259t<\/a>","rttpg_excerpt":"Az\u0259rbaycan Respublikas\u0131n\u0131n Birinci vitse-prezidenti Mehriban \u018fliyeva r\u0259smi\u00a0\u0130nstaqram s\u0259hif\u0259sind\u0259\u00a0Bak\u0131da ke\u00e7iril\u0259n Qo\u015fulmama H\u0259r\u0259kat\u0131n\u0131n XVIII Zirv\u0259 G\u00f6r\u00fc\u015f\u00fc il\u0259 \u0259laq\u0259dar payla\u015f\u0131m edib. ARANTV.AZ\u00a0\u00a0Trend-\u0259 istinad\u0259n x\u0259b\u0259r verir ki, Birinci vitse-prezidentin payla\u015f\u0131m\u0131nda deyilir: &#8220;G\u0259l\u0259n \u00fc\u00e7 il \u0259rzind\u0259 \u00f6lk\u0259miz Qo\u015fulmama H\u0259r\u0259kat\u0131na s\u0259drlik ed\u0259c\u0259k v\u0259 m\u0259n \u0259min\u0259m ki, bu ill\u0259r \u0259rzind\u0259 \u00f6z f\u0259aliyy\u0259tini m\u0259hz bu prinsipl\u0259r &#8211; \u0259m\u0259kda\u015fl\u0131q, t\u0259r\u0259fda\u015fl\u0131q, qar\u015f\u0131l\u0131ql\u0131 h\u00f6rm\u0259t, \u00f6lk\u0259l\u0259rin suverenliyin\u0259&hellip;","_links":{"self":[{"href":"https:\/\/arantv.az\/index.php?rest_route=\/wp\/v2\/posts\/89536"}],"collection":[{"href":"https:\/\/arantv.az\/index.php?rest_route=\/wp\/v2\/posts"}],"about":[{"href":"https:\/\/arantv.az\/index.php?rest_route=\/wp\/v2\/types\/post"}],"author":[{"embeddable":true,"href":"https:\/\/arantv.az\/index.php?rest_route=\/wp\/v2\/users\/2"}],"replies":[{"embeddable":true,"href":"https:\/\/arantv.az\/index.php?rest_route=%2Fwp%2Fv2%2Fcomments&post=89536"}],"version-history":[{"count":0,"href":"https:\/\/arantv.az\/index.php?rest_route=\/wp\/v2\/posts\/89536\/revisions"}],"wp:featuredmedia":[{"embeddable":true,"href":"https:\/\/arantv.az\/index.php?rest_route=\/wp\/v2\/media\/89537"}],"wp:attachment":[{"href":"https:\/\/arantv.az\/index.php?rest_route=%2Fwp%2Fv2%2Fmedia&parent=89536"}],"wp:term":[{"taxonomy":"category","embeddable":true,"href":"https:\/\/arantv.az\/index.php?rest_route=%2Fwp%2Fv2%2Fcategories&post=89536"},{"taxonomy":"post_tag","embeddable":true,"href":"https:\/\/arantv.az\/index.php?rest_route=%2Fwp%2Fv2%2Ftags&post=89536"}],"curies":[{"name":"wp","href":"https:\/\/api.w.org\/{rel}","templated":true}]}}