{"id":89544,"date":"2019-10-26T10:56:09","date_gmt":"2019-10-26T07:56:09","guid":{"rendered":"http:\/\/arantv.az\/?p=89544"},"modified":"2019-10-26T10:56:09","modified_gmt":"2019-10-26T07:56:09","slug":"k%c9%99rb%c9%99lada-itkin-dus%c9%99n-az%c9%99rbaycanli-z%c9%99vvarin-c%c9%99s%c9%99di-tapildi","status":"publish","type":"post","link":"https:\/\/arantv.az\/?p=89544","title":{"rendered":"K\u0259rb\u0259lada itkin d\u00fc\u015f\u0259n az\u0259rbaycanl\u0131 z\u0259vvar\u0131n c\u0259s\u0259di tap\u0131ld\u0131"},"content":{"rendered":"<p>K\u0259rb\u0259laya ziyar\u0259t\u0259 ged\u0259n \u0130mi\u015fli rayonunun axundu orada d\u00fcnyas\u0131n\u0131 d\u0259yi\u015fib.<\/p>\n<p><strong>ARANTV.AZ<\/strong>\u00a0\u00a0<a href=\"https:\/\/az.trend.az\/\" target=\"_blank\" rel=\"noopener\">Trend<\/a>-\u0259 istinad\u0259n x\u0259b\u0259r verir ki, bu ay\u0131n \u0259vv\u0259ll\u0259rind\u0259 dig\u0259r az\u0259rbaycanl\u0131 z\u0259vvarlarla \u0130raqa &#8211; K\u0259rb\u0259la ziyar\u0259tin\u0259 yola d\u00fc\u015f\u0259n Yusifov Dav\u0259r Qafar o\u011flu orada itkin d\u00fc\u015f\u00fcb. Bir m\u00fcdd\u0259t sonra is\u0259 Dav\u0259r Yusifovun K\u0259rb\u0259lada insanlar aras\u0131nda s\u0131xl\u0131\u011fa d\u00fc\u015f\u0259r\u0259k d\u00fcnyas\u0131n\u0131 d\u0259yi\u015fidiyi bildirilib.<\/p>\n<p>Bu bar\u0259d\u0259 Trend-\u0259 axundun yax\u0131nlar\u0131 x\u0259b\u0259r veribl\u0259r. Onlar\u0131n dediyin\u0259 g\u00f6r\u0259, ziyar\u0259td\u0259 insanlar\u0131n s\u0131x oldu\u011fu bir yerd\u0259 axundun \u00fcr\u0259yi tutub v\u0259 o d\u00fcnyasn\u0131 d\u0259yi\u015fib. Haz\u0131rda onun meyiti K\u0259rb\u0259la x\u0259st\u0259xanas\u0131n\u0131n morqundad\u0131r.<\/p>\n<p>Xat\u0131rladaq ki, D.Yusifov \u0130mi\u015fli rayon Sar\u0131xanl\u0131 k\u0259ndinin axundudur. Bir ne\u00e7\u0259 g\u00fcn \u0259vv\u0259l onun itkin d\u00fc\u015fm\u0259si bar\u0259d\u0259 x\u0259b\u0259r vermi\u015fdik.<\/p>\n","protected":false},"excerpt":{"rendered":"<p>K\u0259rb\u0259laya ziyar\u0259t\u0259 ged\u0259n \u0130mi\u015fli rayonunun axundu orada d\u00fcnyas\u0131n\u0131 d\u0259yi\u015fib. ARANTV.AZ\u00a0\u00a0Trend-\u0259 istinad\u0259n x\u0259b\u0259r verir ki, bu ay\u0131n \u0259vv\u0259ll\u0259rind\u0259 dig\u0259r az\u0259rbaycanl\u0131 z\u0259vvarlarla \u0130raqa &#8211; K\u0259rb\u0259la ziyar\u0259tin\u0259 yola d\u00fc\u015f\u0259n Yusifov Dav\u0259r Qafar o\u011flu orada itkin d\u00fc\u015f\u00fcb. Bir m\u00fcdd\u0259t sonra is\u0259 Dav\u0259r Yusifovun K\u0259rb\u0259lada insanlar aras\u0131nda s\u0131xl\u0131\u011fa d\u00fc\u015f\u0259r\u0259k d\u00fcnyas\u0131n\u0131 d\u0259yi\u015fidiyi bildirilib. Bu bar\u0259d\u0259 Trend-\u0259 axundun yax\u0131nlar\u0131 x\u0259b\u0259r veribl\u0259r. Onlar\u0131n dediyin\u0259 g\u00f6r\u0259, ziyar\u0259td\u0259 insanlar\u0131n s\u0131x oldu\u011fu bir yerd\u0259 axundun \u00fcr\u0259yi tutub v\u0259 o d\u00fcnyasn\u0131 d\u0259yi\u015fib. Haz\u0131rda onun meyiti K\u0259rb\u0259la x\u0259st\u0259xanas\u0131n\u0131n morqundad\u0131r. Xat\u0131rladaq ki, D.Yusifov \u0130mi\u015fli rayon Sar\u0131xanl\u0131 k\u0259ndinin axundudur. Bir ne\u00e7\u0259 g\u00fcn \u0259vv\u0259l onun itkin&hellip;<\/p>\n","protected":false},"author":2,"featured_media":89545,"comment_status":"closed","ping_status":"closed","sticky":false,"template":"","format":"standard","meta":{"om_disable_all_campaigns":false,"_monsterinsights_skip_tracking":false,"_monsterinsights_sitenote_active":false,"_monsterinsights_sitenote_note":"","_monsterinsights_sitenote_category":0},"categories":[5],"tags":[],"aioseo_notices":[],"gutentor_comment":0,"rttpg_featured_image_url":{"full":["https:\/\/arantv.az\/wp-content\/uploads\/2019\/10\/797344.jpg",800,600,false],"landscape":["https:\/\/arantv.az\/wp-content\/uploads\/2019\/10\/797344.jpg",800,600,false],"portraits":["https:\/\/arantv.az\/wp-content\/uploads\/2019\/10\/797344.jpg",800,600,false],"thumbnail":["https:\/\/arantv.az\/wp-content\/uploads\/2019\/10\/797344-150x150.jpg",150,150,true],"medium":["https:\/\/arantv.az\/wp-content\/uploads\/2019\/10\/797344-300x225.jpg",300,225,true],"large":["https:\/\/arantv.az\/wp-content\/uploads\/2019\/10\/797344.jpg",640,480,false],"1536x1536":["https:\/\/arantv.az\/wp-content\/uploads\/2019\/10\/797344.jpg",800,600,false],"2048x2048":["https:\/\/arantv.az\/wp-content\/uploads\/2019\/10\/797344.jpg",800,600,false],"post-thumbnail":["https:\/\/arantv.az\/wp-content\/uploads\/2019\/10\/797344-240x172.jpg",240,172,true],"advps-thumb-one":["https:\/\/arantv.az\/wp-content\/uploads\/2019\/10\/797344.jpg",800,600,false]},"rttpg_author":{"display_name":"V\u00fcsal Rafiqo\u011flu","author_link":"https:\/\/arantv.az\/?author=2"},"rttpg_comment":0,"rttpg_category":"<a href=\"https:\/\/arantv.az\/?cat=5\" rel=\"category\">Hadis\u0259<\/a>","rttpg_excerpt":"K\u0259rb\u0259laya ziyar\u0259t\u0259 ged\u0259n \u0130mi\u015fli rayonunun axundu orada d\u00fcnyas\u0131n\u0131 d\u0259yi\u015fib. ARANTV.AZ\u00a0\u00a0Trend-\u0259 istinad\u0259n x\u0259b\u0259r verir ki, bu ay\u0131n \u0259vv\u0259ll\u0259rind\u0259 dig\u0259r az\u0259rbaycanl\u0131 z\u0259vvarlarla \u0130raqa &#8211; K\u0259rb\u0259la ziyar\u0259tin\u0259 yola d\u00fc\u015f\u0259n Yusifov Dav\u0259r Qafar o\u011flu orada itkin d\u00fc\u015f\u00fcb. Bir m\u00fcdd\u0259t sonra is\u0259 Dav\u0259r Yusifovun K\u0259rb\u0259lada insanlar aras\u0131nda s\u0131xl\u0131\u011fa d\u00fc\u015f\u0259r\u0259k d\u00fcnyas\u0131n\u0131 d\u0259yi\u015fidiyi bildirilib. Bu bar\u0259d\u0259 Trend-\u0259 axundun yax\u0131nlar\u0131 x\u0259b\u0259r veribl\u0259r. Onlar\u0131n&hellip;","_links":{"self":[{"href":"https:\/\/arantv.az\/index.php?rest_route=\/wp\/v2\/posts\/89544"}],"collection":[{"href":"https:\/\/arantv.az\/index.php?rest_route=\/wp\/v2\/posts"}],"about":[{"href":"https:\/\/arantv.az\/index.php?rest_route=\/wp\/v2\/types\/post"}],"author":[{"embeddable":true,"href":"https:\/\/arantv.az\/index.php?rest_route=\/wp\/v2\/users\/2"}],"replies":[{"embeddable":true,"href":"https:\/\/arantv.az\/index.php?rest_route=%2Fwp%2Fv2%2Fcomments&post=89544"}],"version-history":[{"count":0,"href":"https:\/\/arantv.az\/index.php?rest_route=\/wp\/v2\/posts\/89544\/revisions"}],"wp:featuredmedia":[{"embeddable":true,"href":"https:\/\/arantv.az\/index.php?rest_route=\/wp\/v2\/media\/89545"}],"wp:attachment":[{"href":"https:\/\/arantv.az\/index.php?rest_route=%2Fwp%2Fv2%2Fmedia&parent=89544"}],"wp:term":[{"taxonomy":"category","embeddable":true,"href":"https:\/\/arantv.az\/index.php?rest_route=%2Fwp%2Fv2%2Fcategories&post=89544"},{"taxonomy":"post_tag","embeddable":true,"href":"https:\/\/arantv.az\/index.php?rest_route=%2Fwp%2Fv2%2Ftags&post=89544"}],"curies":[{"name":"wp","href":"https:\/\/api.w.org\/{rel}","templated":true}]}}