{"id":89548,"date":"2019-10-26T11:06:51","date_gmt":"2019-10-26T08:06:51","guid":{"rendered":"http:\/\/arantv.az\/?p=89548"},"modified":"2019-10-26T11:06:51","modified_gmt":"2019-10-26T08:06:51","slug":"mehriban-%c9%99liyeva-uc-il-%c9%99rzind%c9%99-olk%c9%99miz-qosulmama-h%c9%99r%c9%99katina-s%c9%99drlik-ed%c9%99c%c9%99k-foto","status":"publish","type":"post","link":"https:\/\/arantv.az\/?p=89548","title":{"rendered":"Mehriban \u018fliyeva: \u00dc\u00e7 il \u0259rzind\u0259 \u00f6lk\u0259miz Qo\u015fulmama H\u0259r\u0259kat\u0131na s\u0259drlik ed\u0259c\u0259k &#8211; FOTO"},"content":{"rendered":"<p>Az\u0259rbaycan Respublikas\u0131n\u0131n Birinci vitse-prezidenti Mehriban \u018fliyeva \u201cInstagram\u201d hesab\u0131nda Bak\u0131da ke\u00e7iril\u0259n Qo\u015fulmama H\u0259r\u0259kat\u0131n\u0131n XVIII Zirv\u0259 G\u00f6r\u00fc\u015f\u00fc il\u0259 \u0259laq\u0259dar payla\u015f\u0131m edib.<\/p>\n<p>Birinci vitse-prezidentin payla\u015f\u0131m\u0131nda deyilir:<\/p>\n<p>\u201cG\u0259l\u0259n \u00fc\u00e7 il \u0259rzind\u0259 \u00f6lk\u0259miz Qo\u015fulmama H\u0259r\u0259kat\u0131na s\u0259drlik ed\u0259c\u0259k v\u0259 m\u0259n \u0259min\u0259m ki, bu ill\u0259r \u0259rzind\u0259 \u00f6z f\u0259aliyy\u0259tini m\u0259hz bu prinsipl\u0259r &#8211; \u0259m\u0259kda\u015fl\u0131q, t\u0259r\u0259fda\u015fl\u0131q, qar\u015f\u0131l\u0131ql\u0131 h\u00f6rm\u0259t, \u00f6lk\u0259l\u0259rin suverenliyin\u0259 v\u0259 \u0259razi b\u00fct\u00f6vl\u00fcy\u00fcn\u0259 d\u0259st\u0259k \u015f\u0259klind\u0259 h\u0259yata ke\u00e7ir\u0259c\u0259k\u201d.<\/p>\n<div><iframe loading=\"lazy\" id=\"instagram-embed-0\" class=\"instagram-media instagram-media-rendered\" src=\"https:\/\/www.instagram.com\/p\/B4Eq_DfgYGK\/embed\/captioned\/?cr=1&amp;v=12&amp;wp=540&amp;rd=https%3A%2F%2Foxu.az&amp;rp=%2Fpolitics%2F339470#%7B%22ci%22%3A0%2C%22os%22%3A1500.1350000002276%2C%22ls%22%3A1069.5699999996577%2C%22le%22%3A1200.1799999998184%7D\" width=\"300\" height=\"788\" frameborder=\"0\" scrolling=\"no\" allowfullscreen=\"allowfullscreen\" data-instgrm-payload-id=\"instagram-media-payload-0\" data-mce-fragment=\"1\"><\/iframe><\/div>\n<p>&nbsp;<\/p>\n","protected":false},"excerpt":{"rendered":"<p>Az\u0259rbaycan Respublikas\u0131n\u0131n Birinci vitse-prezidenti Mehriban \u018fliyeva \u201cInstagram\u201d hesab\u0131nda Bak\u0131da ke\u00e7iril\u0259n Qo\u015fulmama H\u0259r\u0259kat\u0131n\u0131n XVIII Zirv\u0259 G\u00f6r\u00fc\u015f\u00fc il\u0259 \u0259laq\u0259dar payla\u015f\u0131m edib. Birinci vitse-prezidentin payla\u015f\u0131m\u0131nda deyilir: \u201cG\u0259l\u0259n \u00fc\u00e7 il \u0259rzind\u0259 \u00f6lk\u0259miz Qo\u015fulmama H\u0259r\u0259kat\u0131na s\u0259drlik ed\u0259c\u0259k v\u0259 m\u0259n \u0259min\u0259m ki, bu ill\u0259r \u0259rzind\u0259 \u00f6z f\u0259aliyy\u0259tini m\u0259hz bu prinsipl\u0259r &#8211; \u0259m\u0259kda\u015fl\u0131q, t\u0259r\u0259fda\u015fl\u0131q, qar\u015f\u0131l\u0131ql\u0131 h\u00f6rm\u0259t, \u00f6lk\u0259l\u0259rin suverenliyin\u0259 v\u0259 \u0259razi b\u00fct\u00f6vl\u00fcy\u00fcn\u0259 d\u0259st\u0259k \u015f\u0259klind\u0259 h\u0259yata ke\u00e7ir\u0259c\u0259k\u201d. &nbsp;<\/p>\n","protected":false},"author":2,"featured_media":89549,"comment_status":"closed","ping_status":"closed","sticky":false,"template":"","format":"standard","meta":{"om_disable_all_campaigns":false,"_monsterinsights_skip_tracking":false,"_monsterinsights_sitenote_active":false,"_monsterinsights_sitenote_note":"","_monsterinsights_sitenote_category":0},"categories":[4],"tags":[],"aioseo_notices":[],"gutentor_comment":0,"rttpg_featured_image_url":{"full":["https:\/\/arantv.az\/wp-content\/uploads\/2019\/10\/73165362_390799908497172_5235563329937735680_n.jpg",620,431,false],"landscape":["https:\/\/arantv.az\/wp-content\/uploads\/2019\/10\/73165362_390799908497172_5235563329937735680_n.jpg",620,431,false],"portraits":["https:\/\/arantv.az\/wp-content\/uploads\/2019\/10\/73165362_390799908497172_5235563329937735680_n.jpg",620,431,false],"thumbnail":["https:\/\/arantv.az\/wp-content\/uploads\/2019\/10\/73165362_390799908497172_5235563329937735680_n-150x150.jpg",150,150,true],"medium":["https:\/\/arantv.az\/wp-content\/uploads\/2019\/10\/73165362_390799908497172_5235563329937735680_n-300x209.jpg",300,209,true],"large":["https:\/\/arantv.az\/wp-content\/uploads\/2019\/10\/73165362_390799908497172_5235563329937735680_n.jpg",620,431,false],"1536x1536":["https:\/\/arantv.az\/wp-content\/uploads\/2019\/10\/73165362_390799908497172_5235563329937735680_n.jpg",620,431,false],"2048x2048":["https:\/\/arantv.az\/wp-content\/uploads\/2019\/10\/73165362_390799908497172_5235563329937735680_n.jpg",620,431,false],"post-thumbnail":["https:\/\/arantv.az\/wp-content\/uploads\/2019\/10\/73165362_390799908497172_5235563329937735680_n-240x172.jpg",240,172,true],"advps-thumb-one":["https:\/\/arantv.az\/wp-content\/uploads\/2019\/10\/73165362_390799908497172_5235563329937735680_n.jpg",620,431,false]},"rttpg_author":{"display_name":"V\u00fcsal Rafiqo\u011flu","author_link":"https:\/\/arantv.az\/?author=2"},"rttpg_comment":0,"rttpg_category":"<a href=\"https:\/\/arantv.az\/?cat=4\" rel=\"category\">Siyas\u0259t<\/a>","rttpg_excerpt":"Az\u0259rbaycan Respublikas\u0131n\u0131n Birinci vitse-prezidenti Mehriban \u018fliyeva \u201cInstagram\u201d hesab\u0131nda Bak\u0131da ke\u00e7iril\u0259n Qo\u015fulmama H\u0259r\u0259kat\u0131n\u0131n XVIII Zirv\u0259 G\u00f6r\u00fc\u015f\u00fc il\u0259 \u0259laq\u0259dar payla\u015f\u0131m edib. Birinci vitse-prezidentin payla\u015f\u0131m\u0131nda deyilir: \u201cG\u0259l\u0259n \u00fc\u00e7 il \u0259rzind\u0259 \u00f6lk\u0259miz Qo\u015fulmama H\u0259r\u0259kat\u0131na s\u0259drlik ed\u0259c\u0259k v\u0259 m\u0259n \u0259min\u0259m ki, bu ill\u0259r \u0259rzind\u0259 \u00f6z f\u0259aliyy\u0259tini m\u0259hz bu prinsipl\u0259r &#8211; \u0259m\u0259kda\u015fl\u0131q, t\u0259r\u0259fda\u015fl\u0131q, qar\u015f\u0131l\u0131ql\u0131 h\u00f6rm\u0259t, \u00f6lk\u0259l\u0259rin suverenliyin\u0259 v\u0259 \u0259razi b\u00fct\u00f6vl\u00fcy\u00fcn\u0259 d\u0259st\u0259k&hellip;","_links":{"self":[{"href":"https:\/\/arantv.az\/index.php?rest_route=\/wp\/v2\/posts\/89548"}],"collection":[{"href":"https:\/\/arantv.az\/index.php?rest_route=\/wp\/v2\/posts"}],"about":[{"href":"https:\/\/arantv.az\/index.php?rest_route=\/wp\/v2\/types\/post"}],"author":[{"embeddable":true,"href":"https:\/\/arantv.az\/index.php?rest_route=\/wp\/v2\/users\/2"}],"replies":[{"embeddable":true,"href":"https:\/\/arantv.az\/index.php?rest_route=%2Fwp%2Fv2%2Fcomments&post=89548"}],"version-history":[{"count":0,"href":"https:\/\/arantv.az\/index.php?rest_route=\/wp\/v2\/posts\/89548\/revisions"}],"wp:featuredmedia":[{"embeddable":true,"href":"https:\/\/arantv.az\/index.php?rest_route=\/wp\/v2\/media\/89549"}],"wp:attachment":[{"href":"https:\/\/arantv.az\/index.php?rest_route=%2Fwp%2Fv2%2Fmedia&parent=89548"}],"wp:term":[{"taxonomy":"category","embeddable":true,"href":"https:\/\/arantv.az\/index.php?rest_route=%2Fwp%2Fv2%2Fcategories&post=89548"},{"taxonomy":"post_tag","embeddable":true,"href":"https:\/\/arantv.az\/index.php?rest_route=%2Fwp%2Fv2%2Ftags&post=89548"}],"curies":[{"name":"wp","href":"https:\/\/api.w.org\/{rel}","templated":true}]}}