{"id":89562,"date":"2019-10-26T12:28:34","date_gmt":"2019-10-26T09:28:34","guid":{"rendered":"http:\/\/arantv.az\/?p=89562"},"modified":"2019-10-26T12:28:34","modified_gmt":"2019-10-26T09:28:34","slug":"sosial-s%c9%99b%c9%99k%c9%99l%c9%99r%c9%99-s%c9%99s-salan-f%c9%99rid-siginacaqdan-qacdi","status":"publish","type":"post","link":"https:\/\/arantv.az\/?p=89562","title":{"rendered":"Sosial \u015f\u0259b\u0259k\u0259l\u0259r\u0259 s\u0259s salan F\u0259rid s\u0131\u011f\u0131nacaqdan qa\u00e7d\u0131"},"content":{"rendered":"<p>Bak\u0131da u\u015faq s\u0131\u011f\u0131nacaqdan qa\u00e7\u0131b.<\/p>\n<p><strong>ARANTV.AZ<\/strong>-\u0131n m\u0259lumat\u0131na g\u00f6r\u0259, hadis\u0259 paytaxt\u0131n Sabun\u00e7u rayonunda ba\u015f verib.<\/p>\n<p>\u201c\u015e\u0259fq\u0259t Nuru\u201d Kims\u0259sizl\u0259r\u0259 Yard\u0131m Xeyriyy\u0259 \u0130ctimai Birliyinin Sabun\u00e7u rayonu, Ramana q\u0259s\u0259b\u0259si, \u015eu\u015fa \u015f\u0259h\u0259rciyind\u0259ki filial\u0131 olan \u201cNur\u201d U\u015faq Evind\u0259ki s\u0131\u011f\u0131naca\u011fa yerl\u0259\u015fdiril\u0259n\u00a014 ya\u015fl\u0131 Vlasov F\u0259rid Ruslan o\u011flu s\u0131\u011f\u0131nacaqdan qa\u00e7\u0131b.<\/p>\n<div id=\"AdviadNativeVideo0\" class=\"AdviadNativeVideo\"><\/div>\n<p>\u201cNur\u201d U\u015faq Evinin r\u0259hb\u0259ri Aynur\u0259 Xudiyeva sayt\u0131m\u0131za a\u00e7\u0131qlamas\u0131nda fakt\u0131 t\u0259sdiq edib.<\/p>\n<p>O bildirib ki, F\u0259rid haz\u0131rda s\u0131\u011f\u0131nacaqdad\u0131r:<\/p>\n<p>\u201cO, oktyabr\u0131n 22-d\u0259, s\u0259h\u0259r saatlar\u0131nda s\u0131\u011f\u0131nacaqdan qa\u00e7\u0131b v\u0259 3-4 saatdan sonra biz onu tapd\u0131q. Sabun\u00e7u Rayon\u00a0\u0130cra Hakimiyy\u0259tinin yax\u0131nl\u0131\u011f\u0131nda dil\u0259ndiyi yerd\u0259 tapm\u0131\u015f\u0131q. F\u0259rid Bak\u0131n\u0131n h\u0259r yerind\u0259 dil\u0259nib v\u0259 h\u0259r yeri tan\u0131y\u0131r\u201d.<\/p>\n<p>A.Xudiyev qeyd edib ki, F\u0259rid Vlasov siqaret \u00e7\u0259kib v\u0259 dil\u0259nib:<\/p>\n<p>\u201cHaz\u0131rda s\u0131\u011f\u0131nacaqda reabilitasiya ke\u00e7ir\u201d.<\/p>\n<p>Qeyd ed\u0259k ki, bir m\u00fcdd\u0259t \u0259vv\u0259l \u0259vv\u0259l sosial \u015f\u0259b\u0259k\u0259l\u0259r azya\u015fl\u0131 F\u0259ridin videom\u00fcsahib\u0259si il\u0259 sars\u0131ld\u0131. O, m\u00fcsahib\u0259sind\u0259 valideynl\u0259rini itirdiyini, azya\u015fl\u0131 qarda\u015f-bac\u0131s\u0131na baxd\u0131\u011f\u0131n\u0131 bildirirdi.<\/p>\n<p>\u018fm\u0259k v\u0259 \u018fhalinin Sosial M\u00fcdafi\u0259si Nazirliyi F\u0259ridl\u0259 ba\u011fl\u0131 a\u00e7\u0131qlama yaym\u0131\u015fd\u0131. M\u0259lum oldu ki, azya\u015fl\u0131n\u0131n dedikl\u0259ri h\u0259qiq\u0259ti oldu\u011fu kimi \u0259ks etdirmir.<\/p>\n<p>O,\u00a0\u201cNur\u201d U\u015faq Evind\u0259ki s\u0131\u011f\u0131naca\u011fa yerl\u0259\u015fdilmi\u015fdi.oxu.az<\/p>\n","protected":false},"excerpt":{"rendered":"<p>Bak\u0131da u\u015faq s\u0131\u011f\u0131nacaqdan qa\u00e7\u0131b. ARANTV.AZ-\u0131n m\u0259lumat\u0131na g\u00f6r\u0259, hadis\u0259 paytaxt\u0131n Sabun\u00e7u rayonunda ba\u015f verib. \u201c\u015e\u0259fq\u0259t Nuru\u201d Kims\u0259sizl\u0259r\u0259 Yard\u0131m Xeyriyy\u0259 \u0130ctimai Birliyinin Sabun\u00e7u rayonu, Ramana q\u0259s\u0259b\u0259si, \u015eu\u015fa \u015f\u0259h\u0259rciyind\u0259ki filial\u0131 olan \u201cNur\u201d U\u015faq Evind\u0259ki s\u0131\u011f\u0131naca\u011fa yerl\u0259\u015fdiril\u0259n\u00a014 ya\u015fl\u0131 Vlasov F\u0259rid Ruslan o\u011flu s\u0131\u011f\u0131nacaqdan qa\u00e7\u0131b. \u201cNur\u201d U\u015faq Evinin r\u0259hb\u0259ri Aynur\u0259 Xudiyeva sayt\u0131m\u0131za a\u00e7\u0131qlamas\u0131nda fakt\u0131 t\u0259sdiq edib. O bildirib ki, F\u0259rid haz\u0131rda s\u0131\u011f\u0131nacaqdad\u0131r: \u201cO, oktyabr\u0131n 22-d\u0259, s\u0259h\u0259r saatlar\u0131nda s\u0131\u011f\u0131nacaqdan qa\u00e7\u0131b v\u0259 3-4 saatdan sonra biz onu tapd\u0131q. Sabun\u00e7u Rayon\u00a0\u0130cra Hakimiyy\u0259tinin yax\u0131nl\u0131\u011f\u0131nda dil\u0259ndiyi yerd\u0259 tapm\u0131\u015f\u0131q. F\u0259rid Bak\u0131n\u0131n h\u0259r yerind\u0259 dil\u0259nib v\u0259 h\u0259r yeri tan\u0131y\u0131r\u201d. A.Xudiyev qeyd edib&hellip;<\/p>\n","protected":false},"author":2,"featured_media":89563,"comment_status":"closed","ping_status":"closed","sticky":false,"template":"","format":"standard","meta":{"om_disable_all_campaigns":false,"_monsterinsights_skip_tracking":false,"_monsterinsights_sitenote_active":false,"_monsterinsights_sitenote_note":"","_monsterinsights_sitenote_category":0},"categories":[1],"tags":[],"aioseo_notices":[],"gutentor_comment":0,"rttpg_featured_image_url":{"full":["https:\/\/arantv.az\/wp-content\/uploads\/2019\/10\/farid.jpg",590,443,false],"landscape":["https:\/\/arantv.az\/wp-content\/uploads\/2019\/10\/farid.jpg",590,443,false],"portraits":["https:\/\/arantv.az\/wp-content\/uploads\/2019\/10\/farid.jpg",590,443,false],"thumbnail":["https:\/\/arantv.az\/wp-content\/uploads\/2019\/10\/farid-150x150.jpg",150,150,true],"medium":["https:\/\/arantv.az\/wp-content\/uploads\/2019\/10\/farid-300x225.jpg",300,225,true],"large":["https:\/\/arantv.az\/wp-content\/uploads\/2019\/10\/farid.jpg",590,443,false],"1536x1536":["https:\/\/arantv.az\/wp-content\/uploads\/2019\/10\/farid.jpg",590,443,false],"2048x2048":["https:\/\/arantv.az\/wp-content\/uploads\/2019\/10\/farid.jpg",590,443,false],"post-thumbnail":["https:\/\/arantv.az\/wp-content\/uploads\/2019\/10\/farid-240x172.jpg",240,172,true],"advps-thumb-one":["https:\/\/arantv.az\/wp-content\/uploads\/2019\/10\/farid.jpg",590,443,false]},"rttpg_author":{"display_name":"V\u00fcsal Rafiqo\u011flu","author_link":"https:\/\/arantv.az\/?author=2"},"rttpg_comment":0,"rttpg_category":"<a href=\"https:\/\/arantv.az\/?cat=1\" rel=\"category\">C\u0259miyy\u0259t<\/a>","rttpg_excerpt":"Bak\u0131da u\u015faq s\u0131\u011f\u0131nacaqdan qa\u00e7\u0131b. ARANTV.AZ-\u0131n m\u0259lumat\u0131na g\u00f6r\u0259, hadis\u0259 paytaxt\u0131n Sabun\u00e7u rayonunda ba\u015f verib. \u201c\u015e\u0259fq\u0259t Nuru\u201d Kims\u0259sizl\u0259r\u0259 Yard\u0131m Xeyriyy\u0259 \u0130ctimai Birliyinin Sabun\u00e7u rayonu, Ramana q\u0259s\u0259b\u0259si, \u015eu\u015fa \u015f\u0259h\u0259rciyind\u0259ki filial\u0131 olan \u201cNur\u201d U\u015faq Evind\u0259ki s\u0131\u011f\u0131naca\u011fa yerl\u0259\u015fdiril\u0259n\u00a014 ya\u015fl\u0131 Vlasov F\u0259rid Ruslan o\u011flu s\u0131\u011f\u0131nacaqdan qa\u00e7\u0131b. \u201cNur\u201d U\u015faq Evinin r\u0259hb\u0259ri Aynur\u0259 Xudiyeva sayt\u0131m\u0131za a\u00e7\u0131qlamas\u0131nda fakt\u0131 t\u0259sdiq edib. O bildirib ki, F\u0259rid&hellip;","_links":{"self":[{"href":"https:\/\/arantv.az\/index.php?rest_route=\/wp\/v2\/posts\/89562"}],"collection":[{"href":"https:\/\/arantv.az\/index.php?rest_route=\/wp\/v2\/posts"}],"about":[{"href":"https:\/\/arantv.az\/index.php?rest_route=\/wp\/v2\/types\/post"}],"author":[{"embeddable":true,"href":"https:\/\/arantv.az\/index.php?rest_route=\/wp\/v2\/users\/2"}],"replies":[{"embeddable":true,"href":"https:\/\/arantv.az\/index.php?rest_route=%2Fwp%2Fv2%2Fcomments&post=89562"}],"version-history":[{"count":0,"href":"https:\/\/arantv.az\/index.php?rest_route=\/wp\/v2\/posts\/89562\/revisions"}],"wp:featuredmedia":[{"embeddable":true,"href":"https:\/\/arantv.az\/index.php?rest_route=\/wp\/v2\/media\/89563"}],"wp:attachment":[{"href":"https:\/\/arantv.az\/index.php?rest_route=%2Fwp%2Fv2%2Fmedia&parent=89562"}],"wp:term":[{"taxonomy":"category","embeddable":true,"href":"https:\/\/arantv.az\/index.php?rest_route=%2Fwp%2Fv2%2Fcategories&post=89562"},{"taxonomy":"post_tag","embeddable":true,"href":"https:\/\/arantv.az\/index.php?rest_route=%2Fwp%2Fv2%2Ftags&post=89562"}],"curies":[{"name":"wp","href":"https:\/\/api.w.org\/{rel}","templated":true}]}}