{"id":89570,"date":"2019-10-26T12:30:17","date_gmt":"2019-10-26T09:30:17","guid":{"rendered":"http:\/\/arantv.az\/?p=89570"},"modified":"2019-10-26T12:30:17","modified_gmt":"2019-10-26T09:30:17","slug":"bakida-kisi-arvadini-bicaqladi","status":"publish","type":"post","link":"https:\/\/arantv.az\/?p=89570","title":{"rendered":"Bak\u0131da ki\u015fi arvad\u0131n\u0131 b\u0131\u00e7aqlad\u0131"},"content":{"rendered":"<p>Bak\u0131da arvad\u0131n\u0131 b\u0131\u00e7aqlayan \u015f\u0259xs h\u0259bs edilib.<\/p>\n<p><strong>ARANTV.AZ<\/strong>-\u0131n x\u0259b\u0259rin\u0259\u00a0g\u00f6r\u0259, bu bar\u0259d\u0259 Bak\u0131 \u015f\u0259h\u0259r Ba\u015f Polis \u0130dar\u0259si v\u0259 \u015f\u0259h\u0259r prokurorlu\u011funun m\u0259tbuat xidm\u0259tl\u0259ri birg\u0259 m\u0259lumat yay\u0131b.<\/p>\n<p>Bildirilib ki, sosial \u015f\u0259b\u0259k\u0259l\u0259rd\u0259 \u0259ri t\u0259r\u0259find\u0259n x\u0259sar\u0259t yetirilmi\u015f qad\u0131n\u0131n x\u0259st\u0259xanaya yerl\u0259\u015fdirilm\u0259si bar\u0259d\u0259 m\u0259lumatlar yay\u0131l\u0131b.<\/p>\n<div id=\"AdviadNativeVideo0\" class=\"AdviadNativeVideo\"><\/div>\n<p>Bel\u0259 ki, oktyabr\u0131n 25-d\u0259 saat 16 rad\u0259l\u0259rind\u0259 1983-c\u00fc il t\u0259v\u0259ll\u00fcdl\u00fc Tanr\u0131verdiyeva M\u0259nz\u0259r\u0259 R\u00f6v\u015f\u0259n q\u0131z\u0131n\u0131n k\u0259silmi\u015f-de\u015filmi\u015f x\u0259sar\u0259tl\u0259 m\u00fcalic\u0259 m\u00fc\u0259ssis\u0259sin\u0259 yerl\u0259\u015fdirilm\u0259si fakt\u0131 il\u0259 \u0259laq\u0259dar d\u0259rhal hadis\u0259 yerin\u0259 polis v\u0259 prokurorluq \u0259m\u0259kda\u015flar\u0131n\u0131n i\u015ftirak\u0131 il\u0259 bax\u0131\u015f ke\u00e7irilib.<\/p>\n<p>Faktla ba\u011fl\u0131 N\u0259simi Rayon Polis \u0130dar\u0259sinin \u0130stintaq \u015e\u00f6b\u0259sind\u0259 Cinay\u0259t M\u0259c\u0259ll\u0259sinin 126.1-ci (q\u0259sd\u0259n sa\u011flaml\u0131\u011fa a\u011f\u0131r z\u0259r\u0259r vurma) madd\u0259si il\u0259 cinay\u0259t i\u015fi ba\u015flan\u0131b.<\/p>\n<p>\u0130\u015f \u00fczr\u0259 hadis\u0259nin \u015fahidl\u0259ri m\u00fc\u0259yy\u0259nl\u0259\u015fdiril\u0259r\u0259k dindirilib, m\u00fcvafiq ekspertizalar t\u0259yin edilib.<\/p>\n<p>\u0130stintaqla Rafail Tanr\u0131verdiyevin ya\u015fad\u0131qlar\u0131 evd\u0259 ail\u0259 m\u00fcnaqi\u015f\u0259si z\u0259minind\u0259 b\u0131\u00e7aqla h\u0259yat yolda\u015f\u0131 M\u0259nz\u0259r\u0259 Tanr\u0131verdiyevaya x\u0259sar\u0259t yetirm\u0259sin\u0259 \u015f\u00fcbh\u0259l\u0259r \u00fc\u00e7\u00fcn \u0259saslar m\u00fc\u0259yy\u0259n edildiyind\u0259n o, \u015f\u00fcbh\u0259li \u015f\u0259xs qismind\u0259 tutulub.<\/p>\n<p>R.Tanr\u0131verdiyev m\u00fcdafi\u0259\u00e7inin i\u015ftirak\u0131 il\u0259 dindiril\u0259rk\u0259n h\u0259yat yolda\u015f\u0131na b\u0259d\u0259n x\u0259sar\u0259ti yetirm\u0259sini etiraf edib.<\/p>\n<p>Haz\u0131rda i\u015f \u00fczr\u0259 z\u0259ruri istintaq t\u0259dbirl\u0259ri h\u0259yata ke\u00e7irilir.oxu.az<\/p>\n","protected":false},"excerpt":{"rendered":"<p>Bak\u0131da arvad\u0131n\u0131 b\u0131\u00e7aqlayan \u015f\u0259xs h\u0259bs edilib. ARANTV.AZ-\u0131n x\u0259b\u0259rin\u0259\u00a0g\u00f6r\u0259, bu bar\u0259d\u0259 Bak\u0131 \u015f\u0259h\u0259r Ba\u015f Polis \u0130dar\u0259si v\u0259 \u015f\u0259h\u0259r prokurorlu\u011funun m\u0259tbuat xidm\u0259tl\u0259ri birg\u0259 m\u0259lumat yay\u0131b. Bildirilib ki, sosial \u015f\u0259b\u0259k\u0259l\u0259rd\u0259 \u0259ri t\u0259r\u0259find\u0259n x\u0259sar\u0259t yetirilmi\u015f qad\u0131n\u0131n x\u0259st\u0259xanaya yerl\u0259\u015fdirilm\u0259si bar\u0259d\u0259 m\u0259lumatlar yay\u0131l\u0131b. Bel\u0259 ki, oktyabr\u0131n 25-d\u0259 saat 16 rad\u0259l\u0259rind\u0259 1983-c\u00fc il t\u0259v\u0259ll\u00fcdl\u00fc Tanr\u0131verdiyeva M\u0259nz\u0259r\u0259 R\u00f6v\u015f\u0259n q\u0131z\u0131n\u0131n k\u0259silmi\u015f-de\u015filmi\u015f x\u0259sar\u0259tl\u0259 m\u00fcalic\u0259 m\u00fc\u0259ssis\u0259sin\u0259 yerl\u0259\u015fdirilm\u0259si fakt\u0131 il\u0259 \u0259laq\u0259dar d\u0259rhal hadis\u0259 yerin\u0259 polis v\u0259 prokurorluq \u0259m\u0259kda\u015flar\u0131n\u0131n i\u015ftirak\u0131 il\u0259 bax\u0131\u015f ke\u00e7irilib. Faktla ba\u011fl\u0131 N\u0259simi Rayon Polis \u0130dar\u0259sinin \u0130stintaq \u015e\u00f6b\u0259sind\u0259 Cinay\u0259t M\u0259c\u0259ll\u0259sinin 126.1-ci (q\u0259sd\u0259n sa\u011flaml\u0131\u011fa a\u011f\u0131r z\u0259r\u0259r vurma) madd\u0259si il\u0259 cinay\u0259t i\u015fi&hellip;<\/p>\n","protected":false},"author":2,"featured_media":89571,"comment_status":"closed","ping_status":"closed","sticky":false,"template":"","format":"standard","meta":{"om_disable_all_campaigns":false,"_monsterinsights_skip_tracking":false,"_monsterinsights_sitenote_active":false,"_monsterinsights_sitenote_note":"","_monsterinsights_sitenote_category":0},"categories":[3],"tags":[],"aioseo_notices":[],"gutentor_comment":0,"rttpg_featured_image_url":{"full":["https:\/\/arantv.az\/wp-content\/uploads\/2019\/10\/bicaq.jpg",620,465,false],"landscape":["https:\/\/arantv.az\/wp-content\/uploads\/2019\/10\/bicaq.jpg",620,465,false],"portraits":["https:\/\/arantv.az\/wp-content\/uploads\/2019\/10\/bicaq.jpg",620,465,false],"thumbnail":["https:\/\/arantv.az\/wp-content\/uploads\/2019\/10\/bicaq-150x150.jpg",150,150,true],"medium":["https:\/\/arantv.az\/wp-content\/uploads\/2019\/10\/bicaq-300x225.jpg",300,225,true],"large":["https:\/\/arantv.az\/wp-content\/uploads\/2019\/10\/bicaq.jpg",620,465,false],"1536x1536":["https:\/\/arantv.az\/wp-content\/uploads\/2019\/10\/bicaq.jpg",620,465,false],"2048x2048":["https:\/\/arantv.az\/wp-content\/uploads\/2019\/10\/bicaq.jpg",620,465,false],"post-thumbnail":["https:\/\/arantv.az\/wp-content\/uploads\/2019\/10\/bicaq-240x172.jpg",240,172,true],"advps-thumb-one":["https:\/\/arantv.az\/wp-content\/uploads\/2019\/10\/bicaq.jpg",620,465,false]},"rttpg_author":{"display_name":"V\u00fcsal Rafiqo\u011flu","author_link":"https:\/\/arantv.az\/?author=2"},"rttpg_comment":0,"rttpg_category":"<a href=\"https:\/\/arantv.az\/?cat=3\" rel=\"category\">Kriminal<\/a>","rttpg_excerpt":"Bak\u0131da arvad\u0131n\u0131 b\u0131\u00e7aqlayan \u015f\u0259xs h\u0259bs edilib. ARANTV.AZ-\u0131n x\u0259b\u0259rin\u0259\u00a0g\u00f6r\u0259, bu bar\u0259d\u0259 Bak\u0131 \u015f\u0259h\u0259r Ba\u015f Polis \u0130dar\u0259si v\u0259 \u015f\u0259h\u0259r prokurorlu\u011funun m\u0259tbuat xidm\u0259tl\u0259ri birg\u0259 m\u0259lumat yay\u0131b. Bildirilib ki, sosial \u015f\u0259b\u0259k\u0259l\u0259rd\u0259 \u0259ri t\u0259r\u0259find\u0259n x\u0259sar\u0259t yetirilmi\u015f qad\u0131n\u0131n x\u0259st\u0259xanaya yerl\u0259\u015fdirilm\u0259si bar\u0259d\u0259 m\u0259lumatlar yay\u0131l\u0131b. Bel\u0259 ki, oktyabr\u0131n 25-d\u0259 saat 16 rad\u0259l\u0259rind\u0259 1983-c\u00fc il t\u0259v\u0259ll\u00fcdl\u00fc Tanr\u0131verdiyeva M\u0259nz\u0259r\u0259 R\u00f6v\u015f\u0259n q\u0131z\u0131n\u0131n k\u0259silmi\u015f-de\u015filmi\u015f x\u0259sar\u0259tl\u0259 m\u00fcalic\u0259 m\u00fc\u0259ssis\u0259sin\u0259&hellip;","_links":{"self":[{"href":"https:\/\/arantv.az\/index.php?rest_route=\/wp\/v2\/posts\/89570"}],"collection":[{"href":"https:\/\/arantv.az\/index.php?rest_route=\/wp\/v2\/posts"}],"about":[{"href":"https:\/\/arantv.az\/index.php?rest_route=\/wp\/v2\/types\/post"}],"author":[{"embeddable":true,"href":"https:\/\/arantv.az\/index.php?rest_route=\/wp\/v2\/users\/2"}],"replies":[{"embeddable":true,"href":"https:\/\/arantv.az\/index.php?rest_route=%2Fwp%2Fv2%2Fcomments&post=89570"}],"version-history":[{"count":0,"href":"https:\/\/arantv.az\/index.php?rest_route=\/wp\/v2\/posts\/89570\/revisions"}],"wp:featuredmedia":[{"embeddable":true,"href":"https:\/\/arantv.az\/index.php?rest_route=\/wp\/v2\/media\/89571"}],"wp:attachment":[{"href":"https:\/\/arantv.az\/index.php?rest_route=%2Fwp%2Fv2%2Fmedia&parent=89570"}],"wp:term":[{"taxonomy":"category","embeddable":true,"href":"https:\/\/arantv.az\/index.php?rest_route=%2Fwp%2Fv2%2Fcategories&post=89570"},{"taxonomy":"post_tag","embeddable":true,"href":"https:\/\/arantv.az\/index.php?rest_route=%2Fwp%2Fv2%2Ftags&post=89570"}],"curies":[{"name":"wp","href":"https:\/\/api.w.org\/{rel}","templated":true}]}}