{"id":89582,"date":"2019-10-26T12:37:51","date_gmt":"2019-10-26T09:37:51","guid":{"rendered":"http:\/\/arantv.az\/?p=89582"},"modified":"2019-10-26T12:37:51","modified_gmt":"2019-10-26T09:37:51","slug":"kisi-sahmat-millimiz-m%c9%99glubedilm%c9%99z-ukraynaya-qarsi-s%c9%99hriyar-qalib-g%c9%99l%c9%99-bil%c9%99c%c9%99kmi","status":"publish","type":"post","link":"https:\/\/arantv.az\/?p=89582","title":{"rendered":"Ki\u015fi \u015fahmat millimiz m\u0259\u011flubedilm\u0259z Ukraynaya qar\u015f\u0131: \u015e\u0259hriyar qalib g\u0259l\u0259 bil\u0259c\u0259kmi?"},"content":{"rendered":"<p>G\u00fcrc\u00fcstan\u0131n Batumi \u015f\u0259h\u0259rind\u0259 ke\u00e7iril\u0259n ki\u015fi v\u0259 qad\u0131n komandalararas\u0131 Avropa \u00e7empionat\u0131nda y\u0131\u011fmalar\u0131m\u0131z bu g\u00fcn n\u00f6vb\u0259ti g\u00f6r\u00fc\u015fl\u0259rin\u0259 \u00e7\u0131xacaq.<\/p>\n<p><b>ARANTV.AZ\u00a0<\/b> x\u0259b\u0259r verir ki, d\u00f6rd xalla II pill\u0259d\u0259 q\u0259rarla\u015fm\u0131\u015f ki\u015fi millimiz bu g\u00fcn Avropa \u00e7empionat\u0131n\u0131n reytinqc\u0259 VIII komandas\u0131 olan Ukrayna il\u0259 qar\u015f\u0131la\u015facaq.<\/p>\n<p>H\u0259r iki komanda ilk iki turda qalib g\u0259ldiyind\u0259n, bu g\u00f6r\u00fc\u015f maraqla g\u00f6zl\u0259nilir. \u0130lk iki g\u00f6r\u00fc\u015fd\u0259 r\u0259qibl\u0259ri il\u0259 birinci l\u00f6vh\u0259d\u0259 he\u00e7-he\u00e7\u0259 etmi\u015f \u015e\u0259hriyar M\u0259mm\u0259dyarov qara fiqurlarla\u00a0Vasili \u0130van\u00e7ukla g\u00f6r\u00fc\u015f\u0259c\u0259k.<\/p>\n<div id=\"AdviadNativeVideo0\" class=\"AdviadNativeVideo\"><\/div>\n<p>\u0130ki xalla XV s\u0131rada olan qad\u0131n millimiz is\u0259 reytinqd\u0259 XXVI pill\u0259d\u0259 olan Avstriya il\u0259 qar\u015f\u0131la\u015facaq.<\/p>\n<p>Qeyd ed\u0259k ki, ki\u015fi millimiz \u0259vv\u0259l Serbiya v\u0259 Fransan\u0131 m\u0259\u011flub edib. Qad\u0131n millimiz is\u0259 ilk turda Latviyaya qalib g\u0259ls\u0259 d\u0259, d\u00fcn\u0259n \u0130spaniyaya uduzub. oxu.az<\/p>\n","protected":false},"excerpt":{"rendered":"<p>G\u00fcrc\u00fcstan\u0131n Batumi \u015f\u0259h\u0259rind\u0259 ke\u00e7iril\u0259n ki\u015fi v\u0259 qad\u0131n komandalararas\u0131 Avropa \u00e7empionat\u0131nda y\u0131\u011fmalar\u0131m\u0131z bu g\u00fcn n\u00f6vb\u0259ti g\u00f6r\u00fc\u015fl\u0259rin\u0259 \u00e7\u0131xacaq. ARANTV.AZ\u00a0 x\u0259b\u0259r verir ki, d\u00f6rd xalla II pill\u0259d\u0259 q\u0259rarla\u015fm\u0131\u015f ki\u015fi millimiz bu g\u00fcn Avropa \u00e7empionat\u0131n\u0131n reytinqc\u0259 VIII komandas\u0131 olan Ukrayna il\u0259 qar\u015f\u0131la\u015facaq. H\u0259r iki komanda ilk iki turda qalib g\u0259ldiyind\u0259n, bu g\u00f6r\u00fc\u015f maraqla g\u00f6zl\u0259nilir. \u0130lk iki g\u00f6r\u00fc\u015fd\u0259 r\u0259qibl\u0259ri il\u0259 birinci l\u00f6vh\u0259d\u0259 he\u00e7-he\u00e7\u0259 etmi\u015f \u015e\u0259hriyar M\u0259mm\u0259dyarov qara fiqurlarla\u00a0Vasili \u0130van\u00e7ukla g\u00f6r\u00fc\u015f\u0259c\u0259k. \u0130ki xalla XV s\u0131rada olan qad\u0131n millimiz is\u0259 reytinqd\u0259 XXVI pill\u0259d\u0259 olan Avstriya il\u0259 qar\u015f\u0131la\u015facaq. Qeyd ed\u0259k ki, ki\u015fi millimiz \u0259vv\u0259l Serbiya v\u0259 Fransan\u0131 m\u0259\u011flub&hellip;<\/p>\n","protected":false},"author":2,"featured_media":89583,"comment_status":"closed","ping_status":"closed","sticky":false,"template":"","format":"standard","meta":{"om_disable_all_campaigns":false,"_monsterinsights_skip_tracking":false,"_monsterinsights_sitenote_active":false,"_monsterinsights_sitenote_note":"","_monsterinsights_sitenote_category":0},"categories":[6],"tags":[],"aioseo_notices":[],"gutentor_comment":0,"rttpg_featured_image_url":{"full":["https:\/\/arantv.az\/wp-content\/uploads\/2019\/10\/shah.jpg",620,413,false],"landscape":["https:\/\/arantv.az\/wp-content\/uploads\/2019\/10\/shah.jpg",620,413,false],"portraits":["https:\/\/arantv.az\/wp-content\/uploads\/2019\/10\/shah.jpg",620,413,false],"thumbnail":["https:\/\/arantv.az\/wp-content\/uploads\/2019\/10\/shah-150x150.jpg",150,150,true],"medium":["https:\/\/arantv.az\/wp-content\/uploads\/2019\/10\/shah-300x200.jpg",300,200,true],"large":["https:\/\/arantv.az\/wp-content\/uploads\/2019\/10\/shah.jpg",620,413,false],"1536x1536":["https:\/\/arantv.az\/wp-content\/uploads\/2019\/10\/shah.jpg",620,413,false],"2048x2048":["https:\/\/arantv.az\/wp-content\/uploads\/2019\/10\/shah.jpg",620,413,false],"post-thumbnail":["https:\/\/arantv.az\/wp-content\/uploads\/2019\/10\/shah-240x172.jpg",240,172,true],"advps-thumb-one":["https:\/\/arantv.az\/wp-content\/uploads\/2019\/10\/shah.jpg",620,413,false]},"rttpg_author":{"display_name":"V\u00fcsal Rafiqo\u011flu","author_link":"https:\/\/arantv.az\/?author=2"},"rttpg_comment":0,"rttpg_category":"<a href=\"https:\/\/arantv.az\/?cat=6\" rel=\"category\">\u0130dman<\/a>","rttpg_excerpt":"G\u00fcrc\u00fcstan\u0131n Batumi \u015f\u0259h\u0259rind\u0259 ke\u00e7iril\u0259n ki\u015fi v\u0259 qad\u0131n komandalararas\u0131 Avropa \u00e7empionat\u0131nda y\u0131\u011fmalar\u0131m\u0131z bu g\u00fcn n\u00f6vb\u0259ti g\u00f6r\u00fc\u015fl\u0259rin\u0259 \u00e7\u0131xacaq. ARANTV.AZ\u00a0 x\u0259b\u0259r verir ki, d\u00f6rd xalla II pill\u0259d\u0259 q\u0259rarla\u015fm\u0131\u015f ki\u015fi millimiz bu g\u00fcn Avropa \u00e7empionat\u0131n\u0131n reytinqc\u0259 VIII komandas\u0131 olan Ukrayna il\u0259 qar\u015f\u0131la\u015facaq. H\u0259r iki komanda ilk iki turda qalib g\u0259ldiyind\u0259n, bu g\u00f6r\u00fc\u015f maraqla g\u00f6zl\u0259nilir. \u0130lk iki g\u00f6r\u00fc\u015fd\u0259 r\u0259qibl\u0259ri il\u0259&hellip;","_links":{"self":[{"href":"https:\/\/arantv.az\/index.php?rest_route=\/wp\/v2\/posts\/89582"}],"collection":[{"href":"https:\/\/arantv.az\/index.php?rest_route=\/wp\/v2\/posts"}],"about":[{"href":"https:\/\/arantv.az\/index.php?rest_route=\/wp\/v2\/types\/post"}],"author":[{"embeddable":true,"href":"https:\/\/arantv.az\/index.php?rest_route=\/wp\/v2\/users\/2"}],"replies":[{"embeddable":true,"href":"https:\/\/arantv.az\/index.php?rest_route=%2Fwp%2Fv2%2Fcomments&post=89582"}],"version-history":[{"count":0,"href":"https:\/\/arantv.az\/index.php?rest_route=\/wp\/v2\/posts\/89582\/revisions"}],"wp:featuredmedia":[{"embeddable":true,"href":"https:\/\/arantv.az\/index.php?rest_route=\/wp\/v2\/media\/89583"}],"wp:attachment":[{"href":"https:\/\/arantv.az\/index.php?rest_route=%2Fwp%2Fv2%2Fmedia&parent=89582"}],"wp:term":[{"taxonomy":"category","embeddable":true,"href":"https:\/\/arantv.az\/index.php?rest_route=%2Fwp%2Fv2%2Fcategories&post=89582"},{"taxonomy":"post_tag","embeddable":true,"href":"https:\/\/arantv.az\/index.php?rest_route=%2Fwp%2Fv2%2Ftags&post=89582"}],"curies":[{"name":"wp","href":"https:\/\/api.w.org\/{rel}","templated":true}]}}