{"id":89586,"date":"2019-10-26T12:43:01","date_gmt":"2019-10-26T09:43:01","guid":{"rendered":"http:\/\/arantv.az\/?p=89586"},"modified":"2019-10-26T12:43:01","modified_gmt":"2019-10-26T09:43:01","slug":"az%c9%99rbaycanda-deputatin-istirah%c9%99t-m%c9%99rk%c9%99zind%c9%99-olum","status":"publish","type":"post","link":"https:\/\/arantv.az\/?p=89586","title":{"rendered":"Az\u0259rbaycanda deputat\u0131n istirah\u0259t m\u0259rk\u0259zind\u0259 \u00f6l\u00fcm"},"content":{"rendered":"<p>L\u0259nk\u0259ran rayonunda \u00f6l\u00fcm hadis\u0259si ba\u015f verib.<\/p>\n<p><strong>ARANTV.AZ\u00a0\u00a0<\/strong>x\u0259b\u0259r verir ki, hadis\u0259 \u201cPal\u0131dl\u0131 Sahil\u201d istirah\u0259t m\u0259rk\u0259zind\u0259 qeyd\u0259 al\u0131n\u0131b.<\/p>\n<p>Qubadl\u0131 rayonunda do\u011fulan, Sumqay\u0131t \u015f\u0259h\u0259rind\u0259 ya\u015fayan 1961-ci il t\u0259vv\u0259l\u00fcdl\u00fc A\u011fayev Elbrus \u018fsg\u0259r o\u011flunun oktyabr\u0131n 25-d\u0259 s\u0259h\u0259r saat 9-da vanna ota\u011f\u0131ndan meyiti tap\u0131l\u0131b.<\/p>\n<div id=\"AdviadNativeVideo0\" class=\"AdviadNativeVideo\"><\/div>\n<p>Meyitin m\u00fcayin\u0259si zaman\u0131 onun b\u0259d\u0259nind\u0259 h\u0259r hans\u0131 x\u0259sar\u0259t izi a\u015fkarlanmay\u0131b. Meyit daxili m\u00fcayin\u0259 olunmaq \u00fc\u00e7\u00fcn S\u0259hiyy\u0259 Nazirliyinin \u201cMTE v\u0259 PA ETT\u201d Birliyinin L\u0259nk\u0259ran Rayonlararas\u0131 Zona M\u0259rk\u0259zin\u0259 t\u0259qdim olunub.<\/p>\n<p>\u0130lkin ara\u015fd\u0131rma zaman\u0131 m\u0259lum olub ki, E.A\u011fayev istirah\u0259t m\u0259rk\u0259zinin birinci m\u0259rt\u0259b\u0259sind\u0259 yerl\u0259\u015f\u0259n vanna ota\u011f\u0131nda yod-brom vannas\u0131 q\u0259bul ed\u0259rk\u0259n q\u0259fil\u0259t\u0259n v\u0259ziyy\u0259ti pisl\u0259\u015fib v\u0259 orada \u00f6l\u00fcb.<\/p>\n<p>Faktla ba\u011fl\u0131 ara\u015fd\u0131rma davam edir.<\/p>\n<p>Qeyd ed\u0259k ki, Arqument.az sayt\u0131 \u201cPal\u0131dl\u0131 Sahil\u201d istirah\u0259t m\u0259rk\u0259zinin Milli M\u0259clisin \u018fm\u0259k v\u0259 sosial siyas\u0259t komit\u0259sinin s\u0259dri Hadi R\u0259c\u0259bliy\u0259 aid oldu\u011funu yaz\u0131b.oxu.az<\/p>\n","protected":false},"excerpt":{"rendered":"<p>L\u0259nk\u0259ran rayonunda \u00f6l\u00fcm hadis\u0259si ba\u015f verib. ARANTV.AZ\u00a0\u00a0x\u0259b\u0259r verir ki, hadis\u0259 \u201cPal\u0131dl\u0131 Sahil\u201d istirah\u0259t m\u0259rk\u0259zind\u0259 qeyd\u0259 al\u0131n\u0131b. Qubadl\u0131 rayonunda do\u011fulan, Sumqay\u0131t \u015f\u0259h\u0259rind\u0259 ya\u015fayan 1961-ci il t\u0259vv\u0259l\u00fcdl\u00fc A\u011fayev Elbrus \u018fsg\u0259r o\u011flunun oktyabr\u0131n 25-d\u0259 s\u0259h\u0259r saat 9-da vanna ota\u011f\u0131ndan meyiti tap\u0131l\u0131b. Meyitin m\u00fcayin\u0259si zaman\u0131 onun b\u0259d\u0259nind\u0259 h\u0259r hans\u0131 x\u0259sar\u0259t izi a\u015fkarlanmay\u0131b. Meyit daxili m\u00fcayin\u0259 olunmaq \u00fc\u00e7\u00fcn S\u0259hiyy\u0259 Nazirliyinin \u201cMTE v\u0259 PA ETT\u201d Birliyinin L\u0259nk\u0259ran Rayonlararas\u0131 Zona M\u0259rk\u0259zin\u0259 t\u0259qdim olunub. \u0130lkin ara\u015fd\u0131rma zaman\u0131 m\u0259lum olub ki, E.A\u011fayev istirah\u0259t m\u0259rk\u0259zinin birinci m\u0259rt\u0259b\u0259sind\u0259 yerl\u0259\u015f\u0259n vanna ota\u011f\u0131nda yod-brom vannas\u0131 q\u0259bul ed\u0259rk\u0259n q\u0259fil\u0259t\u0259n v\u0259ziyy\u0259ti pisl\u0259\u015fib v\u0259 orada \u00f6l\u00fcb.&hellip;<\/p>\n","protected":false},"author":2,"featured_media":89587,"comment_status":"closed","ping_status":"closed","sticky":false,"template":"","format":"standard","meta":{"om_disable_all_campaigns":false,"_monsterinsights_skip_tracking":false,"_monsterinsights_sitenote_active":false,"_monsterinsights_sitenote_note":"","_monsterinsights_sitenote_category":0},"categories":[5],"tags":[],"aioseo_notices":[],"gutentor_comment":0,"rttpg_featured_image_url":{"full":["https:\/\/arantv.az\/wp-content\/uploads\/2019\/10\/IMG_7938.jpg",620,413,false],"landscape":["https:\/\/arantv.az\/wp-content\/uploads\/2019\/10\/IMG_7938.jpg",620,413,false],"portraits":["https:\/\/arantv.az\/wp-content\/uploads\/2019\/10\/IMG_7938.jpg",620,413,false],"thumbnail":["https:\/\/arantv.az\/wp-content\/uploads\/2019\/10\/IMG_7938-150x150.jpg",150,150,true],"medium":["https:\/\/arantv.az\/wp-content\/uploads\/2019\/10\/IMG_7938-300x200.jpg",300,200,true],"large":["https:\/\/arantv.az\/wp-content\/uploads\/2019\/10\/IMG_7938.jpg",620,413,false],"1536x1536":["https:\/\/arantv.az\/wp-content\/uploads\/2019\/10\/IMG_7938.jpg",620,413,false],"2048x2048":["https:\/\/arantv.az\/wp-content\/uploads\/2019\/10\/IMG_7938.jpg",620,413,false],"post-thumbnail":["https:\/\/arantv.az\/wp-content\/uploads\/2019\/10\/IMG_7938-240x172.jpg",240,172,true],"advps-thumb-one":["https:\/\/arantv.az\/wp-content\/uploads\/2019\/10\/IMG_7938.jpg",620,413,false]},"rttpg_author":{"display_name":"V\u00fcsal Rafiqo\u011flu","author_link":"https:\/\/arantv.az\/?author=2"},"rttpg_comment":0,"rttpg_category":"<a href=\"https:\/\/arantv.az\/?cat=5\" rel=\"category\">Hadis\u0259<\/a>","rttpg_excerpt":"L\u0259nk\u0259ran rayonunda \u00f6l\u00fcm hadis\u0259si ba\u015f verib. ARANTV.AZ\u00a0\u00a0x\u0259b\u0259r verir ki, hadis\u0259 \u201cPal\u0131dl\u0131 Sahil\u201d istirah\u0259t m\u0259rk\u0259zind\u0259 qeyd\u0259 al\u0131n\u0131b. Qubadl\u0131 rayonunda do\u011fulan, Sumqay\u0131t \u015f\u0259h\u0259rind\u0259 ya\u015fayan 1961-ci il t\u0259vv\u0259l\u00fcdl\u00fc A\u011fayev Elbrus \u018fsg\u0259r o\u011flunun oktyabr\u0131n 25-d\u0259 s\u0259h\u0259r saat 9-da vanna ota\u011f\u0131ndan meyiti tap\u0131l\u0131b. Meyitin m\u00fcayin\u0259si zaman\u0131 onun b\u0259d\u0259nind\u0259 h\u0259r hans\u0131 x\u0259sar\u0259t izi a\u015fkarlanmay\u0131b. Meyit daxili m\u00fcayin\u0259 olunmaq \u00fc\u00e7\u00fcn S\u0259hiyy\u0259 Nazirliyinin&hellip;","_links":{"self":[{"href":"https:\/\/arantv.az\/index.php?rest_route=\/wp\/v2\/posts\/89586"}],"collection":[{"href":"https:\/\/arantv.az\/index.php?rest_route=\/wp\/v2\/posts"}],"about":[{"href":"https:\/\/arantv.az\/index.php?rest_route=\/wp\/v2\/types\/post"}],"author":[{"embeddable":true,"href":"https:\/\/arantv.az\/index.php?rest_route=\/wp\/v2\/users\/2"}],"replies":[{"embeddable":true,"href":"https:\/\/arantv.az\/index.php?rest_route=%2Fwp%2Fv2%2Fcomments&post=89586"}],"version-history":[{"count":0,"href":"https:\/\/arantv.az\/index.php?rest_route=\/wp\/v2\/posts\/89586\/revisions"}],"wp:featuredmedia":[{"embeddable":true,"href":"https:\/\/arantv.az\/index.php?rest_route=\/wp\/v2\/media\/89587"}],"wp:attachment":[{"href":"https:\/\/arantv.az\/index.php?rest_route=%2Fwp%2Fv2%2Fmedia&parent=89586"}],"wp:term":[{"taxonomy":"category","embeddable":true,"href":"https:\/\/arantv.az\/index.php?rest_route=%2Fwp%2Fv2%2Fcategories&post=89586"},{"taxonomy":"post_tag","embeddable":true,"href":"https:\/\/arantv.az\/index.php?rest_route=%2Fwp%2Fv2%2Ftags&post=89586"}],"curies":[{"name":"wp","href":"https:\/\/api.w.org\/{rel}","templated":true}]}}