{"id":89614,"date":"2019-10-26T13:34:00","date_gmt":"2019-10-26T10:34:00","guid":{"rendered":"http:\/\/arantv.az\/?p=89614"},"modified":"2019-10-26T13:34:00","modified_gmt":"2019-10-26T10:34:00","slug":"prezident-gorus-kecirib-foto","status":"publish","type":"post","link":"https:\/\/arantv.az\/?p=89614","title":{"rendered":"Prezident g\u00f6r\u00fc\u015f ke\u00e7irib &#8211; FOTO"},"content":{"rendered":"<p>Az\u0259rbaycan Respublikas\u0131n\u0131n Prezidenti \u0130lham \u018fliyev oktyabr\u0131n 26-da Bosniya v\u0259 Herseqovinan\u0131n R\u0259yas\u0259t Hey\u0259tinin S\u0259dri Milorad Dodik il\u0259 g\u00f6r\u00fc\u015f\u00fcb.<\/p>\n<p>Bu bar\u0259d\u0259 m\u0259lumat\u0131\u00a0<a href=\"https:\/\/azertag.az\/xeber\/Prezident_Ilham_Aliyev_Bosniya_ve_Herseqovinanin_Reyaset_Heyetinin_Sedri_Milorad_Dodik_ile_gorusub_YENILANACAK-1347888\" target=\"_blank\" rel=\"noopener\">AZ\u018fRTAC<\/a>\u00a0yay\u0131b.<\/p>\n<div id=\"AdviadNativeVideo0\" class=\"AdviadNativeVideo\"><\/div>\n<div class=\"gallery\">\n<div class=\"gallery-i\"><img src=\"https:\/\/assets.oxu.az\/uploads\/W1siZiIsIjIwMTkvMTAvMjYvMTMvNTAvMDkvNDNiZTU0YTAtMGRiYS00NjE0LWJiYjItY2NjN2Q2OWRiODRmLzE1NzIwODE4Njc0OTM2MTU0NjQyXzEwMDB4NjY5LmpwZyJdLFsicCIsImVuY29kZSIsImpwZyIsIi1xdWFsaXR5IDgwIl0sWyJwIiwidGh1bWIiLCI1OTB4NTkwXHUwMDNlIl1d?sha=0ce5a9794749b2dc\" alt=\"\" \/><\/p>\n<div class=\"gallery-i-caption\"><\/div>\n<\/div>\n<div class=\"gallery-i\"><img src=\"https:\/\/assets.oxu.az\/uploads\/W1siZiIsIjIwMTkvMTAvMjYvMTMvNTAvMTAvNjYxZDcyZDctZjQ2NS00ZTFmLWEyODItMTNhMmNjZjM0OTdjLzE1NzIwODE4NjcxMjg4MTU0MTU5XzEwMDB4NjY5LmpwZyJdLFsicCIsImVuY29kZSIsImpwZyIsIi1xdWFsaXR5IDgwIl0sWyJwIiwidGh1bWIiLCI1OTB4NTkwXHUwMDNlIl1d?sha=7c64395fb8f264d0\" alt=\"\" \/><\/p>\n<div class=\"gallery-i-caption\"><\/div>\n<\/div>\n<div class=\"gallery-i\"><img src=\"https:\/\/assets.oxu.az\/uploads\/W1siZiIsIjIwMTkvMTAvMjYvMTMvNTAvMTAvMWE1ZjA5NGYtYzIyMS00MGY5LWJhNWEtOWE4MGM0Yzk3NmZjLzE1NzIwODE4Njc2MjY2NzYwMTE4XzEwMDB4NjY5LmpwZyJdLFsicCIsImVuY29kZSIsImpwZyIsIi1xdWFsaXR5IDgwIl0sWyJwIiwidGh1bWIiLCI1OTB4NTkwXHUwMDNlIl1d?sha=8323b7c4fc3c936e\" alt=\"\" \/><\/p>\n<div class=\"gallery-i-caption\"><\/div>\n<\/div>\n<div class=\"gallery-i\"><img src=\"https:\/\/assets.oxu.az\/uploads\/W1siZiIsIjIwMTkvMTAvMjYvMTMvNTAvMTUvNTY3M2ZhM2ItM2JlMC00NzY4LTg2MWUtNTk2NThmNGY1NjQyLzE1NzIwODE4Njc2MDE0NTA1N18xMDAweDY2OS5qcGciXSxbInAiLCJlbmNvZGUiLCJqcGciLCItcXVhbGl0eSA4MCJdLFsicCIsInRodW1iIiwiNTkweDU5MFx1MDAzZSJdXQ?sha=8b6ce76d40ae01e4\" alt=\"\" \/><\/p>\n<div class=\"gallery-i-caption\"><\/div>\n<\/div>\n<div class=\"gallery-i\"><img src=\"https:\/\/assets.oxu.az\/uploads\/W1siZiIsIjIwMTkvMTAvMjYvMTMvNTAvMTUvZDMzYzhkMGYtNjM4NC00MjlkLWFkMzItYjJkODk0YzA1OTc5LzE1NzIwODE4NjcxMjgyNzM4OTk4XzEwMDB4NjY5LmpwZyJdLFsicCIsImVuY29kZSIsImpwZyIsIi1xdWFsaXR5IDgwIl0sWyJwIiwidGh1bWIiLCI1OTB4NTkwXHUwMDNlIl1d?sha=f360d960cec0247d\" alt=\"\" \/><\/p>\n<div class=\"gallery-i-caption\"><\/div>\n<\/div>\n<div class=\"gallery-i\"><img src=\"https:\/\/assets.oxu.az\/uploads\/W1siZiIsIjIwMTkvMTAvMjYvMTMvNTAvMTUvZmY5ZmIzMTMtZGM4Ny00N2FiLTgzYzYtMzkxOTNkNWE2YTg5LzE1NzIwODE4NjcxNzc5MzYxMTgwXzEwMDB4NjY5LmpwZyJdLFsicCIsImVuY29kZSIsImpwZyIsIi1xdWFsaXR5IDgwIl0sWyJwIiwidGh1bWIiLCI1OTB4NTkwXHUwMDNlIl1d?sha=e3840d8e40173c01\" alt=\"\" \/><\/p>\n<div class=\"gallery-i-caption\"><\/div>\n<\/div>\n<div class=\"gallery-i\"><img src=\"https:\/\/assets.oxu.az\/uploads\/W1siZiIsIjIwMTkvMTAvMjYvMTMvNTAvMTUvYTJmNDg2ZmEtMTQ4MS00ZjAyLWEwNDUtMWZiNjA2NTVkNTE1LzE1NzIwODE4NjcyNzkxNjYwMDg1XzEwMDB4NjY5LmpwZyJdLFsicCIsImVuY29kZSIsImpwZyIsIi1xdWFsaXR5IDgwIl0sWyJwIiwidGh1bWIiLCI1OTB4NTkwXHUwMDNlIl1d?sha=6d58782c6b9d2f11\" alt=\"\" \/><\/div>\n<\/div>\n","protected":false},"excerpt":{"rendered":"<p>Az\u0259rbaycan Respublikas\u0131n\u0131n Prezidenti \u0130lham \u018fliyev oktyabr\u0131n 26-da Bosniya v\u0259 Herseqovinan\u0131n R\u0259yas\u0259t Hey\u0259tinin S\u0259dri Milorad Dodik il\u0259 g\u00f6r\u00fc\u015f\u00fcb. Bu bar\u0259d\u0259 m\u0259lumat\u0131\u00a0AZ\u018fRTAC\u00a0yay\u0131b.<\/p>\n","protected":false},"author":2,"featured_media":89615,"comment_status":"closed","ping_status":"closed","sticky":false,"template":"","format":"standard","meta":{"om_disable_all_campaigns":false,"_monsterinsights_skip_tracking":false,"_monsterinsights_sitenote_active":false,"_monsterinsights_sitenote_note":"","_monsterinsights_sitenote_category":0},"categories":[8],"tags":[],"aioseo_notices":[],"gutentor_comment":0,"rttpg_featured_image_url":{"full":["https:\/\/arantv.az\/wp-content\/uploads\/2019\/10\/15720818671288154159_1000x669.jpg",620,456,false],"landscape":["https:\/\/arantv.az\/wp-content\/uploads\/2019\/10\/15720818671288154159_1000x669.jpg",620,456,false],"portraits":["https:\/\/arantv.az\/wp-content\/uploads\/2019\/10\/15720818671288154159_1000x669.jpg",620,456,false],"thumbnail":["https:\/\/arantv.az\/wp-content\/uploads\/2019\/10\/15720818671288154159_1000x669-150x150.jpg",150,150,true],"medium":["https:\/\/arantv.az\/wp-content\/uploads\/2019\/10\/15720818671288154159_1000x669-300x221.jpg",300,221,true],"large":["https:\/\/arantv.az\/wp-content\/uploads\/2019\/10\/15720818671288154159_1000x669.jpg",620,456,false],"1536x1536":["https:\/\/arantv.az\/wp-content\/uploads\/2019\/10\/15720818671288154159_1000x669.jpg",620,456,false],"2048x2048":["https:\/\/arantv.az\/wp-content\/uploads\/2019\/10\/15720818671288154159_1000x669.jpg",620,456,false],"post-thumbnail":["https:\/\/arantv.az\/wp-content\/uploads\/2019\/10\/15720818671288154159_1000x669-240x172.jpg",240,172,true],"advps-thumb-one":["https:\/\/arantv.az\/wp-content\/uploads\/2019\/10\/15720818671288154159_1000x669.jpg",620,456,false]},"rttpg_author":{"display_name":"V\u00fcsal Rafiqo\u011flu","author_link":"https:\/\/arantv.az\/?author=2"},"rttpg_comment":0,"rttpg_category":"<a href=\"https:\/\/arantv.az\/?cat=8\" rel=\"category\">\u018fsas s\u0259hif\u0259<\/a>","rttpg_excerpt":"Az\u0259rbaycan Respublikas\u0131n\u0131n Prezidenti \u0130lham \u018fliyev oktyabr\u0131n 26-da Bosniya v\u0259 Herseqovinan\u0131n R\u0259yas\u0259t Hey\u0259tinin S\u0259dri Milorad Dodik il\u0259 g\u00f6r\u00fc\u015f\u00fcb. Bu bar\u0259d\u0259 m\u0259lumat\u0131\u00a0AZ\u018fRTAC\u00a0yay\u0131b.","_links":{"self":[{"href":"https:\/\/arantv.az\/index.php?rest_route=\/wp\/v2\/posts\/89614"}],"collection":[{"href":"https:\/\/arantv.az\/index.php?rest_route=\/wp\/v2\/posts"}],"about":[{"href":"https:\/\/arantv.az\/index.php?rest_route=\/wp\/v2\/types\/post"}],"author":[{"embeddable":true,"href":"https:\/\/arantv.az\/index.php?rest_route=\/wp\/v2\/users\/2"}],"replies":[{"embeddable":true,"href":"https:\/\/arantv.az\/index.php?rest_route=%2Fwp%2Fv2%2Fcomments&post=89614"}],"version-history":[{"count":0,"href":"https:\/\/arantv.az\/index.php?rest_route=\/wp\/v2\/posts\/89614\/revisions"}],"wp:featuredmedia":[{"embeddable":true,"href":"https:\/\/arantv.az\/index.php?rest_route=\/wp\/v2\/media\/89615"}],"wp:attachment":[{"href":"https:\/\/arantv.az\/index.php?rest_route=%2Fwp%2Fv2%2Fmedia&parent=89614"}],"wp:term":[{"taxonomy":"category","embeddable":true,"href":"https:\/\/arantv.az\/index.php?rest_route=%2Fwp%2Fv2%2Fcategories&post=89614"},{"taxonomy":"post_tag","embeddable":true,"href":"https:\/\/arantv.az\/index.php?rest_route=%2Fwp%2Fv2%2Ftags&post=89614"}],"curies":[{"name":"wp","href":"https:\/\/api.w.org\/{rel}","templated":true}]}}