{"id":89630,"date":"2019-10-26T13:46:21","date_gmt":"2019-10-26T10:46:21","guid":{"rendered":"http:\/\/arantv.az\/?p=89630"},"modified":"2019-10-26T13:46:21","modified_gmt":"2019-10-26T10:46:21","slug":"biri-%c9%99ll%c9%99rini-tutdu-dig%c9%99ri-qayci-il%c9%99-q%c9%99tl%c9%99-yetirdi-bakida-d%c9%99hs%c9%99tli-cinay%c9%99tin-t%c9%99f%c9%99rruati","status":"publish","type":"post","link":"https:\/\/arantv.az\/?p=89630","title":{"rendered":"Biri \u0259ll\u0259rini tutdu, dig\u0259ri qay\u00e7\u0131 il\u0259 q\u0259tl\u0259 yetirdi: Bak\u0131da d\u0259h\u015f\u0259tli cinay\u0259tin &#8211; T\u018fF\u018fRR\u00dcATI"},"content":{"rendered":"<p>Polis v\u0259 prokurorluq orqanlar\u0131n\u0131n \u0259m\u0259kda\u015flar\u0131n\u0131n ke\u00e7irdiyi istintaq h\u0259r\u0259k\u0259tl\u0259ri v\u0259 \u0259m\u0259liyyat-axtar\u0131\u015f t\u0259dbirl\u0259ri n\u0259tic\u0259sind\u0259 qeyri-a\u015fkar \u015f\u0259raitd\u0259 t\u00f6r\u0259dilmi\u015f q\u0259tlin \u00fcst\u00fc a\u00e7\u0131l\u0131b.<\/p>\n<p>Bu bar\u0259d\u0259 D\u0130N v\u0259 Respublika Ba\u015f Prokurorlu\u011fu m\u0259lumat yay\u0131b.<\/p>\n<p>Bildirilib ki, paytaxt\u0131n Bil\u0259c\u0259ri q\u0259s\u0259b\u0259 sakini \u00c7i\u00e7\u0259k \u018fsg\u0259rova oktyabr\u0131n 16-da Bin\u0259q\u0259di RP\u0130-nin 6-c\u0131 Polis B\u00f6lm\u0259sin\u0259 m\u00fcraci\u0259t ed\u0259r\u0259k h\u0259yat yolda\u015f\u0131 Elvin H\u0259bibzad\u0259nin oktyabr\u0131n 14-d\u0259 \u00f6z\u00fcn\u0259 m\u0259xsus \u201cBMW\u201d markal\u0131 avtomobill\u0259 evd\u0259n \u00e7\u0131x\u0131b getdiyini v\u0259 geri qay\u0131tmad\u0131\u011f\u0131n\u0131 qeyd edib.<\/p>\n<div id=\"AdviadNativeVideo0\" class=\"AdviadNativeVideo\"><\/div>\n<p>M\u0259lumatla \u0259laq\u0259dar itkin d\u00fc\u015fm\u00fc\u015f \u015f\u0259xsin yerinin m\u00fc\u0259yy\u0259n edil\u0259r\u0259k tap\u0131lmas\u0131 istiqam\u0259tind\u0259 m\u00fcvafiq t\u0259dbirl\u0259r h\u0259yata ke\u00e7irilib. N\u0259tic\u0259d\u0259 E.H\u0259bibzad\u0259y\u0259 m\u0259xsus avtomobil Qarada\u011f rayonunun Q\u0131z\u0131lda\u015f q\u0259s\u0259b\u0259sind\u0259 tap\u0131l\u0131b v\u0259 n\u0259qliyyat vasit\u0259sin\u0259 bax\u0131\u015f ke\u00e7iril\u0259rk\u0259n salonda qan izl\u0259ri a\u015fkar edilib.<\/p>\n<p>Oktyabr\u0131n 25-d\u0259 Elvin H\u0259bibzad\u0259nin \u00fcz\u0259rind\u0259 zorak\u0131l\u0131q \u0259lam\u0259tl\u0259ri olan meyit X\u0259z\u0259r rayonunun T\u00fcrkan q\u0259s\u0259b\u0259sind\u0259ki evl\u0259rd\u0259n birinin qar\u015f\u0131s\u0131ndak\u0131 su quyusunda a\u015fkar edilib. Hadis\u0259 yerin\u0259 c\u0259lb edil\u0259n F\u00f6vq\u0259lad\u0259 Hallar Nazirliyinin m\u00fcvafiq xilasetm\u0259 q\u00fcvv\u0259l\u0259ri meyiti oradan \u00e7\u0131xar\u0131b.<\/p>\n<p>Polis v\u0259 prokurorluq orqanlar\u0131n\u0131n \u0259m\u0259kda\u015flar\u0131ndan ibar\u0259t istintaq-\u0259m\u0259liyyat qrupunun \u00fczvl\u0259ri m\u0259hk\u0259m\u0259-tibb ekspertinin d\u0259 i\u015ftirak\u0131 il\u0259 hadis\u0259 yerin\u0259 v\u0259 meyit\u0259 bax\u0131\u015f ke\u00e7iribl\u0259r.<\/p>\n<p>Faktla ba\u011fl\u0131 Bin\u0259q\u0259di rayon Prokurorlu\u011funda Cinay\u0259t M\u0259c\u0259ll\u0259sinin 120.1-ci (q\u0259sd\u0259n adam \u00f6ld\u00fcrm\u0259) madd\u0259si il\u0259 cinay\u0259t i\u015fi ba\u015flan\u0131l\u0131b.<\/p>\n<p>\u0130lkin ara\u015fd\u0131rmalarla m\u00fc\u0259yy\u0259n edilib ki, Bak\u0131 \u015f\u0259h\u0259r sakini S\u0259buhi \u018fl\u0259kb\u0259rov yax\u0131n qohumu R\u0259\u015fad F\u0259tullayevl\u0259 qabaqcadan cinay\u0259t \u0259laq\u0259sin\u0259 gir\u0259r\u0259k ail\u0259-m\u0259i\u015f\u0259t z\u0259minind\u0259 yaranm\u0131\u015f m\u00fcbahis\u0259ni h\u0259ll etm\u0259k m\u0259qs\u0259dil\u0259 Elvin H\u0259bibzad\u0259nin idar\u0259 etdiyi \u201cBMW\u201d markal\u0131 avtoma\u015f\u0131nla oktyabr\u0131n 15-d\u0259 ax\u015fam g\u00f6r\u00fc\u015f b\u0259han\u0259si il\u0259 Qarada\u011f rayonunun Sahil q\u0259s\u0259b\u0259sin\u0259 g\u0259libl\u0259r.<\/p>\n<p>Avtoma\u015f\u0131nda t\u0259r\u0259fl\u0259r aras\u0131nda k\u0259skin m\u00fcbahis\u0259 yaran\u0131b, E.H\u0259bibzad\u0259 S.\u018fl\u0259kb\u0259rovun v\u0259 ail\u0259sinin \u00fcnvan\u0131na nalayiq ifad\u0259l\u0259r i\u015fl\u0259dib\u0259r\u0259k avtomobild\u0259ki b\u0131\u00e7aqla onun sol \u0259lin\u0259 x\u0259sar\u0259t yetirib. Bu zaman S.\u018fl\u0259kb\u0259rov m\u00fcqavim\u0259t g\u00f6st\u0259r\u0259n s\u00fcr\u00fcc\u00fcn\u00fcn qollar\u0131n\u0131 tutub v\u0259 R.F\u0259tullayev qay\u00e7\u0131 il\u0259 arxadan boyun nahiy\u0259sin\u0259 z\u0259rb\u0259 endir\u0259r\u0259k E.H\u0259bibzad\u0259ni q\u0259tl\u0259 yetirib. Daha sonra h\u0259r iki \u015f\u0259xs izi itirm\u0259k m\u0259qs\u0259dil\u0259 meyiti h\u0259min avtomobill\u0259 X\u0259z\u0259r rayonuna g\u0259tir\u0259r\u0259k burada S.\u018fl\u0259kb\u0259rovun babas\u0131na m\u0259xsus evin qar\u015f\u0131s\u0131ndak\u0131 quyuya at\u0131blar.<\/p>\n<p>Qeyd olunan a\u011f\u0131r cinay\u0259t \u0259m\u0259ll\u0259rini t\u00f6r\u0259tdikl\u0259rin\u0259 \u0259sasl\u0131 \u015f\u00fcbh\u0259l\u0259r oldu\u011funa g\u00f6r\u0259 S\u0259buhi \u018fl\u0259kb\u0259rov v\u0259 R\u0259\u015fad F\u0259tullayev Cinay\u0259t M\u0259c\u0259ll\u0259sinin 120.2.1-ci (qabaqcadan \u0259lbir olan bir qrup \u015f\u0259xs t\u0259r\u0259find\u0259n q\u0259sd\u0259n adam \u00f6ld\u00fcrm\u0259) madd\u0259si il\u0259 oktyabr\u0131n 25-d\u0259 \u015f\u00fcbh\u0259li \u015f\u0259xsl\u0259r qismind\u0259 tutulublar.<\/p>\n<p>Haz\u0131rda cinay\u0259t i\u015fi z\u0259ruri istintaq v\u0259 \u0259m\u0259liyyat-axtar\u0131\u015f t\u0259dbirl\u0259ri davam etdirilir.<\/p>\n","protected":false},"excerpt":{"rendered":"<p>Polis v\u0259 prokurorluq orqanlar\u0131n\u0131n \u0259m\u0259kda\u015flar\u0131n\u0131n ke\u00e7irdiyi istintaq h\u0259r\u0259k\u0259tl\u0259ri v\u0259 \u0259m\u0259liyyat-axtar\u0131\u015f t\u0259dbirl\u0259ri n\u0259tic\u0259sind\u0259 qeyri-a\u015fkar \u015f\u0259raitd\u0259 t\u00f6r\u0259dilmi\u015f q\u0259tlin \u00fcst\u00fc a\u00e7\u0131l\u0131b. Bu bar\u0259d\u0259 D\u0130N v\u0259 Respublika Ba\u015f Prokurorlu\u011fu m\u0259lumat yay\u0131b. Bildirilib ki, paytaxt\u0131n Bil\u0259c\u0259ri q\u0259s\u0259b\u0259 sakini \u00c7i\u00e7\u0259k \u018fsg\u0259rova oktyabr\u0131n 16-da Bin\u0259q\u0259di RP\u0130-nin 6-c\u0131 Polis B\u00f6lm\u0259sin\u0259 m\u00fcraci\u0259t ed\u0259r\u0259k h\u0259yat yolda\u015f\u0131 Elvin H\u0259bibzad\u0259nin oktyabr\u0131n 14-d\u0259 \u00f6z\u00fcn\u0259 m\u0259xsus \u201cBMW\u201d markal\u0131 avtomobill\u0259 evd\u0259n \u00e7\u0131x\u0131b getdiyini v\u0259 geri qay\u0131tmad\u0131\u011f\u0131n\u0131 qeyd edib. M\u0259lumatla \u0259laq\u0259dar itkin d\u00fc\u015fm\u00fc\u015f \u015f\u0259xsin yerinin m\u00fc\u0259yy\u0259n edil\u0259r\u0259k tap\u0131lmas\u0131 istiqam\u0259tind\u0259 m\u00fcvafiq t\u0259dbirl\u0259r h\u0259yata ke\u00e7irilib. N\u0259tic\u0259d\u0259 E.H\u0259bibzad\u0259y\u0259 m\u0259xsus avtomobil Qarada\u011f rayonunun Q\u0131z\u0131lda\u015f q\u0259s\u0259b\u0259sind\u0259 tap\u0131l\u0131b v\u0259 n\u0259qliyyat vasit\u0259sin\u0259 bax\u0131\u015f&hellip;<\/p>\n","protected":false},"author":2,"featured_media":89631,"comment_status":"closed","ping_status":"closed","sticky":false,"template":"","format":"standard","meta":{"om_disable_all_campaigns":false,"_monsterinsights_skip_tracking":false,"_monsterinsights_sitenote_active":false,"_monsterinsights_sitenote_note":"","_monsterinsights_sitenote_category":0},"categories":[3],"tags":[],"aioseo_notices":[],"gutentor_comment":0,"rttpg_featured_image_url":{"full":["https:\/\/arantv.az\/wp-content\/uploads\/2019\/10\/image_660x441_5cc99a0a390b6-1.jpg",620,414,false],"landscape":["https:\/\/arantv.az\/wp-content\/uploads\/2019\/10\/image_660x441_5cc99a0a390b6-1.jpg",620,414,false],"portraits":["https:\/\/arantv.az\/wp-content\/uploads\/2019\/10\/image_660x441_5cc99a0a390b6-1.jpg",620,414,false],"thumbnail":["https:\/\/arantv.az\/wp-content\/uploads\/2019\/10\/image_660x441_5cc99a0a390b6-1-150x150.jpg",150,150,true],"medium":["https:\/\/arantv.az\/wp-content\/uploads\/2019\/10\/image_660x441_5cc99a0a390b6-1-300x200.jpg",300,200,true],"large":["https:\/\/arantv.az\/wp-content\/uploads\/2019\/10\/image_660x441_5cc99a0a390b6-1.jpg",620,414,false],"1536x1536":["https:\/\/arantv.az\/wp-content\/uploads\/2019\/10\/image_660x441_5cc99a0a390b6-1.jpg",620,414,false],"2048x2048":["https:\/\/arantv.az\/wp-content\/uploads\/2019\/10\/image_660x441_5cc99a0a390b6-1.jpg",620,414,false],"post-thumbnail":["https:\/\/arantv.az\/wp-content\/uploads\/2019\/10\/image_660x441_5cc99a0a390b6-1-240x172.jpg",240,172,true],"advps-thumb-one":["https:\/\/arantv.az\/wp-content\/uploads\/2019\/10\/image_660x441_5cc99a0a390b6-1.jpg",620,414,false]},"rttpg_author":{"display_name":"V\u00fcsal Rafiqo\u011flu","author_link":"https:\/\/arantv.az\/?author=2"},"rttpg_comment":0,"rttpg_category":"<a href=\"https:\/\/arantv.az\/?cat=3\" rel=\"category\">Kriminal<\/a>","rttpg_excerpt":"Polis v\u0259 prokurorluq orqanlar\u0131n\u0131n \u0259m\u0259kda\u015flar\u0131n\u0131n ke\u00e7irdiyi istintaq h\u0259r\u0259k\u0259tl\u0259ri v\u0259 \u0259m\u0259liyyat-axtar\u0131\u015f t\u0259dbirl\u0259ri n\u0259tic\u0259sind\u0259 qeyri-a\u015fkar \u015f\u0259raitd\u0259 t\u00f6r\u0259dilmi\u015f q\u0259tlin \u00fcst\u00fc a\u00e7\u0131l\u0131b. Bu bar\u0259d\u0259 D\u0130N v\u0259 Respublika Ba\u015f Prokurorlu\u011fu m\u0259lumat yay\u0131b. Bildirilib ki, paytaxt\u0131n Bil\u0259c\u0259ri q\u0259s\u0259b\u0259 sakini \u00c7i\u00e7\u0259k \u018fsg\u0259rova oktyabr\u0131n 16-da Bin\u0259q\u0259di RP\u0130-nin 6-c\u0131 Polis B\u00f6lm\u0259sin\u0259 m\u00fcraci\u0259t ed\u0259r\u0259k h\u0259yat yolda\u015f\u0131 Elvin H\u0259bibzad\u0259nin oktyabr\u0131n 14-d\u0259 \u00f6z\u00fcn\u0259 m\u0259xsus \u201cBMW\u201d markal\u0131 avtomobill\u0259&hellip;","_links":{"self":[{"href":"https:\/\/arantv.az\/index.php?rest_route=\/wp\/v2\/posts\/89630"}],"collection":[{"href":"https:\/\/arantv.az\/index.php?rest_route=\/wp\/v2\/posts"}],"about":[{"href":"https:\/\/arantv.az\/index.php?rest_route=\/wp\/v2\/types\/post"}],"author":[{"embeddable":true,"href":"https:\/\/arantv.az\/index.php?rest_route=\/wp\/v2\/users\/2"}],"replies":[{"embeddable":true,"href":"https:\/\/arantv.az\/index.php?rest_route=%2Fwp%2Fv2%2Fcomments&post=89630"}],"version-history":[{"count":0,"href":"https:\/\/arantv.az\/index.php?rest_route=\/wp\/v2\/posts\/89630\/revisions"}],"wp:featuredmedia":[{"embeddable":true,"href":"https:\/\/arantv.az\/index.php?rest_route=\/wp\/v2\/media\/89631"}],"wp:attachment":[{"href":"https:\/\/arantv.az\/index.php?rest_route=%2Fwp%2Fv2%2Fmedia&parent=89630"}],"wp:term":[{"taxonomy":"category","embeddable":true,"href":"https:\/\/arantv.az\/index.php?rest_route=%2Fwp%2Fv2%2Fcategories&post=89630"},{"taxonomy":"post_tag","embeddable":true,"href":"https:\/\/arantv.az\/index.php?rest_route=%2Fwp%2Fv2%2Ftags&post=89630"}],"curies":[{"name":"wp","href":"https:\/\/api.w.org\/{rel}","templated":true}]}}