{"id":89821,"date":"2019-10-28T09:36:46","date_gmt":"2019-10-28T06:36:46","guid":{"rendered":"http:\/\/arantv.az\/?p=89821"},"modified":"2019-10-28T09:36:46","modified_gmt":"2019-10-28T06:36:46","slug":"bu-%c9%99razil%c9%99rd%c9%99-qaz-olmayacaq-9","status":"publish","type":"post","link":"https:\/\/arantv.az\/?p=89821","title":{"rendered":"Bu \u0259razil\u0259rd\u0259 qaz olmayacaq"},"content":{"rendered":"<p>Oktyabr\u0131n 28-d\u0259 s\u0259h\u0259r saat 10:00-dan t\u0259mir\u00a0 i\u015fl\u0259ri ba\u015fa \u00e7atanad\u0259k Samux rayonunun iki\u00a0ya\u015fay\u0131\u015f m\u0259nt\u0259q\u0259sind\u0259 qaz t\u0259chizat\u0131nda fasil\u0259l\u0259r olacaq.<\/p>\n<div id=\"AdviadNativeVideo0\" class=\"AdviadNativeVideo\"><\/div>\n<p>Bu bar\u0259d\u0259 \u201cAz\u0259riqaz\u201d \u0130stehsalat Birliyi m\u0259lumat yay\u0131b.<\/p>\n<p>Bu zaman Samux rayonu \u0259razisind\u0259 yerl\u0259\u015f\u0259n \u201cAlaba\u015fl\u0131\u201d \u00f6l\u00e7\u00fc qov\u015fa\u011f\u0131n\u0131n \u00e7\u0131x\u0131\u015f\u0131nda qura\u015fd\u0131r\u0131lm\u0131\u015f kollektorda a\u015fkar olunmu\u015f qaz s\u0131zmalar\u0131n\u0131n l\u0259\u011fvi i\u015fl\u0259ri apar\u0131lacaq.<\/p>\n","protected":false},"excerpt":{"rendered":"<p>Oktyabr\u0131n 28-d\u0259 s\u0259h\u0259r saat 10:00-dan t\u0259mir\u00a0 i\u015fl\u0259ri ba\u015fa \u00e7atanad\u0259k Samux rayonunun iki\u00a0ya\u015fay\u0131\u015f m\u0259nt\u0259q\u0259sind\u0259 qaz t\u0259chizat\u0131nda fasil\u0259l\u0259r olacaq. Bu bar\u0259d\u0259 \u201cAz\u0259riqaz\u201d \u0130stehsalat Birliyi m\u0259lumat yay\u0131b. Bu zaman Samux rayonu \u0259razisind\u0259 yerl\u0259\u015f\u0259n \u201cAlaba\u015fl\u0131\u201d \u00f6l\u00e7\u00fc qov\u015fa\u011f\u0131n\u0131n \u00e7\u0131x\u0131\u015f\u0131nda qura\u015fd\u0131r\u0131lm\u0131\u015f kollektorda a\u015fkar olunmu\u015f qaz s\u0131zmalar\u0131n\u0131n l\u0259\u011fvi i\u015fl\u0259ri apar\u0131lacaq.<\/p>\n","protected":false},"author":2,"featured_media":89822,"comment_status":"closed","ping_status":"closed","sticky":false,"template":"","format":"standard","meta":{"om_disable_all_campaigns":false,"_monsterinsights_skip_tracking":false,"_monsterinsights_sitenote_active":false,"_monsterinsights_sitenote_note":"","_monsterinsights_sitenote_category":0},"categories":[1],"tags":[],"aioseo_notices":[],"gutentor_comment":0,"rttpg_featured_image_url":{"full":["https:\/\/arantv.az\/wp-content\/uploads\/2019\/10\/628-1.jpg",620,389,false],"landscape":["https:\/\/arantv.az\/wp-content\/uploads\/2019\/10\/628-1.jpg",620,389,false],"portraits":["https:\/\/arantv.az\/wp-content\/uploads\/2019\/10\/628-1.jpg",620,389,false],"thumbnail":["https:\/\/arantv.az\/wp-content\/uploads\/2019\/10\/628-1-150x150.jpg",150,150,true],"medium":["https:\/\/arantv.az\/wp-content\/uploads\/2019\/10\/628-1-300x188.jpg",300,188,true],"large":["https:\/\/arantv.az\/wp-content\/uploads\/2019\/10\/628-1.jpg",620,389,false],"1536x1536":["https:\/\/arantv.az\/wp-content\/uploads\/2019\/10\/628-1.jpg",620,389,false],"2048x2048":["https:\/\/arantv.az\/wp-content\/uploads\/2019\/10\/628-1.jpg",620,389,false],"post-thumbnail":["https:\/\/arantv.az\/wp-content\/uploads\/2019\/10\/628-1-240x172.jpg",240,172,true],"advps-thumb-one":["https:\/\/arantv.az\/wp-content\/uploads\/2019\/10\/628-1.jpg",620,389,false]},"rttpg_author":{"display_name":"V\u00fcsal Rafiqo\u011flu","author_link":"https:\/\/arantv.az\/?author=2"},"rttpg_comment":0,"rttpg_category":"<a href=\"https:\/\/arantv.az\/?cat=1\" rel=\"category\">C\u0259miyy\u0259t<\/a>","rttpg_excerpt":"Oktyabr\u0131n 28-d\u0259 s\u0259h\u0259r saat 10:00-dan t\u0259mir\u00a0 i\u015fl\u0259ri ba\u015fa \u00e7atanad\u0259k Samux rayonunun iki\u00a0ya\u015fay\u0131\u015f m\u0259nt\u0259q\u0259sind\u0259 qaz t\u0259chizat\u0131nda fasil\u0259l\u0259r olacaq. Bu bar\u0259d\u0259 \u201cAz\u0259riqaz\u201d \u0130stehsalat Birliyi m\u0259lumat yay\u0131b. Bu zaman Samux rayonu \u0259razisind\u0259 yerl\u0259\u015f\u0259n \u201cAlaba\u015fl\u0131\u201d \u00f6l\u00e7\u00fc qov\u015fa\u011f\u0131n\u0131n \u00e7\u0131x\u0131\u015f\u0131nda qura\u015fd\u0131r\u0131lm\u0131\u015f kollektorda a\u015fkar olunmu\u015f qaz s\u0131zmalar\u0131n\u0131n l\u0259\u011fvi i\u015fl\u0259ri apar\u0131lacaq.","_links":{"self":[{"href":"https:\/\/arantv.az\/index.php?rest_route=\/wp\/v2\/posts\/89821"}],"collection":[{"href":"https:\/\/arantv.az\/index.php?rest_route=\/wp\/v2\/posts"}],"about":[{"href":"https:\/\/arantv.az\/index.php?rest_route=\/wp\/v2\/types\/post"}],"author":[{"embeddable":true,"href":"https:\/\/arantv.az\/index.php?rest_route=\/wp\/v2\/users\/2"}],"replies":[{"embeddable":true,"href":"https:\/\/arantv.az\/index.php?rest_route=%2Fwp%2Fv2%2Fcomments&post=89821"}],"version-history":[{"count":0,"href":"https:\/\/arantv.az\/index.php?rest_route=\/wp\/v2\/posts\/89821\/revisions"}],"wp:featuredmedia":[{"embeddable":true,"href":"https:\/\/arantv.az\/index.php?rest_route=\/wp\/v2\/media\/89822"}],"wp:attachment":[{"href":"https:\/\/arantv.az\/index.php?rest_route=%2Fwp%2Fv2%2Fmedia&parent=89821"}],"wp:term":[{"taxonomy":"category","embeddable":true,"href":"https:\/\/arantv.az\/index.php?rest_route=%2Fwp%2Fv2%2Fcategories&post=89821"},{"taxonomy":"post_tag","embeddable":true,"href":"https:\/\/arantv.az\/index.php?rest_route=%2Fwp%2Fv2%2Ftags&post=89821"}],"curies":[{"name":"wp","href":"https:\/\/api.w.org\/{rel}","templated":true}]}}