{"id":89837,"date":"2019-10-28T09:45:21","date_gmt":"2019-10-28T06:45:21","guid":{"rendered":"http:\/\/arantv.az\/?p=89837"},"modified":"2019-10-28T09:45:21","modified_gmt":"2019-10-28T06:45:21","slug":"az%c9%99rbaycanda-d%c9%99hs%c9%99tli-q%c9%99zadan-bel%c9%99-xilas-oldular-anbaan-video","status":"publish","type":"post","link":"https:\/\/arantv.az\/?p=89837","title":{"rendered":"Az\u0259rbaycanda d\u0259h\u015f\u0259tli q\u0259zadan bel\u0259 xilas oldular &#8211; ANBAAN V\u0130DEO"},"content":{"rendered":"<p>D\u0259h\u015f\u0259tli q\u0259za hadis\u0259si ba\u015f verib.<\/p>\n<p><b>ARANTV.AZ\u00a0<\/b>\u00a0<a href=\"https:\/\/big.az\/\">Big.az<\/a>-a istinad\u0259n x\u0259b\u0259r verir ki, minik avtomabilinin q\u0259za an\u0131n\u0131 kameralarda qeyd\u0259 al\u0131n\u0131b. Anbaan g\u00f6r\u00fcnt\u00fcl\u0259n\u0259n d\u0259h\u015f\u0259tli q\u0259zaya s\u0259b\u0259b s\u00fcr\u00fcc\u00fcn\u00fcn idar\u0259etm\u0259ni itir\u0259r\u0259k arak\u0259sm\u0259y\u0259 girm\u0259si olub. Xo\u015fb\u0259xtlikd\u0259n ba\u015f ver\u0259n q\u0259zada he\u00e7 kim x\u0259sar\u0259t almay\u0131b.<\/p>\n<div><\/div>\n<p>Qeyd ed\u0259k ki, sosial \u015f\u0259b\u0259k\u0259l\u0259rd\u0259 yay\u0131lan g\u00f6r\u00fcnt\u00fcn\u00fcn hans\u0131 \u00f6lk\u0259d\u0259 ba\u015f verm\u0259si b\u0259lli deyil.<\/p>\n<p>H\u0259min kadrlar\u0131 t\u0259qdim edirik:<\/p>\n<div class=\"embed-responsive embed-responsive-16by9\"><iframe loading=\"lazy\" id=\"nmqembedid\" class=\"embed-responsive-item\" title=\"video player\" src=\"https:\/\/izle.az\/embed\/76022\" width=\"600\" height=\"340\" frameborder=\"0\" scrolling=\"no\" allowfullscreen=\"allowfullscreen\" data-mce-fragment=\"1\"><\/iframe><\/div>\n<div class=\"datespan clearfix\"><\/div>\n","protected":false},"excerpt":{"rendered":"<p>D\u0259h\u015f\u0259tli q\u0259za hadis\u0259si ba\u015f verib. ARANTV.AZ\u00a0\u00a0Big.az-a istinad\u0259n x\u0259b\u0259r verir ki, minik avtomabilinin q\u0259za an\u0131n\u0131 kameralarda qeyd\u0259 al\u0131n\u0131b. Anbaan g\u00f6r\u00fcnt\u00fcl\u0259n\u0259n d\u0259h\u015f\u0259tli q\u0259zaya s\u0259b\u0259b s\u00fcr\u00fcc\u00fcn\u00fcn idar\u0259etm\u0259ni itir\u0259r\u0259k arak\u0259sm\u0259y\u0259 girm\u0259si olub. Xo\u015fb\u0259xtlikd\u0259n ba\u015f ver\u0259n q\u0259zada he\u00e7 kim x\u0259sar\u0259t almay\u0131b. Qeyd ed\u0259k ki, sosial \u015f\u0259b\u0259k\u0259l\u0259rd\u0259 yay\u0131lan g\u00f6r\u00fcnt\u00fcn\u00fcn hans\u0131 \u00f6lk\u0259d\u0259 ba\u015f verm\u0259si b\u0259lli deyil. H\u0259min kadrlar\u0131 t\u0259qdim edirik:<\/p>\n","protected":false},"author":2,"featured_media":89838,"comment_status":"closed","ping_status":"closed","sticky":false,"template":"","format":"standard","meta":{"om_disable_all_campaigns":false,"_monsterinsights_skip_tracking":false,"_monsterinsights_sitenote_active":false,"_monsterinsights_sitenote_note":"","_monsterinsights_sitenote_category":0},"categories":[5],"tags":[],"aioseo_notices":[],"gutentor_comment":0,"rttpg_featured_image_url":{"full":["https:\/\/arantv.az\/wp-content\/uploads\/2019\/10\/cbgvnhjmk.jpg",475,320,false],"landscape":["https:\/\/arantv.az\/wp-content\/uploads\/2019\/10\/cbgvnhjmk.jpg",475,320,false],"portraits":["https:\/\/arantv.az\/wp-content\/uploads\/2019\/10\/cbgvnhjmk.jpg",475,320,false],"thumbnail":["https:\/\/arantv.az\/wp-content\/uploads\/2019\/10\/cbgvnhjmk-150x150.jpg",150,150,true],"medium":["https:\/\/arantv.az\/wp-content\/uploads\/2019\/10\/cbgvnhjmk-300x202.jpg",300,202,true],"large":["https:\/\/arantv.az\/wp-content\/uploads\/2019\/10\/cbgvnhjmk.jpg",475,320,false],"1536x1536":["https:\/\/arantv.az\/wp-content\/uploads\/2019\/10\/cbgvnhjmk.jpg",475,320,false],"2048x2048":["https:\/\/arantv.az\/wp-content\/uploads\/2019\/10\/cbgvnhjmk.jpg",475,320,false],"post-thumbnail":["https:\/\/arantv.az\/wp-content\/uploads\/2019\/10\/cbgvnhjmk-240x172.jpg",240,172,true],"advps-thumb-one":["https:\/\/arantv.az\/wp-content\/uploads\/2019\/10\/cbgvnhjmk.jpg",475,320,false]},"rttpg_author":{"display_name":"V\u00fcsal Rafiqo\u011flu","author_link":"https:\/\/arantv.az\/?author=2"},"rttpg_comment":0,"rttpg_category":"<a href=\"https:\/\/arantv.az\/?cat=5\" rel=\"category\">Hadis\u0259<\/a>","rttpg_excerpt":"D\u0259h\u015f\u0259tli q\u0259za hadis\u0259si ba\u015f verib. ARANTV.AZ\u00a0\u00a0Big.az-a istinad\u0259n x\u0259b\u0259r verir ki, minik avtomabilinin q\u0259za an\u0131n\u0131 kameralarda qeyd\u0259 al\u0131n\u0131b. Anbaan g\u00f6r\u00fcnt\u00fcl\u0259n\u0259n d\u0259h\u015f\u0259tli q\u0259zaya s\u0259b\u0259b s\u00fcr\u00fcc\u00fcn\u00fcn idar\u0259etm\u0259ni itir\u0259r\u0259k arak\u0259sm\u0259y\u0259 girm\u0259si olub. Xo\u015fb\u0259xtlikd\u0259n ba\u015f ver\u0259n q\u0259zada he\u00e7 kim x\u0259sar\u0259t almay\u0131b. Qeyd ed\u0259k ki, sosial \u015f\u0259b\u0259k\u0259l\u0259rd\u0259 yay\u0131lan g\u00f6r\u00fcnt\u00fcn\u00fcn hans\u0131 \u00f6lk\u0259d\u0259 ba\u015f verm\u0259si b\u0259lli deyil. H\u0259min kadrlar\u0131 t\u0259qdim edirik:","_links":{"self":[{"href":"https:\/\/arantv.az\/index.php?rest_route=\/wp\/v2\/posts\/89837"}],"collection":[{"href":"https:\/\/arantv.az\/index.php?rest_route=\/wp\/v2\/posts"}],"about":[{"href":"https:\/\/arantv.az\/index.php?rest_route=\/wp\/v2\/types\/post"}],"author":[{"embeddable":true,"href":"https:\/\/arantv.az\/index.php?rest_route=\/wp\/v2\/users\/2"}],"replies":[{"embeddable":true,"href":"https:\/\/arantv.az\/index.php?rest_route=%2Fwp%2Fv2%2Fcomments&post=89837"}],"version-history":[{"count":0,"href":"https:\/\/arantv.az\/index.php?rest_route=\/wp\/v2\/posts\/89837\/revisions"}],"wp:featuredmedia":[{"embeddable":true,"href":"https:\/\/arantv.az\/index.php?rest_route=\/wp\/v2\/media\/89838"}],"wp:attachment":[{"href":"https:\/\/arantv.az\/index.php?rest_route=%2Fwp%2Fv2%2Fmedia&parent=89837"}],"wp:term":[{"taxonomy":"category","embeddable":true,"href":"https:\/\/arantv.az\/index.php?rest_route=%2Fwp%2Fv2%2Fcategories&post=89837"},{"taxonomy":"post_tag","embeddable":true,"href":"https:\/\/arantv.az\/index.php?rest_route=%2Fwp%2Fv2%2Ftags&post=89837"}],"curies":[{"name":"wp","href":"https:\/\/api.w.org\/{rel}","templated":true}]}}