{"id":89918,"date":"2019-10-28T11:57:28","date_gmt":"2019-10-28T08:57:28","guid":{"rendered":"http:\/\/arantv.az\/?p=89918"},"modified":"2019-10-28T11:57:28","modified_gmt":"2019-10-28T08:57:28","slug":"yasli-kisi-intihar-etdi","status":"publish","type":"post","link":"https:\/\/arantv.az\/?p=89918","title":{"rendered":"Ya\u015fl\u0131 ki\u015fi intihar etdi"},"content":{"rendered":"<p>Bak\u0131da 82 ya\u015fl\u0131 ki\u015fi intihar edib.<\/p>\n<p><b>ARANTV.AZ<\/b>-\u0131n m\u0259lumat\u0131na g\u00f6r\u0259, hadis\u0259 Sabun\u00e7u rayonunda yerl\u0259\u015f\u0259n f\u0259rdi evd\u0259 qeyd\u0259 al\u0131n\u0131b.<br \/>\n\u015e\u0259h\u0259r sakini, 1937-ci il t\u0259v\u0259ll\u00fcdl\u00fc R\u0259c\u0259bov R\u0259c\u0259b M\u0259h\u0259mm\u0259d o\u011flu ya\u015fad\u0131\u011f\u0131 evd\u0259 \u00f6z\u00fcn\u00fc asaraq intihar edib.<\/p>\n<p>Onun meyiti yax\u0131nlar\u0131 t\u0259r\u0259find\u0259n a\u015fkar edilib.<\/p>\n<p>Faktla ba\u011fl\u0131 Sabun\u00e7u rayon Prokurorlu\u011funda cinay\u0259t i\u015fi ba\u015flan\u0131l\u0131b.<\/p>\n<p>BakuPost.az<\/p>\n","protected":false},"excerpt":{"rendered":"<p>Bak\u0131da 82 ya\u015fl\u0131 ki\u015fi intihar edib. ARANTV.AZ-\u0131n m\u0259lumat\u0131na g\u00f6r\u0259, hadis\u0259 Sabun\u00e7u rayonunda yerl\u0259\u015f\u0259n f\u0259rdi evd\u0259 qeyd\u0259 al\u0131n\u0131b. \u015e\u0259h\u0259r sakini, 1937-ci il t\u0259v\u0259ll\u00fcdl\u00fc R\u0259c\u0259bov R\u0259c\u0259b M\u0259h\u0259mm\u0259d o\u011flu ya\u015fad\u0131\u011f\u0131 evd\u0259 \u00f6z\u00fcn\u00fc asaraq intihar edib. Onun meyiti yax\u0131nlar\u0131 t\u0259r\u0259find\u0259n a\u015fkar edilib. Faktla ba\u011fl\u0131 Sabun\u00e7u rayon Prokurorlu\u011funda cinay\u0259t i\u015fi ba\u015flan\u0131l\u0131b. BakuPost.az<\/p>\n","protected":false},"author":2,"featured_media":89919,"comment_status":"closed","ping_status":"closed","sticky":false,"template":"","format":"standard","meta":{"om_disable_all_campaigns":false,"_monsterinsights_skip_tracking":false,"_monsterinsights_sitenote_active":false,"_monsterinsights_sitenote_note":"","_monsterinsights_sitenote_category":0},"categories":[5],"tags":[],"aioseo_notices":[],"gutentor_comment":0,"rttpg_featured_image_url":{"full":["https:\/\/arantv.az\/wp-content\/uploads\/2019\/10\/15722511482-gunde-4-olum-izmir-de-intihar-ustune-intihar-972419.jpg",549,308,false],"landscape":["https:\/\/arantv.az\/wp-content\/uploads\/2019\/10\/15722511482-gunde-4-olum-izmir-de-intihar-ustune-intihar-972419.jpg",549,308,false],"portraits":["https:\/\/arantv.az\/wp-content\/uploads\/2019\/10\/15722511482-gunde-4-olum-izmir-de-intihar-ustune-intihar-972419.jpg",549,308,false],"thumbnail":["https:\/\/arantv.az\/wp-content\/uploads\/2019\/10\/15722511482-gunde-4-olum-izmir-de-intihar-ustune-intihar-972419-150x150.jpg",150,150,true],"medium":["https:\/\/arantv.az\/wp-content\/uploads\/2019\/10\/15722511482-gunde-4-olum-izmir-de-intihar-ustune-intihar-972419-300x168.jpg",300,168,true],"large":["https:\/\/arantv.az\/wp-content\/uploads\/2019\/10\/15722511482-gunde-4-olum-izmir-de-intihar-ustune-intihar-972419.jpg",549,308,false],"1536x1536":["https:\/\/arantv.az\/wp-content\/uploads\/2019\/10\/15722511482-gunde-4-olum-izmir-de-intihar-ustune-intihar-972419.jpg",549,308,false],"2048x2048":["https:\/\/arantv.az\/wp-content\/uploads\/2019\/10\/15722511482-gunde-4-olum-izmir-de-intihar-ustune-intihar-972419.jpg",549,308,false],"post-thumbnail":["https:\/\/arantv.az\/wp-content\/uploads\/2019\/10\/15722511482-gunde-4-olum-izmir-de-intihar-ustune-intihar-972419-240x172.jpg",240,172,true],"advps-thumb-one":["https:\/\/arantv.az\/wp-content\/uploads\/2019\/10\/15722511482-gunde-4-olum-izmir-de-intihar-ustune-intihar-972419.jpg",549,308,false]},"rttpg_author":{"display_name":"V\u00fcsal Rafiqo\u011flu","author_link":"https:\/\/arantv.az\/?author=2"},"rttpg_comment":0,"rttpg_category":"<a href=\"https:\/\/arantv.az\/?cat=5\" rel=\"category\">Hadis\u0259<\/a>","rttpg_excerpt":"Bak\u0131da 82 ya\u015fl\u0131 ki\u015fi intihar edib. ARANTV.AZ-\u0131n m\u0259lumat\u0131na g\u00f6r\u0259, hadis\u0259 Sabun\u00e7u rayonunda yerl\u0259\u015f\u0259n f\u0259rdi evd\u0259 qeyd\u0259 al\u0131n\u0131b. \u015e\u0259h\u0259r sakini, 1937-ci il t\u0259v\u0259ll\u00fcdl\u00fc R\u0259c\u0259bov R\u0259c\u0259b M\u0259h\u0259mm\u0259d o\u011flu ya\u015fad\u0131\u011f\u0131 evd\u0259 \u00f6z\u00fcn\u00fc asaraq intihar edib. Onun meyiti yax\u0131nlar\u0131 t\u0259r\u0259find\u0259n a\u015fkar edilib. Faktla ba\u011fl\u0131 Sabun\u00e7u rayon Prokurorlu\u011funda cinay\u0259t i\u015fi ba\u015flan\u0131l\u0131b. BakuPost.az","_links":{"self":[{"href":"https:\/\/arantv.az\/index.php?rest_route=\/wp\/v2\/posts\/89918"}],"collection":[{"href":"https:\/\/arantv.az\/index.php?rest_route=\/wp\/v2\/posts"}],"about":[{"href":"https:\/\/arantv.az\/index.php?rest_route=\/wp\/v2\/types\/post"}],"author":[{"embeddable":true,"href":"https:\/\/arantv.az\/index.php?rest_route=\/wp\/v2\/users\/2"}],"replies":[{"embeddable":true,"href":"https:\/\/arantv.az\/index.php?rest_route=%2Fwp%2Fv2%2Fcomments&post=89918"}],"version-history":[{"count":0,"href":"https:\/\/arantv.az\/index.php?rest_route=\/wp\/v2\/posts\/89918\/revisions"}],"wp:featuredmedia":[{"embeddable":true,"href":"https:\/\/arantv.az\/index.php?rest_route=\/wp\/v2\/media\/89919"}],"wp:attachment":[{"href":"https:\/\/arantv.az\/index.php?rest_route=%2Fwp%2Fv2%2Fmedia&parent=89918"}],"wp:term":[{"taxonomy":"category","embeddable":true,"href":"https:\/\/arantv.az\/index.php?rest_route=%2Fwp%2Fv2%2Fcategories&post=89918"},{"taxonomy":"post_tag","embeddable":true,"href":"https:\/\/arantv.az\/index.php?rest_route=%2Fwp%2Fv2%2Ftags&post=89918"}],"curies":[{"name":"wp","href":"https:\/\/api.w.org\/{rel}","templated":true}]}}