{"id":89939,"date":"2019-10-28T12:05:25","date_gmt":"2019-10-28T09:05:25","guid":{"rendered":"http:\/\/arantv.az\/?p=89939"},"modified":"2019-10-28T12:05:25","modified_gmt":"2019-10-28T09:05:25","slug":"erm%c9%99ni-kiv-az%c9%99rbaycan-r%c9%99smil%c9%99ri-erm%c9%99nistan-hakimiyy%c9%99tini-doyur","status":"publish","type":"post","link":"https:\/\/arantv.az\/?p=89939","title":{"rendered":"Erm\u0259ni K\u0130V: Az\u0259rbaycan r\u0259smil\u0259ri Erm\u0259nistan hakimiyy\u0259tini \u201cd\u00f6y\u00fcr\u201d"},"content":{"rendered":"<p>Erm\u0259nistan\u0131n Respublika Partiyas\u0131n\u0131n s\u0259dr m\u00fcavini, ke\u00e7mi\u015f deputat Armen A\u015fotyan \u00f6lk\u0259sinin Qo\u015fulmama H\u0259r\u0259kat\u0131n\u0131n Bak\u0131da ke\u00e7iril\u0259n Zirv\u0259 G\u00f6r\u00fc\u015f\u00fcn\u0259 qat\u0131lmamas\u0131n\u0131 t\u0259nqid edib.<\/p>\n<p><a href=\"https:\/\/azeridaily.com\/reality\/51643\" target=\"_blank\" rel=\"noopener\">\u201cAzeridaily\u201d<\/a>nin m\u0259lumat\u0131na g\u00f6r\u0259, A.A\u015fotyan Az\u0259rbaycan\u0131n 2019-2022-ci ill\u0259rd\u0259 Qo\u015fulmama H\u0259r\u0259kat\u0131na s\u0259drlik ed\u0259c\u0259yini xat\u0131rlad\u0131b.<\/p>\n<p>O deyib ki, Az\u0259rbaycan ill\u0259rdir buna haz\u0131rla\u015f\u0131rd\u0131 v\u0259 H\u0259r\u0259kat r\u0259smi Bak\u0131 \u00fc\u00e7\u00fcn beyn\u0259lxalq al\u0259md\u0259 \u00f6z m\u00f6vqeyini ir\u0259li s\u00fcrm\u0259k istiqam\u0259tind\u0259 \u0259sas vasit\u0259l\u0259rd\u0259n birin\u0259 \u00e7evrilib.<\/p>\n<p>A.A\u015fotyan bildirib ki, Az\u0259rbaycan Prezidenti \u0130lham \u018fliyev Zirv\u0259 G\u00f6r\u00fc\u015f\u00fcnd\u0259\u00a0nitqinin \u0259sas hiss\u0259sini Qaraba\u011fa h\u0259sr ed\u0259r\u0259k Az\u0259rbaycan\u0131n maraqlar\u0131n\u0131 qoruyub.<\/p>\n<p>\u201cBu fonda Erm\u0259nistan hakimiyy\u0259tinin Bak\u0131da ke\u00e7iril\u0259n beyn\u0259lxalq t\u0259dbird\u0259 i\u015ftirak etm\u0259m\u0259y\u0259 q\u0259rar verm\u0259si istehza do\u011furur. Halbuki Erm\u0259nistan Qo\u015fulmama H\u0259r\u0259kat\u0131nda m\u00fc\u015fahid\u0259\u00e7i statusundad\u0131r. Lakin bir ne\u00e7\u0259 g\u00fcn qabaq Erm\u0259nistan\u0131n Xarici \u0130\u015fl\u0259r Nazirliyi b\u0259yan etdi ki, \u00f6lk\u0259nin bu sammitd\u0259 i\u015ftirak\u0131 m\u0259qs\u0259d\u0259uy\u011fun deyil\u201d, &#8211; dey\u0259 A.A\u015fotyan \u0259lav\u0259 edib.<\/p>\n<p>Eks-deputat vur\u011fulay\u0131b ki, Erm\u0259nistan g\u00fccs\u00fcz v\u0259 \u201cdi\u015fsiz\u201d xarici siyas\u0259t y\u00fcr\u00fcd\u00fcr:<\/p>\n<p>\u201cM\u0259n d\u0259f\u0259l\u0259rl\u0259 demi\u015f\u0259m ki, bizim y\u00fcks\u0259k v\u0259zif\u0259li r\u0259smil\u0259rimiz, x\u00fcsusil\u0259 parlamentin s\u0259dri v\u0259 Milli T\u0259hl\u00fck\u0259sizlik \u015euras\u0131n\u0131n katibi beyn\u0259lxalq platformalarda Qaraba\u011f m\u0259s\u0259l\u0259si il\u0259 ba\u011fl\u0131 dan\u0131\u015fmaqdan \u00e7\u0259kinirl\u0259r.<\/p>\n<p>Bel\u0259likl\u0259 d\u0259, Az\u0259rbaycan\u0131n y\u00fcks\u0259k ranql\u0131 r\u0259smil\u0259ri Erm\u0259nistan h\u00f6kum\u0259tinin n\u00fcmay\u0259nd\u0259l\u0259rini v\u0259 m\u00f6vcud hakimiyy\u0259ti \u201cd\u00f6y\u00fcr\u201d. Onlar (Erm\u0259nistan hakimiyy\u0259tini n\u0259z\u0259rd\u0259 tutur) h\u0259r hans\u0131 bir \u0259ks t\u0259dbir g\u00f6rm\u00fcrl\u0259r\u201d.<\/p>\n<p>A.A\u015fotyan Erm\u0259nistan\u0131n Xarici \u0130\u015fl\u0259r naziri Z\u00f6hrab Mnatsakanyan\u0131n BBC-y\u0259 \u201cHard Talk\u201d verili\u015fin\u0259 verdiyi m\u00fcsahib\u0259y\u0259 d\u0259 toxunub.<\/p>\n<p>O bildirib ki, Z.Mnatsakanyan\u0131n m\u00fcsahib\u0259si u\u011fursuz idi.<\/p>\n<p>\u201cErm\u0259nistan h\u00f6kum\u0259tinin t\u0259bli\u011fat ma\u015f\u0131n\u0131 Xarici \u0130\u015fl\u0259r nazirinin qalmaqall\u0131 m\u00fcsahib\u0259sinin n\u0259tic\u0259l\u0259rinin qar\u015f\u0131s\u0131n\u0131 almaq \u00fc\u00e7\u00fcn \u0259b\u0259s yer\u0259 \u00e7al\u0131\u015f\u0131r. Lakin t\u0259qdim olunan arqumentl\u0259r parlament diplomatiyas\u0131 q\u0259d\u0259r z\u0259ifdir. Bu insanlar el\u0259 bilir ki, \u00f6lk\u0259 daxilind\u0259 na\u011f\u0131l dan\u0131\u015fmaqla xaricd\u0259 siyas\u0259ti g\u00fccl\u0259ndirirl\u0259r\u201d.<\/p>\n","protected":false},"excerpt":{"rendered":"<p>Erm\u0259nistan\u0131n Respublika Partiyas\u0131n\u0131n s\u0259dr m\u00fcavini, ke\u00e7mi\u015f deputat Armen A\u015fotyan \u00f6lk\u0259sinin Qo\u015fulmama H\u0259r\u0259kat\u0131n\u0131n Bak\u0131da ke\u00e7iril\u0259n Zirv\u0259 G\u00f6r\u00fc\u015f\u00fcn\u0259 qat\u0131lmamas\u0131n\u0131 t\u0259nqid edib. \u201cAzeridaily\u201dnin m\u0259lumat\u0131na g\u00f6r\u0259, A.A\u015fotyan Az\u0259rbaycan\u0131n 2019-2022-ci ill\u0259rd\u0259 Qo\u015fulmama H\u0259r\u0259kat\u0131na s\u0259drlik ed\u0259c\u0259yini xat\u0131rlad\u0131b. O deyib ki, Az\u0259rbaycan ill\u0259rdir buna haz\u0131rla\u015f\u0131rd\u0131 v\u0259 H\u0259r\u0259kat r\u0259smi Bak\u0131 \u00fc\u00e7\u00fcn beyn\u0259lxalq al\u0259md\u0259 \u00f6z m\u00f6vqeyini ir\u0259li s\u00fcrm\u0259k istiqam\u0259tind\u0259 \u0259sas vasit\u0259l\u0259rd\u0259n birin\u0259 \u00e7evrilib. A.A\u015fotyan bildirib ki, Az\u0259rbaycan Prezidenti \u0130lham \u018fliyev Zirv\u0259 G\u00f6r\u00fc\u015f\u00fcnd\u0259\u00a0nitqinin \u0259sas hiss\u0259sini Qaraba\u011fa h\u0259sr ed\u0259r\u0259k Az\u0259rbaycan\u0131n maraqlar\u0131n\u0131 qoruyub. \u201cBu fonda Erm\u0259nistan hakimiyy\u0259tinin Bak\u0131da ke\u00e7iril\u0259n beyn\u0259lxalq t\u0259dbird\u0259 i\u015ftirak etm\u0259m\u0259y\u0259 q\u0259rar verm\u0259si istehza do\u011furur. Halbuki Erm\u0259nistan Qo\u015fulmama H\u0259r\u0259kat\u0131nda m\u00fc\u015fahid\u0259\u00e7i&hellip;<\/p>\n","protected":false},"author":2,"featured_media":89940,"comment_status":"closed","ping_status":"closed","sticky":false,"template":"","format":"standard","meta":{"om_disable_all_campaigns":false,"_monsterinsights_skip_tracking":false,"_monsterinsights_sitenote_active":false,"_monsterinsights_sitenote_note":"","_monsterinsights_sitenote_category":0},"categories":[4],"tags":[],"aioseo_notices":[],"gutentor_comment":0,"rttpg_featured_image_url":{"full":["https:\/\/arantv.az\/wp-content\/uploads\/2019\/10\/84043_src.jpg",587,451,false],"landscape":["https:\/\/arantv.az\/wp-content\/uploads\/2019\/10\/84043_src.jpg",587,451,false],"portraits":["https:\/\/arantv.az\/wp-content\/uploads\/2019\/10\/84043_src.jpg",587,451,false],"thumbnail":["https:\/\/arantv.az\/wp-content\/uploads\/2019\/10\/84043_src-150x150.jpg",150,150,true],"medium":["https:\/\/arantv.az\/wp-content\/uploads\/2019\/10\/84043_src-300x230.jpg",300,230,true],"large":["https:\/\/arantv.az\/wp-content\/uploads\/2019\/10\/84043_src.jpg",587,451,false],"1536x1536":["https:\/\/arantv.az\/wp-content\/uploads\/2019\/10\/84043_src.jpg",587,451,false],"2048x2048":["https:\/\/arantv.az\/wp-content\/uploads\/2019\/10\/84043_src.jpg",587,451,false],"post-thumbnail":["https:\/\/arantv.az\/wp-content\/uploads\/2019\/10\/84043_src-240x172.jpg",240,172,true],"advps-thumb-one":["https:\/\/arantv.az\/wp-content\/uploads\/2019\/10\/84043_src.jpg",587,451,false]},"rttpg_author":{"display_name":"V\u00fcsal Rafiqo\u011flu","author_link":"https:\/\/arantv.az\/?author=2"},"rttpg_comment":0,"rttpg_category":"<a href=\"https:\/\/arantv.az\/?cat=4\" rel=\"category\">Siyas\u0259t<\/a>","rttpg_excerpt":"Erm\u0259nistan\u0131n Respublika Partiyas\u0131n\u0131n s\u0259dr m\u00fcavini, ke\u00e7mi\u015f deputat Armen A\u015fotyan \u00f6lk\u0259sinin Qo\u015fulmama H\u0259r\u0259kat\u0131n\u0131n Bak\u0131da ke\u00e7iril\u0259n Zirv\u0259 G\u00f6r\u00fc\u015f\u00fcn\u0259 qat\u0131lmamas\u0131n\u0131 t\u0259nqid edib. \u201cAzeridaily\u201dnin m\u0259lumat\u0131na g\u00f6r\u0259, A.A\u015fotyan Az\u0259rbaycan\u0131n 2019-2022-ci ill\u0259rd\u0259 Qo\u015fulmama H\u0259r\u0259kat\u0131na s\u0259drlik ed\u0259c\u0259yini xat\u0131rlad\u0131b. O deyib ki, Az\u0259rbaycan ill\u0259rdir buna haz\u0131rla\u015f\u0131rd\u0131 v\u0259 H\u0259r\u0259kat r\u0259smi Bak\u0131 \u00fc\u00e7\u00fcn beyn\u0259lxalq al\u0259md\u0259 \u00f6z m\u00f6vqeyini ir\u0259li s\u00fcrm\u0259k istiqam\u0259tind\u0259 \u0259sas vasit\u0259l\u0259rd\u0259n birin\u0259 \u00e7evrilib. A.A\u015fotyan&hellip;","_links":{"self":[{"href":"https:\/\/arantv.az\/index.php?rest_route=\/wp\/v2\/posts\/89939"}],"collection":[{"href":"https:\/\/arantv.az\/index.php?rest_route=\/wp\/v2\/posts"}],"about":[{"href":"https:\/\/arantv.az\/index.php?rest_route=\/wp\/v2\/types\/post"}],"author":[{"embeddable":true,"href":"https:\/\/arantv.az\/index.php?rest_route=\/wp\/v2\/users\/2"}],"replies":[{"embeddable":true,"href":"https:\/\/arantv.az\/index.php?rest_route=%2Fwp%2Fv2%2Fcomments&post=89939"}],"version-history":[{"count":0,"href":"https:\/\/arantv.az\/index.php?rest_route=\/wp\/v2\/posts\/89939\/revisions"}],"wp:featuredmedia":[{"embeddable":true,"href":"https:\/\/arantv.az\/index.php?rest_route=\/wp\/v2\/media\/89940"}],"wp:attachment":[{"href":"https:\/\/arantv.az\/index.php?rest_route=%2Fwp%2Fv2%2Fmedia&parent=89939"}],"wp:term":[{"taxonomy":"category","embeddable":true,"href":"https:\/\/arantv.az\/index.php?rest_route=%2Fwp%2Fv2%2Fcategories&post=89939"},{"taxonomy":"post_tag","embeddable":true,"href":"https:\/\/arantv.az\/index.php?rest_route=%2Fwp%2Fv2%2Ftags&post=89939"}],"curies":[{"name":"wp","href":"https:\/\/api.w.org\/{rel}","templated":true}]}}