{"id":89943,"date":"2019-10-28T12:56:27","date_gmt":"2019-10-28T09:56:27","guid":{"rendered":"http:\/\/arantv.az\/?p=89943"},"modified":"2019-10-28T12:56:27","modified_gmt":"2019-10-28T09:56:27","slug":"ilham-%c9%99liyev-agdas-rayonunda-foto","status":"publish","type":"post","link":"https:\/\/arantv.az\/?p=89943","title":{"rendered":"\u0130lham \u018fliyev A\u011fda\u015f rayonunda &#8211; FOTO"},"content":{"rendered":"<p>Az\u0259rbaycan Respublikas\u0131n\u0131n Prezidenti \u0130lham \u018fliyev oktyabr\u0131n 28-d\u0259 A\u011fda\u015f rayonuna s\u0259f\u0259r\u0259 gedib.<\/p>\n<p><strong>ARANTV.AZ<\/strong>\u00a0\u00a0x\u0259b\u0259r verir ki, d\u00f6vl\u0259timizin ba\u015f\u00e7\u0131s\u0131 xalq\u0131m\u0131z\u0131n \u00fcmummilli lideri Heyd\u0259r \u018fliyevin A\u011fda\u015f \u015f\u0259h\u0259rind\u0259 ucald\u0131lm\u0131\u015f abid\u0259sini ziyar\u0259t ed\u0259r\u0259k \u00f6n\u00fcn\u0259 g\u00fcl d\u0259st\u0259si qoyub.<\/p>\n<div id=\"AdviadNativeVideo0\" class=\"AdviadNativeVideo\"><\/div>\n<p>Prezident \u0130lham \u018fliyev\u0259 son ill\u0259r rayonda g\u00f6r\u00fcl\u0259n i\u015fl\u0259r, h\u0259yata ke\u00e7iril\u0259n layih\u0259l\u0259r, el\u0259c\u0259 d\u0259 Ulu \u00d6nd\u0259rin abid\u0259si \u0259traf\u0131nda apar\u0131lan abadl\u0131q-quruculuq i\u015fl\u0259ri bar\u0259d\u0259 m\u0259lumat verilib.<\/p>\n<div class=\"gallery\">\n<div class=\"gallery-i\"><img src=\"https:\/\/assets.oxu.az\/uploads\/W1siZiIsIjIwMTkvMTAvMjgvMTMvNDUvMTUvNmRiMWNlMjUtOGE5OC00ZjVmLThjYWUtNTNlNDA3ZDQwYTNjLzE1NzIyNTUzNjIzNjE2NTQ2Njk2XzEwMDB4NjY5LmpwZyJdLFsicCIsImVuY29kZSIsImpwZyIsIi1xdWFsaXR5IDgwIl0sWyJwIiwidGh1bWIiLCI1OTB4NTkwXHUwMDNlIl1d?sha=9cf1d5dc5c437ebc\" alt=\"\" \/><\/div>\n<div>az\u0259rtac<\/div>\n<\/div>\n","protected":false},"excerpt":{"rendered":"<p>Az\u0259rbaycan Respublikas\u0131n\u0131n Prezidenti \u0130lham \u018fliyev oktyabr\u0131n 28-d\u0259 A\u011fda\u015f rayonuna s\u0259f\u0259r\u0259 gedib. ARANTV.AZ\u00a0\u00a0x\u0259b\u0259r verir ki, d\u00f6vl\u0259timizin ba\u015f\u00e7\u0131s\u0131 xalq\u0131m\u0131z\u0131n \u00fcmummilli lideri Heyd\u0259r \u018fliyevin A\u011fda\u015f \u015f\u0259h\u0259rind\u0259 ucald\u0131lm\u0131\u015f abid\u0259sini ziyar\u0259t ed\u0259r\u0259k \u00f6n\u00fcn\u0259 g\u00fcl d\u0259st\u0259si qoyub. Prezident \u0130lham \u018fliyev\u0259 son ill\u0259r rayonda g\u00f6r\u00fcl\u0259n i\u015fl\u0259r, h\u0259yata ke\u00e7iril\u0259n layih\u0259l\u0259r, el\u0259c\u0259 d\u0259 Ulu \u00d6nd\u0259rin abid\u0259si \u0259traf\u0131nda apar\u0131lan abadl\u0131q-quruculuq i\u015fl\u0259ri bar\u0259d\u0259 m\u0259lumat verilib. az\u0259rtac<\/p>\n","protected":false},"author":2,"featured_media":89944,"comment_status":"closed","ping_status":"closed","sticky":false,"template":"","format":"standard","meta":{"om_disable_all_campaigns":false,"_monsterinsights_skip_tracking":false,"_monsterinsights_sitenote_active":false,"_monsterinsights_sitenote_note":"","_monsterinsights_sitenote_category":0},"categories":[4],"tags":[],"aioseo_notices":[],"gutentor_comment":0,"rttpg_featured_image_url":{"full":["https:\/\/arantv.az\/wp-content\/uploads\/2019\/10\/15722553623893936845_1000x669.jpg",620,438,false],"landscape":["https:\/\/arantv.az\/wp-content\/uploads\/2019\/10\/15722553623893936845_1000x669.jpg",620,438,false],"portraits":["https:\/\/arantv.az\/wp-content\/uploads\/2019\/10\/15722553623893936845_1000x669.jpg",620,438,false],"thumbnail":["https:\/\/arantv.az\/wp-content\/uploads\/2019\/10\/15722553623893936845_1000x669-150x150.jpg",150,150,true],"medium":["https:\/\/arantv.az\/wp-content\/uploads\/2019\/10\/15722553623893936845_1000x669-300x212.jpg",300,212,true],"large":["https:\/\/arantv.az\/wp-content\/uploads\/2019\/10\/15722553623893936845_1000x669.jpg",620,438,false],"1536x1536":["https:\/\/arantv.az\/wp-content\/uploads\/2019\/10\/15722553623893936845_1000x669.jpg",620,438,false],"2048x2048":["https:\/\/arantv.az\/wp-content\/uploads\/2019\/10\/15722553623893936845_1000x669.jpg",620,438,false],"post-thumbnail":["https:\/\/arantv.az\/wp-content\/uploads\/2019\/10\/15722553623893936845_1000x669-240x172.jpg",240,172,true],"advps-thumb-one":["https:\/\/arantv.az\/wp-content\/uploads\/2019\/10\/15722553623893936845_1000x669.jpg",620,438,false]},"rttpg_author":{"display_name":"V\u00fcsal Rafiqo\u011flu","author_link":"https:\/\/arantv.az\/?author=2"},"rttpg_comment":0,"rttpg_category":"<a href=\"https:\/\/arantv.az\/?cat=4\" rel=\"category\">Siyas\u0259t<\/a>","rttpg_excerpt":"Az\u0259rbaycan Respublikas\u0131n\u0131n Prezidenti \u0130lham \u018fliyev oktyabr\u0131n 28-d\u0259 A\u011fda\u015f rayonuna s\u0259f\u0259r\u0259 gedib. ARANTV.AZ\u00a0\u00a0x\u0259b\u0259r verir ki, d\u00f6vl\u0259timizin ba\u015f\u00e7\u0131s\u0131 xalq\u0131m\u0131z\u0131n \u00fcmummilli lideri Heyd\u0259r \u018fliyevin A\u011fda\u015f \u015f\u0259h\u0259rind\u0259 ucald\u0131lm\u0131\u015f abid\u0259sini ziyar\u0259t ed\u0259r\u0259k \u00f6n\u00fcn\u0259 g\u00fcl d\u0259st\u0259si qoyub. Prezident \u0130lham \u018fliyev\u0259 son ill\u0259r rayonda g\u00f6r\u00fcl\u0259n i\u015fl\u0259r, h\u0259yata ke\u00e7iril\u0259n layih\u0259l\u0259r, el\u0259c\u0259 d\u0259 Ulu \u00d6nd\u0259rin abid\u0259si \u0259traf\u0131nda apar\u0131lan abadl\u0131q-quruculuq i\u015fl\u0259ri bar\u0259d\u0259 m\u0259lumat verilib. az\u0259rtac","_links":{"self":[{"href":"https:\/\/arantv.az\/index.php?rest_route=\/wp\/v2\/posts\/89943"}],"collection":[{"href":"https:\/\/arantv.az\/index.php?rest_route=\/wp\/v2\/posts"}],"about":[{"href":"https:\/\/arantv.az\/index.php?rest_route=\/wp\/v2\/types\/post"}],"author":[{"embeddable":true,"href":"https:\/\/arantv.az\/index.php?rest_route=\/wp\/v2\/users\/2"}],"replies":[{"embeddable":true,"href":"https:\/\/arantv.az\/index.php?rest_route=%2Fwp%2Fv2%2Fcomments&post=89943"}],"version-history":[{"count":0,"href":"https:\/\/arantv.az\/index.php?rest_route=\/wp\/v2\/posts\/89943\/revisions"}],"wp:featuredmedia":[{"embeddable":true,"href":"https:\/\/arantv.az\/index.php?rest_route=\/wp\/v2\/media\/89944"}],"wp:attachment":[{"href":"https:\/\/arantv.az\/index.php?rest_route=%2Fwp%2Fv2%2Fmedia&parent=89943"}],"wp:term":[{"taxonomy":"category","embeddable":true,"href":"https:\/\/arantv.az\/index.php?rest_route=%2Fwp%2Fv2%2Fcategories&post=89943"},{"taxonomy":"post_tag","embeddable":true,"href":"https:\/\/arantv.az\/index.php?rest_route=%2Fwp%2Fv2%2Ftags&post=89943"}],"curies":[{"name":"wp","href":"https:\/\/api.w.org\/{rel}","templated":true}]}}