{"id":89955,"date":"2019-10-28T13:09:22","date_gmt":"2019-10-28T10:09:22","guid":{"rendered":"http:\/\/arantv.az\/?p=89955"},"modified":"2019-10-28T13:09:22","modified_gmt":"2019-10-28T10:09:22","slug":"bakida-uc-yeniyetm%c9%99-gul-toxumundan-z%c9%99h%c9%99rl%c9%99nib","status":"publish","type":"post","link":"https:\/\/arantv.az\/?p=89955","title":{"rendered":"Bak\u0131da \u00fc\u00e7 yeniyetm\u0259 g\u00fcl toxumundan z\u0259h\u0259rl\u0259nib"},"content":{"rendered":"<p><strong>Bak\u0131da \u00fc\u00e7 yeniyetm\u0259 z\u0259h\u0259rl\u0259nib.<\/strong><\/p>\n<p><strong>ARANTV.AZ<\/strong> APA-ya istinad\u0259n x\u0259b\u0259r verir ki, hadis\u0259 paytaxt\u0131n Qarada\u011f rayonunda qeyd\u0259 al\u0131n\u0131b. Rayon sakinl\u0259ri, 2002-ci il t\u0259v\u0259ll\u00fcdl\u00fc Murad Nuruliyev, 2003-c\u00fc il t\u0259v\u0259ll\u00fcdl\u00fc Balo\u011flan Aslanov v\u0259 2004-c\u00fc il t\u0259v\u0259ll\u00fcdl\u00fc Elm\u0259ddin Aslanovun z\u0259h\u0259rl\u0259nm\u0259si il\u0259 ba\u011fl\u0131 rayon Prokurorlu\u011funa m\u0259lumat daxil olub.<\/p>\n<p>Ara\u015fd\u0131rmalar zaman\u0131 yeniyetm\u0259l\u0259rin nam\u0259lum \u015f\u0259raitd\u0259 g\u00fcl toxumu yey\u0259r\u0259k z\u0259h\u0259rl\u0259ndiyi m\u0259lum olub.<\/p>\n<p>Faktla ba\u011fl\u0131 ara\u015fd\u0131rmalar davam etdirilir.<\/p>\n","protected":false},"excerpt":{"rendered":"<p>Bak\u0131da \u00fc\u00e7 yeniyetm\u0259 z\u0259h\u0259rl\u0259nib. ARANTV.AZ APA-ya istinad\u0259n x\u0259b\u0259r verir ki, hadis\u0259 paytaxt\u0131n Qarada\u011f rayonunda qeyd\u0259 al\u0131n\u0131b. Rayon sakinl\u0259ri, 2002-ci il t\u0259v\u0259ll\u00fcdl\u00fc Murad Nuruliyev, 2003-c\u00fc il t\u0259v\u0259ll\u00fcdl\u00fc Balo\u011flan Aslanov v\u0259 2004-c\u00fc il t\u0259v\u0259ll\u00fcdl\u00fc Elm\u0259ddin Aslanovun z\u0259h\u0259rl\u0259nm\u0259si il\u0259 ba\u011fl\u0131 rayon Prokurorlu\u011funa m\u0259lumat daxil olub. Ara\u015fd\u0131rmalar zaman\u0131 yeniyetm\u0259l\u0259rin nam\u0259lum \u015f\u0259raitd\u0259 g\u00fcl toxumu yey\u0259r\u0259k z\u0259h\u0259rl\u0259ndiyi m\u0259lum olub. Faktla ba\u011fl\u0131 ara\u015fd\u0131rmalar davam etdirilir.<\/p>\n","protected":false},"author":2,"featured_media":89956,"comment_status":"closed","ping_status":"closed","sticky":false,"template":"","format":"standard","meta":{"om_disable_all_campaigns":false,"_monsterinsights_skip_tracking":false,"_monsterinsights_sitenote_active":false,"_monsterinsights_sitenote_note":"","_monsterinsights_sitenote_category":0},"categories":[5],"tags":[],"aioseo_notices":[],"gutentor_comment":0,"rttpg_featured_image_url":{"full":["https:\/\/arantv.az\/wp-content\/uploads\/2019\/10\/xestexana-1.jpg",800,600,false],"landscape":["https:\/\/arantv.az\/wp-content\/uploads\/2019\/10\/xestexana-1.jpg",800,600,false],"portraits":["https:\/\/arantv.az\/wp-content\/uploads\/2019\/10\/xestexana-1.jpg",800,600,false],"thumbnail":["https:\/\/arantv.az\/wp-content\/uploads\/2019\/10\/xestexana-1-150x150.jpg",150,150,true],"medium":["https:\/\/arantv.az\/wp-content\/uploads\/2019\/10\/xestexana-1-300x225.jpg",300,225,true],"large":["https:\/\/arantv.az\/wp-content\/uploads\/2019\/10\/xestexana-1.jpg",640,480,false],"1536x1536":["https:\/\/arantv.az\/wp-content\/uploads\/2019\/10\/xestexana-1.jpg",800,600,false],"2048x2048":["https:\/\/arantv.az\/wp-content\/uploads\/2019\/10\/xestexana-1.jpg",800,600,false],"post-thumbnail":["https:\/\/arantv.az\/wp-content\/uploads\/2019\/10\/xestexana-1-240x172.jpg",240,172,true],"advps-thumb-one":["https:\/\/arantv.az\/wp-content\/uploads\/2019\/10\/xestexana-1.jpg",800,600,false]},"rttpg_author":{"display_name":"V\u00fcsal Rafiqo\u011flu","author_link":"https:\/\/arantv.az\/?author=2"},"rttpg_comment":0,"rttpg_category":"<a href=\"https:\/\/arantv.az\/?cat=5\" rel=\"category\">Hadis\u0259<\/a>","rttpg_excerpt":"Bak\u0131da \u00fc\u00e7 yeniyetm\u0259 z\u0259h\u0259rl\u0259nib. ARANTV.AZ APA-ya istinad\u0259n x\u0259b\u0259r verir ki, hadis\u0259 paytaxt\u0131n Qarada\u011f rayonunda qeyd\u0259 al\u0131n\u0131b. Rayon sakinl\u0259ri, 2002-ci il t\u0259v\u0259ll\u00fcdl\u00fc Murad Nuruliyev, 2003-c\u00fc il t\u0259v\u0259ll\u00fcdl\u00fc Balo\u011flan Aslanov v\u0259 2004-c\u00fc il t\u0259v\u0259ll\u00fcdl\u00fc Elm\u0259ddin Aslanovun z\u0259h\u0259rl\u0259nm\u0259si il\u0259 ba\u011fl\u0131 rayon Prokurorlu\u011funa m\u0259lumat daxil olub. Ara\u015fd\u0131rmalar zaman\u0131 yeniyetm\u0259l\u0259rin nam\u0259lum \u015f\u0259raitd\u0259 g\u00fcl toxumu yey\u0259r\u0259k z\u0259h\u0259rl\u0259ndiyi m\u0259lum olub. Faktla ba\u011fl\u0131&hellip;","_links":{"self":[{"href":"https:\/\/arantv.az\/index.php?rest_route=\/wp\/v2\/posts\/89955"}],"collection":[{"href":"https:\/\/arantv.az\/index.php?rest_route=\/wp\/v2\/posts"}],"about":[{"href":"https:\/\/arantv.az\/index.php?rest_route=\/wp\/v2\/types\/post"}],"author":[{"embeddable":true,"href":"https:\/\/arantv.az\/index.php?rest_route=\/wp\/v2\/users\/2"}],"replies":[{"embeddable":true,"href":"https:\/\/arantv.az\/index.php?rest_route=%2Fwp%2Fv2%2Fcomments&post=89955"}],"version-history":[{"count":0,"href":"https:\/\/arantv.az\/index.php?rest_route=\/wp\/v2\/posts\/89955\/revisions"}],"wp:featuredmedia":[{"embeddable":true,"href":"https:\/\/arantv.az\/index.php?rest_route=\/wp\/v2\/media\/89956"}],"wp:attachment":[{"href":"https:\/\/arantv.az\/index.php?rest_route=%2Fwp%2Fv2%2Fmedia&parent=89955"}],"wp:term":[{"taxonomy":"category","embeddable":true,"href":"https:\/\/arantv.az\/index.php?rest_route=%2Fwp%2Fv2%2Fcategories&post=89955"},{"taxonomy":"post_tag","embeddable":true,"href":"https:\/\/arantv.az\/index.php?rest_route=%2Fwp%2Fv2%2Ftags&post=89955"}],"curies":[{"name":"wp","href":"https:\/\/api.w.org\/{rel}","templated":true}]}}