{"id":89970,"date":"2019-10-28T13:22:43","date_gmt":"2019-10-28T10:22:43","guid":{"rendered":"http:\/\/arantv.az\/?p=89970"},"modified":"2019-10-28T13:22:43","modified_gmt":"2019-10-28T10:22:43","slug":"o-usaq-dil%c9%99nciliy%c9%99-meylli-usaq-idi-siginacaqdan-qacan-usaq-haqqinda-aciqlama","status":"publish","type":"post","link":"https:\/\/arantv.az\/?p=89970","title":{"rendered":"&#8220;O u\u015faq dil\u0259n\u00e7iliy\u0259 meylli u\u015faq idi&#8230;&#8221;- S\u0131\u011f\u0131nacaqdan qa\u00e7an u\u015faq haqq\u0131nda A\u00c7IQLAMA"},"content":{"rendered":"<p>X\u0259b\u0259r verdiyimiz kimi, &#8220;\u015e\u0259fq\u0259t Nuru&#8221; Kims\u0259sizl\u0259r\u0259 Yard\u0131m Xeyriyy\u0259 \u0130ctimai Birliyinin Sabun\u00e7u rayonu, &#8220;Nur&#8221; U\u015faq Evind\u0259ki s\u0131\u011f\u0131nacaqda saxlan\u0131lan 14 ya\u015fl\u0131 Vlasov F\u0259rid Ruslan o\u011flunun h\u0259min s\u0131\u011f\u0131nacaqdan qa\u00e7d\u0131\u011f\u0131 deyilir.<br \/>\nBununla ba\u011fl\u0131 Sonxeber. az ad\u0131\u00e7\u0259kil\u0259n h\u0259min u\u015faq s\u0131\u011f\u0131naca\u011f\u0131 il\u0259 \u0259laq\u0259 yarad\u0131b. &#8220;\u015e\u0259fq\u0259t Nuru&#8221; Kims\u0259sizl\u0259r\u0259 Yard\u0131m Xeyriyy\u0259 \u0130ctimai Birliyi v\u0259 Nur u\u015faq evinin r\u0259hb\u0259ri Aynur\u0259 Xudiyeva u\u015fa\u011f\u0131n art\u0131q tap\u0131ld\u0131\u011f\u0131n\u0131 deyib. Veril\u0259n m\u0259lumatda bildirilir ki, u\u015fa\u011f\u0131n qa\u00e7mas\u0131na s\u0259b\u0259b onun dil\u0259n\u00e7iliy\u0259 meylli olmas\u0131d\u0131r:<br \/>\nBurdak\u0131 u\u015faqlar\u0131n ham\u0131s\u0131 m\u0259kt\u0259b\u0259 gedib-g\u0259lirl\u0259r. Biz onlar \u00fc\u00e7\u00fcn ayr\u0131lm\u0131\u015f avtomobill\u0259 u\u015faqlar\u0131 m\u0259kt\u0259b\u0259 qoyub v\u0259 sonra g\u00f6t\u00fcr\u00fcr\u00fck. S\u00fcr\u00fcc\u00fc d\u0259 h\u0259min u\u015fa\u011f\u0131 apar\u0131b m\u0259kt\u0259b\u0259 qoyub v\u0259 yar\u0131m saat sonra h\u0259min u\u015faq yoxa \u00e7\u0131x\u0131b.<br \/>\nO u\u015faq dil\u0259n\u00e7iliy\u0259 meylli u\u015faqd\u0131r. Biz o u\u015fa\u011f\u0131n dil\u0259ndiyi dair\u0259l\u0259ri bilirdik dey\u0259 gedib ora gedib bax\u0131\u015f ke\u00e7irdik v\u0259 onu tap\u0131b g\u0259tirdik.<br \/>\n\u0130ctimai Birliyin r\u0259hb\u0259ri Aynur\u0259 Xudiyevin verdiyi m\u0259lumata g\u00f6r\u0259, u\u015faq yoxa \u00e7\u0131xandan iki saat sonra Razind\u0259 \u0130cra Jakimiyy\u0259tinin qar\u015f\u0131s\u0131ndan tap\u0131l\u0131b.<br \/>\nQeyd ed\u0259k ki, Sabun\u00e7u rayon &#8220;\u015e\u0259fq\u0259t Nuru&#8221; Kims\u0259sizl\u0259r\u0259 Yard\u0131m Xeyriyy\u0259 \u0130ctimai Birliyinin Sabun\u00e7u rayonu, Ramana q\u0259s\u0259b\u0259si, \u015eu\u015fa \u015f\u0259h\u0259rciyind\u0259ki filial\u0131 olan &#8220;Nur&#8221; U\u015faq Evind\u0259ki s\u0131\u011f\u0131nacaqda saxlan\u0131lan 14 ya\u015fl\u0131 Vlasov F\u0259rid Ruslan o\u011flu oktyabr\u0131n 24-\u00fc saat 13 rad\u0259l\u0259rind\u0259 s\u0131\u011f\u0131nacaqdan qa\u00e7ma\u011f\u0131 haqq\u0131nda m\u0259lumatlar yay\u0131lm\u0131\u015fd\u0131.<\/p>\n","protected":false},"excerpt":{"rendered":"<p>X\u0259b\u0259r verdiyimiz kimi, &#8220;\u015e\u0259fq\u0259t Nuru&#8221; Kims\u0259sizl\u0259r\u0259 Yard\u0131m Xeyriyy\u0259 \u0130ctimai Birliyinin Sabun\u00e7u rayonu, &#8220;Nur&#8221; U\u015faq Evind\u0259ki s\u0131\u011f\u0131nacaqda saxlan\u0131lan 14 ya\u015fl\u0131 Vlasov F\u0259rid Ruslan o\u011flunun h\u0259min s\u0131\u011f\u0131nacaqdan qa\u00e7d\u0131\u011f\u0131 deyilir. Bununla ba\u011fl\u0131 Sonxeber. az ad\u0131\u00e7\u0259kil\u0259n h\u0259min u\u015faq s\u0131\u011f\u0131naca\u011f\u0131 il\u0259 \u0259laq\u0259 yarad\u0131b. &#8220;\u015e\u0259fq\u0259t Nuru&#8221; Kims\u0259sizl\u0259r\u0259 Yard\u0131m Xeyriyy\u0259 \u0130ctimai Birliyi v\u0259 Nur u\u015faq evinin r\u0259hb\u0259ri Aynur\u0259 Xudiyeva u\u015fa\u011f\u0131n art\u0131q tap\u0131ld\u0131\u011f\u0131n\u0131 deyib. Veril\u0259n m\u0259lumatda bildirilir ki, u\u015fa\u011f\u0131n qa\u00e7mas\u0131na s\u0259b\u0259b onun dil\u0259n\u00e7iliy\u0259 meylli olmas\u0131d\u0131r: Burdak\u0131 u\u015faqlar\u0131n ham\u0131s\u0131 m\u0259kt\u0259b\u0259 gedib-g\u0259lirl\u0259r. Biz onlar \u00fc\u00e7\u00fcn ayr\u0131lm\u0131\u015f avtomobill\u0259 u\u015faqlar\u0131 m\u0259kt\u0259b\u0259 qoyub v\u0259 sonra g\u00f6t\u00fcr\u00fcr\u00fck. S\u00fcr\u00fcc\u00fc d\u0259 h\u0259min u\u015fa\u011f\u0131 apar\u0131b m\u0259kt\u0259b\u0259 qoyub&hellip;<\/p>\n","protected":false},"author":2,"featured_media":89971,"comment_status":"closed","ping_status":"closed","sticky":false,"template":"","format":"standard","meta":{"om_disable_all_campaigns":false,"_monsterinsights_skip_tracking":false,"_monsterinsights_sitenote_active":false,"_monsterinsights_sitenote_note":"","_monsterinsights_sitenote_category":0},"categories":[1],"tags":[],"aioseo_notices":[],"gutentor_comment":0,"rttpg_featured_image_url":{"full":["https:\/\/arantv.az\/wp-content\/uploads\/2019\/10\/1572257487dilenci_459.jpg",482,361,false],"landscape":["https:\/\/arantv.az\/wp-content\/uploads\/2019\/10\/1572257487dilenci_459.jpg",482,361,false],"portraits":["https:\/\/arantv.az\/wp-content\/uploads\/2019\/10\/1572257487dilenci_459.jpg",482,361,false],"thumbnail":["https:\/\/arantv.az\/wp-content\/uploads\/2019\/10\/1572257487dilenci_459-150x150.jpg",150,150,true],"medium":["https:\/\/arantv.az\/wp-content\/uploads\/2019\/10\/1572257487dilenci_459-300x225.jpg",300,225,true],"large":["https:\/\/arantv.az\/wp-content\/uploads\/2019\/10\/1572257487dilenci_459.jpg",482,361,false],"1536x1536":["https:\/\/arantv.az\/wp-content\/uploads\/2019\/10\/1572257487dilenci_459.jpg",482,361,false],"2048x2048":["https:\/\/arantv.az\/wp-content\/uploads\/2019\/10\/1572257487dilenci_459.jpg",482,361,false],"post-thumbnail":["https:\/\/arantv.az\/wp-content\/uploads\/2019\/10\/1572257487dilenci_459-240x172.jpg",240,172,true],"advps-thumb-one":["https:\/\/arantv.az\/wp-content\/uploads\/2019\/10\/1572257487dilenci_459.jpg",482,361,false]},"rttpg_author":{"display_name":"V\u00fcsal Rafiqo\u011flu","author_link":"https:\/\/arantv.az\/?author=2"},"rttpg_comment":0,"rttpg_category":"<a href=\"https:\/\/arantv.az\/?cat=1\" rel=\"category\">C\u0259miyy\u0259t<\/a>","rttpg_excerpt":"X\u0259b\u0259r verdiyimiz kimi, &#8220;\u015e\u0259fq\u0259t Nuru&#8221; Kims\u0259sizl\u0259r\u0259 Yard\u0131m Xeyriyy\u0259 \u0130ctimai Birliyinin Sabun\u00e7u rayonu, &#8220;Nur&#8221; U\u015faq Evind\u0259ki s\u0131\u011f\u0131nacaqda saxlan\u0131lan 14 ya\u015fl\u0131 Vlasov F\u0259rid Ruslan o\u011flunun h\u0259min s\u0131\u011f\u0131nacaqdan qa\u00e7d\u0131\u011f\u0131 deyilir. Bununla ba\u011fl\u0131 Sonxeber. az ad\u0131\u00e7\u0259kil\u0259n h\u0259min u\u015faq s\u0131\u011f\u0131naca\u011f\u0131 il\u0259 \u0259laq\u0259 yarad\u0131b. &#8220;\u015e\u0259fq\u0259t Nuru&#8221; Kims\u0259sizl\u0259r\u0259 Yard\u0131m Xeyriyy\u0259 \u0130ctimai Birliyi v\u0259 Nur u\u015faq evinin r\u0259hb\u0259ri Aynur\u0259 Xudiyeva u\u015fa\u011f\u0131n art\u0131q tap\u0131ld\u0131\u011f\u0131n\u0131&hellip;","_links":{"self":[{"href":"https:\/\/arantv.az\/index.php?rest_route=\/wp\/v2\/posts\/89970"}],"collection":[{"href":"https:\/\/arantv.az\/index.php?rest_route=\/wp\/v2\/posts"}],"about":[{"href":"https:\/\/arantv.az\/index.php?rest_route=\/wp\/v2\/types\/post"}],"author":[{"embeddable":true,"href":"https:\/\/arantv.az\/index.php?rest_route=\/wp\/v2\/users\/2"}],"replies":[{"embeddable":true,"href":"https:\/\/arantv.az\/index.php?rest_route=%2Fwp%2Fv2%2Fcomments&post=89970"}],"version-history":[{"count":0,"href":"https:\/\/arantv.az\/index.php?rest_route=\/wp\/v2\/posts\/89970\/revisions"}],"wp:featuredmedia":[{"embeddable":true,"href":"https:\/\/arantv.az\/index.php?rest_route=\/wp\/v2\/media\/89971"}],"wp:attachment":[{"href":"https:\/\/arantv.az\/index.php?rest_route=%2Fwp%2Fv2%2Fmedia&parent=89970"}],"wp:term":[{"taxonomy":"category","embeddable":true,"href":"https:\/\/arantv.az\/index.php?rest_route=%2Fwp%2Fv2%2Fcategories&post=89970"},{"taxonomy":"post_tag","embeddable":true,"href":"https:\/\/arantv.az\/index.php?rest_route=%2Fwp%2Fv2%2Ftags&post=89970"}],"curies":[{"name":"wp","href":"https:\/\/api.w.org\/{rel}","templated":true}]}}