{"id":89987,"date":"2019-10-28T13:44:26","date_gmt":"2019-10-28T10:44:26","guid":{"rendered":"http:\/\/arantv.az\/?p=89987"},"modified":"2019-10-28T13:44:26","modified_gmt":"2019-10-28T10:44:26","slug":"ilham-%c9%99liyev-agdas-rayonunda-yenil%c9%99nib-foto","status":"publish","type":"post","link":"https:\/\/arantv.az\/?p=89987","title":{"rendered":"\u0130lham \u018fliyev A\u011fda\u015f rayonunda &#8211; YEN\u0130L\u018fN\u0130B + FOTO"},"content":{"rendered":"<p>Oktyabr\u0131n 28-d\u0259 A\u011fda\u015fda Biyan S\u0259naye Park\u0131n\u0131n a\u00e7\u0131l\u0131\u015f\u0131 olub.<\/p>\n<p><strong>ARANTV.AZ<\/strong> x\u0259b\u0259r verir ki, Az\u0259rbaycan Respublikas\u0131n\u0131n Prezidenti \u0130lham \u018fliyev a\u00e7\u0131l\u0131\u015fda i\u015ftirak edib.<\/p>\n<p><strong><em>14:07<\/em><\/strong><\/p>\n<div id=\"AdviadNativeVideo0\" class=\"AdviadNativeVideo\"><\/div>\n<p>Oktyabr\u0131n 28-d\u0259 A\u011fda\u015f Telekommunikasiya Qov\u015fa\u011f\u0131n\u0131n inzibati binas\u0131n\u0131n \u0259sasl\u0131 t\u0259mird\u0259n sonra a\u00e7\u0131l\u0131\u015f\u0131 olub.<\/p>\n<p><strong>ARANTV.AZ<\/strong>\u00a0x\u0259b\u0259r verir ki, Az\u0259rbaycan Respublikas\u0131n\u0131n Prezidenti \u0130lham \u018fliyev a\u00e7\u0131l\u0131\u015fda i\u015ftirak edib.<\/p>\n<p><em><strong>14:01<\/strong><\/em><\/p>\n<p>Oktyabr\u0131n 28-d\u0259 A\u011fda\u015f \u015f\u0259h\u0259rinin i\u00e7m\u0259li su t\u0259chizat\u0131 v\u0259 kanalizasiya sisteml\u0259ri istismara verilib.<\/p>\n<p><strong>ARANTV.AZ\u00a0<\/strong>x\u0259b\u0259r verir ki, Az\u0259rbaycan Respublikas\u0131n\u0131n Prezidenti \u0130lham \u018fliyev t\u0259dbird\u0259 i\u015ftirak edib.<\/p>\n<p>Sonra d\u00f6vl\u0259timizin ba\u015f\u00e7\u0131s\u0131 rayon ictimaiyy\u0259tinin n\u00fcmay\u0259nd\u0259l\u0259ri il\u0259 g\u00f6r\u00fc\u015f\u00fcb.<\/p>\n<p><em><strong>13:55<\/strong><\/em><\/p>\n<p>A\u011fda\u015f rayonunda yenid\u0259n qurulan Qolq\u0259ti-D\u0259hn\u0259x\u0259lil-Qo\u015faqovaq-\u018fr\u0259boca\u011f\u0131 avtomobil yolu istifad\u0259y\u0259 verilib.<\/p>\n<p><strong>ARANTV.AZ\u00a0<\/strong>x\u0259b\u0259r verir ki, Az\u0259rbaycan Respublikas\u0131n\u0131n Prezidenti \u0130lham \u018fliyev avtomobil yolunun a\u00e7\u0131l\u0131\u015f m\u0259rasimind\u0259 i\u015ftirak edib.<\/p>\n<p><em><strong>13:43<\/strong><\/em><\/p>\n<p>Az\u0259rbaycan Respublikas\u0131n\u0131n Prezidenti \u0130lham \u018fliyev oktyabr\u0131n 28-d\u0259 A\u011fda\u015f rayonuna s\u0259f\u0259r\u0259 gedib.<\/p>\n<p><strong>ARANTV.AZ\u00a0<\/strong>x\u0259b\u0259r verir ki, d\u00f6vl\u0259timizin ba\u015f\u00e7\u0131s\u0131 xalq\u0131m\u0131z\u0131n \u00fcmummilli lideri Heyd\u0259r \u018fliyevin A\u011fda\u015f \u015f\u0259h\u0259rind\u0259 ucald\u0131lm\u0131\u015f abid\u0259sini ziyar\u0259t ed\u0259r\u0259k \u00f6n\u00fcn\u0259 g\u00fcl d\u0259st\u0259si qoyub.<\/p>\n<p>Prezident \u0130lham \u018fliyev\u0259 son ill\u0259r rayonda g\u00f6r\u00fcl\u0259n i\u015fl\u0259r, h\u0259yata ke\u00e7iril\u0259n layih\u0259l\u0259r, el\u0259c\u0259 d\u0259 Ulu \u00d6nd\u0259rin abid\u0259si \u0259traf\u0131nda apar\u0131lan abadl\u0131q-quruculuq i\u015fl\u0259ri bar\u0259d\u0259 m\u0259lumat verilib.<\/p>\n<p><img src=\"https:\/\/assets.oxu.az\/uploads\/W1siZiIsIjIwMTkvMTAvMjgvMTMvNDUvMTUvNmRiMWNlMjUtOGE5OC00ZjVmLThjYWUtNTNlNDA3ZDQwYTNjLzE1NzIyNTUzNjIzNjE2NTQ2Njk2XzEwMDB4NjY5LmpwZyJdLFsicCIsImVuY29kZSIsImpwZyIsIi1xdWFsaXR5IDgwIl0sWyJwIiwidGh1bWIiLCI1OTB4NTkwXHUwMDNlIl1d?sha=9cf1d5dc5c437ebc\" alt=\"\" \/><\/p>\n<p>az\u0259rtac<\/p>\n","protected":false},"excerpt":{"rendered":"<p>Oktyabr\u0131n 28-d\u0259 A\u011fda\u015fda Biyan S\u0259naye Park\u0131n\u0131n a\u00e7\u0131l\u0131\u015f\u0131 olub. ARANTV.AZ x\u0259b\u0259r verir ki, Az\u0259rbaycan Respublikas\u0131n\u0131n Prezidenti \u0130lham \u018fliyev a\u00e7\u0131l\u0131\u015fda i\u015ftirak edib. 14:07 Oktyabr\u0131n 28-d\u0259 A\u011fda\u015f Telekommunikasiya Qov\u015fa\u011f\u0131n\u0131n inzibati binas\u0131n\u0131n \u0259sasl\u0131 t\u0259mird\u0259n sonra a\u00e7\u0131l\u0131\u015f\u0131 olub. ARANTV.AZ\u00a0x\u0259b\u0259r verir ki, Az\u0259rbaycan Respublikas\u0131n\u0131n Prezidenti \u0130lham \u018fliyev a\u00e7\u0131l\u0131\u015fda i\u015ftirak edib. 14:01 Oktyabr\u0131n 28-d\u0259 A\u011fda\u015f \u015f\u0259h\u0259rinin i\u00e7m\u0259li su t\u0259chizat\u0131 v\u0259 kanalizasiya sisteml\u0259ri istismara verilib. ARANTV.AZ\u00a0x\u0259b\u0259r verir ki, Az\u0259rbaycan Respublikas\u0131n\u0131n Prezidenti \u0130lham \u018fliyev t\u0259dbird\u0259 i\u015ftirak edib. Sonra d\u00f6vl\u0259timizin ba\u015f\u00e7\u0131s\u0131 rayon ictimaiyy\u0259tinin n\u00fcmay\u0259nd\u0259l\u0259ri il\u0259 g\u00f6r\u00fc\u015f\u00fcb. 13:55 A\u011fda\u015f rayonunda yenid\u0259n qurulan Qolq\u0259ti-D\u0259hn\u0259x\u0259lil-Qo\u015faqovaq-\u018fr\u0259boca\u011f\u0131 avtomobil yolu istifad\u0259y\u0259 verilib. ARANTV.AZ\u00a0x\u0259b\u0259r verir ki, Az\u0259rbaycan&hellip;<\/p>\n","protected":false},"author":2,"featured_media":89988,"comment_status":"closed","ping_status":"closed","sticky":false,"template":"","format":"standard","meta":{"om_disable_all_campaigns":false,"_monsterinsights_skip_tracking":false,"_monsterinsights_sitenote_active":false,"_monsterinsights_sitenote_note":"","_monsterinsights_sitenote_category":0},"categories":[4],"tags":[],"aioseo_notices":[],"gutentor_comment":0,"rttpg_featured_image_url":{"full":["https:\/\/arantv.az\/wp-content\/uploads\/2019\/10\/15722553623893936845_1000x669-1.jpg",620,438,false],"landscape":["https:\/\/arantv.az\/wp-content\/uploads\/2019\/10\/15722553623893936845_1000x669-1.jpg",620,438,false],"portraits":["https:\/\/arantv.az\/wp-content\/uploads\/2019\/10\/15722553623893936845_1000x669-1.jpg",620,438,false],"thumbnail":["https:\/\/arantv.az\/wp-content\/uploads\/2019\/10\/15722553623893936845_1000x669-1-150x150.jpg",150,150,true],"medium":["https:\/\/arantv.az\/wp-content\/uploads\/2019\/10\/15722553623893936845_1000x669-1-300x212.jpg",300,212,true],"large":["https:\/\/arantv.az\/wp-content\/uploads\/2019\/10\/15722553623893936845_1000x669-1.jpg",620,438,false],"1536x1536":["https:\/\/arantv.az\/wp-content\/uploads\/2019\/10\/15722553623893936845_1000x669-1.jpg",620,438,false],"2048x2048":["https:\/\/arantv.az\/wp-content\/uploads\/2019\/10\/15722553623893936845_1000x669-1.jpg",620,438,false],"post-thumbnail":["https:\/\/arantv.az\/wp-content\/uploads\/2019\/10\/15722553623893936845_1000x669-1-240x172.jpg",240,172,true],"advps-thumb-one":["https:\/\/arantv.az\/wp-content\/uploads\/2019\/10\/15722553623893936845_1000x669-1.jpg",620,438,false]},"rttpg_author":{"display_name":"V\u00fcsal Rafiqo\u011flu","author_link":"https:\/\/arantv.az\/?author=2"},"rttpg_comment":0,"rttpg_category":"<a href=\"https:\/\/arantv.az\/?cat=4\" rel=\"category\">Siyas\u0259t<\/a>","rttpg_excerpt":"Oktyabr\u0131n 28-d\u0259 A\u011fda\u015fda Biyan S\u0259naye Park\u0131n\u0131n a\u00e7\u0131l\u0131\u015f\u0131 olub. ARANTV.AZ x\u0259b\u0259r verir ki, Az\u0259rbaycan Respublikas\u0131n\u0131n Prezidenti \u0130lham \u018fliyev a\u00e7\u0131l\u0131\u015fda i\u015ftirak edib. 14:07 Oktyabr\u0131n 28-d\u0259 A\u011fda\u015f Telekommunikasiya Qov\u015fa\u011f\u0131n\u0131n inzibati binas\u0131n\u0131n \u0259sasl\u0131 t\u0259mird\u0259n sonra a\u00e7\u0131l\u0131\u015f\u0131 olub. ARANTV.AZ\u00a0x\u0259b\u0259r verir ki, Az\u0259rbaycan Respublikas\u0131n\u0131n Prezidenti \u0130lham \u018fliyev a\u00e7\u0131l\u0131\u015fda i\u015ftirak edib. 14:01 Oktyabr\u0131n 28-d\u0259 A\u011fda\u015f \u015f\u0259h\u0259rinin i\u00e7m\u0259li su t\u0259chizat\u0131 v\u0259 kanalizasiya sisteml\u0259ri&hellip;","_links":{"self":[{"href":"https:\/\/arantv.az\/index.php?rest_route=\/wp\/v2\/posts\/89987"}],"collection":[{"href":"https:\/\/arantv.az\/index.php?rest_route=\/wp\/v2\/posts"}],"about":[{"href":"https:\/\/arantv.az\/index.php?rest_route=\/wp\/v2\/types\/post"}],"author":[{"embeddable":true,"href":"https:\/\/arantv.az\/index.php?rest_route=\/wp\/v2\/users\/2"}],"replies":[{"embeddable":true,"href":"https:\/\/arantv.az\/index.php?rest_route=%2Fwp%2Fv2%2Fcomments&post=89987"}],"version-history":[{"count":0,"href":"https:\/\/arantv.az\/index.php?rest_route=\/wp\/v2\/posts\/89987\/revisions"}],"wp:featuredmedia":[{"embeddable":true,"href":"https:\/\/arantv.az\/index.php?rest_route=\/wp\/v2\/media\/89988"}],"wp:attachment":[{"href":"https:\/\/arantv.az\/index.php?rest_route=%2Fwp%2Fv2%2Fmedia&parent=89987"}],"wp:term":[{"taxonomy":"category","embeddable":true,"href":"https:\/\/arantv.az\/index.php?rest_route=%2Fwp%2Fv2%2Fcategories&post=89987"},{"taxonomy":"post_tag","embeddable":true,"href":"https:\/\/arantv.az\/index.php?rest_route=%2Fwp%2Fv2%2Ftags&post=89987"}],"curies":[{"name":"wp","href":"https:\/\/api.w.org\/{rel}","templated":true}]}}