{"id":90004,"date":"2019-10-28T13:55:03","date_gmt":"2019-10-28T10:55:03","guid":{"rendered":"http:\/\/arantv.az\/?p=90004"},"modified":"2019-10-28T13:55:03","modified_gmt":"2019-10-28T10:55:03","slug":"s%c9%99kkiz-idmancimiz-para-taekvondo-uzr%c9%99-avropa-cempionatinda-istirak-ed%c9%99c%c9%99k-adlar","status":"publish","type":"post","link":"https:\/\/arantv.az\/?p=90004","title":{"rendered":"S\u0259kkiz idman\u00e7\u0131m\u0131z para taekvondo \u00fczr\u0259 Avropa \u00e7empionat\u0131nda i\u015ftirak ed\u0259c\u0259k &#8211; ADLAR"},"content":{"rendered":"<p>Oktyabr\u0131n 30-da \u0130taliyada para taekvondo \u00fczr\u0259 Avropa \u00e7empionat\u0131 ke\u00e7iril\u0259c\u0259k.<\/p>\n<p><strong>ARANTV.AZ<\/strong>\u00a0 x\u0259b\u0259r verir ki, F\u0259rid Ta\u011f\u0131zad\u0259 v\u0259 Ya\u015far S\u0259f\u0259rovun r\u0259hb\u0259rlik etdiyi Az\u0259rbaycan milli komandas\u0131 t\u0259lim-m\u0259\u015fql\u0259ri ba\u015fa vuraraq bu g\u00fcn \u0130taliyaya yollan\u0131r.<\/p>\n<p>Bari \u015f\u0259h\u0259rinin alt\u0131 min tama\u015fa\u00e7\u0131 tutumuna malik \u201cPalaFlorio\u201d idman arenas\u0131nda ke\u00e7iril\u0259c\u0259k sayca VIII qit\u0259 \u00e7empionat\u0131nda \u00f6lk\u0259mizi ki\u015fil\u0259rd\u0259n Sadiq H\u0259midov v\u0259 Elimxan Manafov ( h\u0259r ikisi K-43, -61 kq), \u0130mam\u0259ddin X\u0259lilov (K-44, -61 kq), \u018fb\u00fclf\u0259z Abuz\u0259rli, H\u00fcseyn H\u0259s\u0259nov (h\u0259r ikisi K-44, -75 kq), V\u00fcqar Ad\u0131\u015firinov (K44, +75 kq), qad\u0131nlardan is\u0259 R\u00f6yal\u0259 F\u0259t\u0259liyeva (K-44, -49 kq) v\u0259 Aynur M\u0259mm\u0259dova (K-44, +58 kq) t\u0259msil ed\u0259c\u0259k.<\/p>\n<p>Qeyd ed\u0259k ki, bu yar\u0131\u015fda 239 atlet (bunlar\u0131n 69-u qad\u0131nlard\u0131r) i\u015ftirak ed\u0259c\u0259k. Avropa \u00e7empionat\u0131 a\u00e7\u0131q xarakter da\u015f\u0131d\u0131\u011f\u0131ndan, ba\u015fqa qit\u0259l\u0259rd\u0259n d\u0259 idman\u00e7\u0131lar m\u00fcbariz\u0259 apara bil\u0259c\u0259k. Bel\u0259 ki, bu atletl\u0259r 25 Avropa v\u0259 21 ba\u015fqa qit\u0259 \u00f6lk\u0259l\u0259rini t\u0259msil ed\u0259c\u0259k.oxu.az<\/p>\n","protected":false},"excerpt":{"rendered":"<p>Oktyabr\u0131n 30-da \u0130taliyada para taekvondo \u00fczr\u0259 Avropa \u00e7empionat\u0131 ke\u00e7iril\u0259c\u0259k. ARANTV.AZ\u00a0 x\u0259b\u0259r verir ki, F\u0259rid Ta\u011f\u0131zad\u0259 v\u0259 Ya\u015far S\u0259f\u0259rovun r\u0259hb\u0259rlik etdiyi Az\u0259rbaycan milli komandas\u0131 t\u0259lim-m\u0259\u015fql\u0259ri ba\u015fa vuraraq bu g\u00fcn \u0130taliyaya yollan\u0131r. Bari \u015f\u0259h\u0259rinin alt\u0131 min tama\u015fa\u00e7\u0131 tutumuna malik \u201cPalaFlorio\u201d idman arenas\u0131nda ke\u00e7iril\u0259c\u0259k sayca VIII qit\u0259 \u00e7empionat\u0131nda \u00f6lk\u0259mizi ki\u015fil\u0259rd\u0259n Sadiq H\u0259midov v\u0259 Elimxan Manafov ( h\u0259r ikisi K-43, -61 kq), \u0130mam\u0259ddin X\u0259lilov (K-44, -61 kq), \u018fb\u00fclf\u0259z Abuz\u0259rli, H\u00fcseyn H\u0259s\u0259nov (h\u0259r ikisi K-44, -75 kq), V\u00fcqar Ad\u0131\u015firinov (K44, +75 kq), qad\u0131nlardan is\u0259 R\u00f6yal\u0259 F\u0259t\u0259liyeva (K-44, -49 kq) v\u0259 Aynur M\u0259mm\u0259dova (K-44, +58 kq)&hellip;<\/p>\n","protected":false},"author":2,"featured_media":90005,"comment_status":"closed","ping_status":"closed","sticky":false,"template":"","format":"standard","meta":{"om_disable_all_campaigns":false,"_monsterinsights_skip_tracking":false,"_monsterinsights_sitenote_active":false,"_monsterinsights_sitenote_note":"","_monsterinsights_sitenote_category":0},"categories":[6],"tags":[],"aioseo_notices":[],"gutentor_comment":0,"rttpg_featured_image_url":{"full":["https:\/\/arantv.az\/wp-content\/uploads\/2019\/10\/170118093909457_Lisa-Gjessing-5.jpg",620,413,false],"landscape":["https:\/\/arantv.az\/wp-content\/uploads\/2019\/10\/170118093909457_Lisa-Gjessing-5.jpg",620,413,false],"portraits":["https:\/\/arantv.az\/wp-content\/uploads\/2019\/10\/170118093909457_Lisa-Gjessing-5.jpg",620,413,false],"thumbnail":["https:\/\/arantv.az\/wp-content\/uploads\/2019\/10\/170118093909457_Lisa-Gjessing-5-150x150.jpg",150,150,true],"medium":["https:\/\/arantv.az\/wp-content\/uploads\/2019\/10\/170118093909457_Lisa-Gjessing-5-300x200.jpg",300,200,true],"large":["https:\/\/arantv.az\/wp-content\/uploads\/2019\/10\/170118093909457_Lisa-Gjessing-5.jpg",620,413,false],"1536x1536":["https:\/\/arantv.az\/wp-content\/uploads\/2019\/10\/170118093909457_Lisa-Gjessing-5.jpg",620,413,false],"2048x2048":["https:\/\/arantv.az\/wp-content\/uploads\/2019\/10\/170118093909457_Lisa-Gjessing-5.jpg",620,413,false],"post-thumbnail":["https:\/\/arantv.az\/wp-content\/uploads\/2019\/10\/170118093909457_Lisa-Gjessing-5-240x172.jpg",240,172,true],"advps-thumb-one":["https:\/\/arantv.az\/wp-content\/uploads\/2019\/10\/170118093909457_Lisa-Gjessing-5.jpg",620,413,false]},"rttpg_author":{"display_name":"V\u00fcsal Rafiqo\u011flu","author_link":"https:\/\/arantv.az\/?author=2"},"rttpg_comment":0,"rttpg_category":"<a href=\"https:\/\/arantv.az\/?cat=6\" rel=\"category\">\u0130dman<\/a>","rttpg_excerpt":"Oktyabr\u0131n 30-da \u0130taliyada para taekvondo \u00fczr\u0259 Avropa \u00e7empionat\u0131 ke\u00e7iril\u0259c\u0259k. ARANTV.AZ\u00a0 x\u0259b\u0259r verir ki, F\u0259rid Ta\u011f\u0131zad\u0259 v\u0259 Ya\u015far S\u0259f\u0259rovun r\u0259hb\u0259rlik etdiyi Az\u0259rbaycan milli komandas\u0131 t\u0259lim-m\u0259\u015fql\u0259ri ba\u015fa vuraraq bu g\u00fcn \u0130taliyaya yollan\u0131r. Bari \u015f\u0259h\u0259rinin alt\u0131 min tama\u015fa\u00e7\u0131 tutumuna malik \u201cPalaFlorio\u201d idman arenas\u0131nda ke\u00e7iril\u0259c\u0259k sayca VIII qit\u0259 \u00e7empionat\u0131nda \u00f6lk\u0259mizi ki\u015fil\u0259rd\u0259n Sadiq H\u0259midov v\u0259 Elimxan Manafov ( h\u0259r ikisi&hellip;","_links":{"self":[{"href":"https:\/\/arantv.az\/index.php?rest_route=\/wp\/v2\/posts\/90004"}],"collection":[{"href":"https:\/\/arantv.az\/index.php?rest_route=\/wp\/v2\/posts"}],"about":[{"href":"https:\/\/arantv.az\/index.php?rest_route=\/wp\/v2\/types\/post"}],"author":[{"embeddable":true,"href":"https:\/\/arantv.az\/index.php?rest_route=\/wp\/v2\/users\/2"}],"replies":[{"embeddable":true,"href":"https:\/\/arantv.az\/index.php?rest_route=%2Fwp%2Fv2%2Fcomments&post=90004"}],"version-history":[{"count":0,"href":"https:\/\/arantv.az\/index.php?rest_route=\/wp\/v2\/posts\/90004\/revisions"}],"wp:featuredmedia":[{"embeddable":true,"href":"https:\/\/arantv.az\/index.php?rest_route=\/wp\/v2\/media\/90005"}],"wp:attachment":[{"href":"https:\/\/arantv.az\/index.php?rest_route=%2Fwp%2Fv2%2Fmedia&parent=90004"}],"wp:term":[{"taxonomy":"category","embeddable":true,"href":"https:\/\/arantv.az\/index.php?rest_route=%2Fwp%2Fv2%2Fcategories&post=90004"},{"taxonomy":"post_tag","embeddable":true,"href":"https:\/\/arantv.az\/index.php?rest_route=%2Fwp%2Fv2%2Ftags&post=90004"}],"curies":[{"name":"wp","href":"https:\/\/api.w.org\/{rel}","templated":true}]}}