{"id":90026,"date":"2019-10-28T14:29:38","date_gmt":"2019-10-28T11:29:38","guid":{"rendered":"http:\/\/arantv.az\/?p=90026"},"modified":"2019-10-28T14:29:38","modified_gmt":"2019-10-28T11:29:38","slug":"prezident-q%c9%99b%c9%99l%c9%99y%c9%99-iki-milyon-manat-ayirdi","status":"publish","type":"post","link":"https:\/\/arantv.az\/?p=90026","title":{"rendered":"Prezident Q\u0259b\u0259l\u0259y\u0259 iki milyon manat ay\u0131rd\u0131"},"content":{"rendered":"<p>Az\u0259rbaycan Respublikas\u0131 Prezidenti \u0130lham \u018fliyev Q\u0259b\u0259l\u0259 rayonunun yol-n\u0259qliyyat infrastrukturunun yax\u015f\u0131la\u015fd\u0131r\u0131lmas\u0131na dair \u0259lav\u0259 t\u0259dbirl\u0259r haqq\u0131nda s\u0259r\u0259ncam imzalay\u0131b.<\/p>\n<div id=\"AdviadNativeVideo0\" class=\"AdviadNativeVideo\"><\/div>\n<p>S\u0259r\u0259ncama \u0259sas\u0259n,\u00a0iyirmi min n\u0259f\u0259r \u0259halinin ya\u015fad\u0131\u011f\u0131 11 ya\u015fay\u0131\u015f m\u0259nt\u0259q\u0259sini rayon m\u0259rk\u0259zind\u0259n v\u0259 dig\u0259r ya\u015fay\u0131\u015f m\u0259nt\u0259q\u0259l\u0259rind\u0259n ay\u0131ran, Bum-Tikanl\u0131-Abr\u0131x avtomobil yolunun 2-ci kilometrliyind\u0259 Bum \u00e7ay\u0131 \u00fcz\u0259rind\u0259 yeni k\u00f6rp\u00fcn\u00fcn tikintisi v\u0259 Bum q\u0259s\u0259b\u0259sin\u0259 ged\u0259n 2 kilometrlik avtomobil yolunun b\u0259rpas\u0131 \u00fc\u00e7\u00fcn Az\u0259rbaycan Respublikas\u0131n\u0131n 2019-cu il d\u00f6vl\u0259t b\u00fcdc\u0259sind\u0259 n\u0259z\u0259rd\u0259 tutulmu\u015f Az\u0259rbaycan Respublikas\u0131 Prezidentinin ehtiyat fondundan Az\u0259rbaycan Avtomobil Yollar\u0131 D\u00f6vl\u0259t Agentliyin\u0259 ilkin olaraq iki\u00a0milyon manat ayr\u0131l\u0131b.<\/p>\n","protected":false},"excerpt":{"rendered":"<p>Az\u0259rbaycan Respublikas\u0131 Prezidenti \u0130lham \u018fliyev Q\u0259b\u0259l\u0259 rayonunun yol-n\u0259qliyyat infrastrukturunun yax\u015f\u0131la\u015fd\u0131r\u0131lmas\u0131na dair \u0259lav\u0259 t\u0259dbirl\u0259r haqq\u0131nda s\u0259r\u0259ncam imzalay\u0131b. S\u0259r\u0259ncama \u0259sas\u0259n,\u00a0iyirmi min n\u0259f\u0259r \u0259halinin ya\u015fad\u0131\u011f\u0131 11 ya\u015fay\u0131\u015f m\u0259nt\u0259q\u0259sini rayon m\u0259rk\u0259zind\u0259n v\u0259 dig\u0259r ya\u015fay\u0131\u015f m\u0259nt\u0259q\u0259l\u0259rind\u0259n ay\u0131ran, Bum-Tikanl\u0131-Abr\u0131x avtomobil yolunun 2-ci kilometrliyind\u0259 Bum \u00e7ay\u0131 \u00fcz\u0259rind\u0259 yeni k\u00f6rp\u00fcn\u00fcn tikintisi v\u0259 Bum q\u0259s\u0259b\u0259sin\u0259 ged\u0259n 2 kilometrlik avtomobil yolunun b\u0259rpas\u0131 \u00fc\u00e7\u00fcn Az\u0259rbaycan Respublikas\u0131n\u0131n 2019-cu il d\u00f6vl\u0259t b\u00fcdc\u0259sind\u0259 n\u0259z\u0259rd\u0259 tutulmu\u015f Az\u0259rbaycan Respublikas\u0131 Prezidentinin ehtiyat fondundan Az\u0259rbaycan Avtomobil Yollar\u0131 D\u00f6vl\u0259t Agentliyin\u0259 ilkin olaraq iki\u00a0milyon manat ayr\u0131l\u0131b.<\/p>\n","protected":false},"author":2,"featured_media":90027,"comment_status":"closed","ping_status":"closed","sticky":false,"template":"","format":"standard","meta":{"om_disable_all_campaigns":false,"_monsterinsights_skip_tracking":false,"_monsterinsights_sitenote_active":false,"_monsterinsights_sitenote_note":"","_monsterinsights_sitenote_category":0},"categories":[8],"tags":[],"aioseo_notices":[],"gutentor_comment":0,"rttpg_featured_image_url":{"full":["https:\/\/arantv.az\/wp-content\/uploads\/2019\/10\/1568968158.jpg",620,377,false],"landscape":["https:\/\/arantv.az\/wp-content\/uploads\/2019\/10\/1568968158.jpg",620,377,false],"portraits":["https:\/\/arantv.az\/wp-content\/uploads\/2019\/10\/1568968158.jpg",620,377,false],"thumbnail":["https:\/\/arantv.az\/wp-content\/uploads\/2019\/10\/1568968158-150x150.jpg",150,150,true],"medium":["https:\/\/arantv.az\/wp-content\/uploads\/2019\/10\/1568968158-300x182.jpg",300,182,true],"large":["https:\/\/arantv.az\/wp-content\/uploads\/2019\/10\/1568968158.jpg",620,377,false],"1536x1536":["https:\/\/arantv.az\/wp-content\/uploads\/2019\/10\/1568968158.jpg",620,377,false],"2048x2048":["https:\/\/arantv.az\/wp-content\/uploads\/2019\/10\/1568968158.jpg",620,377,false],"post-thumbnail":["https:\/\/arantv.az\/wp-content\/uploads\/2019\/10\/1568968158-240x172.jpg",240,172,true],"advps-thumb-one":["https:\/\/arantv.az\/wp-content\/uploads\/2019\/10\/1568968158.jpg",620,377,false]},"rttpg_author":{"display_name":"V\u00fcsal Rafiqo\u011flu","author_link":"https:\/\/arantv.az\/?author=2"},"rttpg_comment":0,"rttpg_category":"<a href=\"https:\/\/arantv.az\/?cat=8\" rel=\"category\">\u018fsas s\u0259hif\u0259<\/a>","rttpg_excerpt":"Az\u0259rbaycan Respublikas\u0131 Prezidenti \u0130lham \u018fliyev Q\u0259b\u0259l\u0259 rayonunun yol-n\u0259qliyyat infrastrukturunun yax\u015f\u0131la\u015fd\u0131r\u0131lmas\u0131na dair \u0259lav\u0259 t\u0259dbirl\u0259r haqq\u0131nda s\u0259r\u0259ncam imzalay\u0131b. S\u0259r\u0259ncama \u0259sas\u0259n,\u00a0iyirmi min n\u0259f\u0259r \u0259halinin ya\u015fad\u0131\u011f\u0131 11 ya\u015fay\u0131\u015f m\u0259nt\u0259q\u0259sini rayon m\u0259rk\u0259zind\u0259n v\u0259 dig\u0259r ya\u015fay\u0131\u015f m\u0259nt\u0259q\u0259l\u0259rind\u0259n ay\u0131ran, Bum-Tikanl\u0131-Abr\u0131x avtomobil yolunun 2-ci kilometrliyind\u0259 Bum \u00e7ay\u0131 \u00fcz\u0259rind\u0259 yeni k\u00f6rp\u00fcn\u00fcn tikintisi v\u0259 Bum q\u0259s\u0259b\u0259sin\u0259 ged\u0259n 2 kilometrlik avtomobil yolunun b\u0259rpas\u0131 \u00fc\u00e7\u00fcn Az\u0259rbaycan Respublikas\u0131n\u0131n&hellip;","_links":{"self":[{"href":"https:\/\/arantv.az\/index.php?rest_route=\/wp\/v2\/posts\/90026"}],"collection":[{"href":"https:\/\/arantv.az\/index.php?rest_route=\/wp\/v2\/posts"}],"about":[{"href":"https:\/\/arantv.az\/index.php?rest_route=\/wp\/v2\/types\/post"}],"author":[{"embeddable":true,"href":"https:\/\/arantv.az\/index.php?rest_route=\/wp\/v2\/users\/2"}],"replies":[{"embeddable":true,"href":"https:\/\/arantv.az\/index.php?rest_route=%2Fwp%2Fv2%2Fcomments&post=90026"}],"version-history":[{"count":0,"href":"https:\/\/arantv.az\/index.php?rest_route=\/wp\/v2\/posts\/90026\/revisions"}],"wp:featuredmedia":[{"embeddable":true,"href":"https:\/\/arantv.az\/index.php?rest_route=\/wp\/v2\/media\/90027"}],"wp:attachment":[{"href":"https:\/\/arantv.az\/index.php?rest_route=%2Fwp%2Fv2%2Fmedia&parent=90026"}],"wp:term":[{"taxonomy":"category","embeddable":true,"href":"https:\/\/arantv.az\/index.php?rest_route=%2Fwp%2Fv2%2Fcategories&post=90026"},{"taxonomy":"post_tag","embeddable":true,"href":"https:\/\/arantv.az\/index.php?rest_route=%2Fwp%2Fv2%2Ftags&post=90026"}],"curies":[{"name":"wp","href":"https:\/\/api.w.org\/{rel}","templated":true}]}}