{"id":90042,"date":"2019-10-28T14:41:25","date_gmt":"2019-10-28T11:41:25","guid":{"rendered":"http:\/\/arantv.az\/?p=90042"},"modified":"2019-10-28T14:41:25","modified_gmt":"2019-10-28T11:41:25","slug":"q%c9%99b%c9%99l%c9%99d%c9%99-48-m%c9%99nzilli-yasayis-binasi-tikil%c9%99c%c9%99k-s%c9%99r%c9%99ncam","status":"publish","type":"post","link":"https:\/\/arantv.az\/?p=90042","title":{"rendered":"Q\u0259b\u0259l\u0259d\u0259 48 m\u0259nzilli ya\u015fay\u0131\u015f binas\u0131 tikil\u0259c\u0259k &#8211; S\u018fR\u018fNCAM"},"content":{"rendered":"<p>Az\u0259rbaycan Respublikas\u0131 Prezidenti \u0130lham \u018fliyev Q\u0259b\u0259l\u0259 \u015f\u0259h\u0259rind\u0259 \u0259halinin m\u0259nzil-m\u0259i\u015f\u0259t \u015f\u0259raitinin yax\u015f\u0131la\u015fd\u0131r\u0131lmas\u0131 haqq\u0131nda s\u0259r\u0259ncam\u00a0<a href=\"https:\/\/azertag.az\/xeber\/Qebele_seherinde_ehalinin_menzil_meiset_seraitinin_yaxsilasdirilmasi_haqqinda__Azerbaycan_Respublikasi_Prezidentinin_Serencami-1348536\" target=\"_blank\" rel=\"noopener\">imzalay\u0131b<\/a>.<\/p>\n<p>Az\u0259rbaycan Respublikas\u0131 regionlar\u0131n\u0131n sosial-iqtisadi inki\u015faf\u0131 d\u00f6vl\u0259t proqramlar\u0131n\u0131n u\u011furlu icras\u0131 n\u0259tic\u0259sind\u0259 Q\u0259b\u0259l\u0259 rayonunda bir s\u0131ra m\u00fch\u00fcm t\u0259dbirl\u0259r h\u0259yata ke\u00e7irilib, s\u0259naye m\u0259hsulunun h\u0259cmi 40,2 d\u0259f\u0259, \u0259sas kapitala y\u00f6n\u0259ldilmi\u015f v\u0259sait 92,1 d\u0259f\u0259, o c\u00fcml\u0259d\u0259n, tikinti qura\u015fd\u0131rma i\u015fl\u0259ri 99,2 d\u0259f\u0259 art\u0131b, m\u00fch\u00fcm infrastruktur layih\u0259l\u0259ri yerin\u0259 yetirilib, Beyn\u0259lxalq Hava Liman\u0131, M\u00fcalic\u0259 Diaqnostika M\u0259rk\u0259zi, Olimpiya \u0130dman Kompleksi, Heyd\u0259r \u018fliyev Konqres M\u0259rk\u0259zi, M\u0259d\u0259niyy\u0259t M\u0259rk\u0259zi, \u201cASAN xidm\u0259t\u201d m\u0259rk\u0259zi in\u015fa edilib, m\u00fcasir turizm v\u0259 m\u0259d\u0259niyy\u0259t obyektl\u0259ri istifad\u0259y\u0259 verilib, 45 \u00fcmumt\u0259hsil m\u00fc\u0259ssis\u0259sind\u0259 t\u0259mir-tikinti i\u015fl\u0259ri apar\u0131l\u0131b.<\/p>\n<div id=\"AdviadNativeVideo0\" class=\"AdviadNativeVideo\"><\/div>\n<p>Bundan ba\u015fqa, \u015f\u0259h\u0259rin su t\u0259chizat\u0131 sistemi, 110\/35\/10 kV-luq 2X40 MVA g\u00fcc\u00fcnd\u0259 \u201cQ\u0259b\u0259l\u0259\u201d yar\u0131mstansiyas\u0131 yenid\u0259n qurulub, Q\u0259b\u0259l\u0259 Dekorativ Q\u0131z\u0131lg\u00fcll\u0259r \u0130stixanas\u0131, xal\u00e7a\u00e7\u0131l\u0131q v\u0259 dig\u0259r iri istehsal v\u0259 emal m\u00fc\u0259ssis\u0259l\u0259ri yarad\u0131l\u0131b, 16 mind\u0259n \u00e7ox yeni i\u015f yeri a\u00e7\u0131lm\u0131\u015f, yol-n\u0259qliyyat infrastrukturu yax\u015f\u0131la\u015fd\u0131r\u0131l\u0131b, geni\u015fmiqyasl\u0131 abadl\u0131q-quruculuq i\u015fl\u0259ri g\u00f6r\u00fcl\u00fcb.<\/p>\n<p>S\u0259r\u0259ncama \u0259sas\u0259n, Q\u0259b\u0259l\u0259 \u015f\u0259h\u0259rind\u0259 istismar m\u00fcdd\u0259ti ba\u015fa \u00e7atm\u0131\u015f \u00e7oxm\u0259nzilli binalar\u0131n sakinl\u0259rinin m\u0259nzil-m\u0259i\u015f\u0259t \u015f\u0259raitinin yax\u015f\u0131la\u015fd\u0131r\u0131lmas\u0131 m\u0259qs\u0259dil\u0259 48 m\u0259nzilli ya\u015fay\u0131\u015f binas\u0131n\u0131n tikintisi \u00fc\u00e7\u00fcn Az\u0259rbaycan Respublikas\u0131n\u0131n 2019-cu il d\u00f6vl\u0259t b\u00fcdc\u0259sind\u0259 n\u0259z\u0259rd\u0259 tutulmu\u015f Az\u0259rbaycan Respublikas\u0131 Prezidentinin ehtiyat fondundan Q\u0259b\u0259l\u0259 Rayon \u0130cra Hakimiyy\u0259tin\u0259 \u00fc\u00e7\u00a0milyon manat ayr\u0131l\u0131b.<\/p>\n<p>Ya\u015fay\u0131\u015f binas\u0131 Q\u0259b\u0259l\u0259 \u015f\u0259h\u0259rind\u0259 istismar m\u00fcdd\u0259ti ba\u015fa \u00e7atm\u0131\u015f \u00fc\u00e7\u00a0ikim\u0259rt\u0259b\u0259li binan\u0131n sakinl\u0259rinin m\u0259nzil-m\u0259i\u015f\u0259t \u015f\u0259raitinin yax\u015f\u0131la\u015fd\u0131r\u0131lmas\u0131 \u00fc\u00e7\u00fcn tikil\u0259c\u0259k.<\/p>\n","protected":false},"excerpt":{"rendered":"<p>Az\u0259rbaycan Respublikas\u0131 Prezidenti \u0130lham \u018fliyev Q\u0259b\u0259l\u0259 \u015f\u0259h\u0259rind\u0259 \u0259halinin m\u0259nzil-m\u0259i\u015f\u0259t \u015f\u0259raitinin yax\u015f\u0131la\u015fd\u0131r\u0131lmas\u0131 haqq\u0131nda s\u0259r\u0259ncam\u00a0imzalay\u0131b. Az\u0259rbaycan Respublikas\u0131 regionlar\u0131n\u0131n sosial-iqtisadi inki\u015faf\u0131 d\u00f6vl\u0259t proqramlar\u0131n\u0131n u\u011furlu icras\u0131 n\u0259tic\u0259sind\u0259 Q\u0259b\u0259l\u0259 rayonunda bir s\u0131ra m\u00fch\u00fcm t\u0259dbirl\u0259r h\u0259yata ke\u00e7irilib, s\u0259naye m\u0259hsulunun h\u0259cmi 40,2 d\u0259f\u0259, \u0259sas kapitala y\u00f6n\u0259ldilmi\u015f v\u0259sait 92,1 d\u0259f\u0259, o c\u00fcml\u0259d\u0259n, tikinti qura\u015fd\u0131rma i\u015fl\u0259ri 99,2 d\u0259f\u0259 art\u0131b, m\u00fch\u00fcm infrastruktur layih\u0259l\u0259ri yerin\u0259 yetirilib, Beyn\u0259lxalq Hava Liman\u0131, M\u00fcalic\u0259 Diaqnostika M\u0259rk\u0259zi, Olimpiya \u0130dman Kompleksi, Heyd\u0259r \u018fliyev Konqres M\u0259rk\u0259zi, M\u0259d\u0259niyy\u0259t M\u0259rk\u0259zi, \u201cASAN xidm\u0259t\u201d m\u0259rk\u0259zi in\u015fa edilib, m\u00fcasir turizm v\u0259 m\u0259d\u0259niyy\u0259t obyektl\u0259ri istifad\u0259y\u0259 verilib, 45 \u00fcmumt\u0259hsil m\u00fc\u0259ssis\u0259sind\u0259 t\u0259mir-tikinti i\u015fl\u0259ri apar\u0131l\u0131b. Bundan ba\u015fqa,&hellip;<\/p>\n","protected":false},"author":2,"featured_media":90043,"comment_status":"closed","ping_status":"closed","sticky":false,"template":"","format":"standard","meta":{"om_disable_all_campaigns":false,"_monsterinsights_skip_tracking":false,"_monsterinsights_sitenote_active":false,"_monsterinsights_sitenote_note":"","_monsterinsights_sitenote_category":0},"categories":[4],"tags":[],"aioseo_notices":[],"gutentor_comment":0,"rttpg_featured_image_url":{"full":["https:\/\/arantv.az\/wp-content\/uploads\/2019\/10\/ibraname-imzalayan-isci-dava-acabilir-mi-1.jpg",620,360,false],"landscape":["https:\/\/arantv.az\/wp-content\/uploads\/2019\/10\/ibraname-imzalayan-isci-dava-acabilir-mi-1.jpg",620,360,false],"portraits":["https:\/\/arantv.az\/wp-content\/uploads\/2019\/10\/ibraname-imzalayan-isci-dava-acabilir-mi-1.jpg",620,360,false],"thumbnail":["https:\/\/arantv.az\/wp-content\/uploads\/2019\/10\/ibraname-imzalayan-isci-dava-acabilir-mi-1-150x150.jpg",150,150,true],"medium":["https:\/\/arantv.az\/wp-content\/uploads\/2019\/10\/ibraname-imzalayan-isci-dava-acabilir-mi-1-300x174.jpg",300,174,true],"large":["https:\/\/arantv.az\/wp-content\/uploads\/2019\/10\/ibraname-imzalayan-isci-dava-acabilir-mi-1.jpg",620,360,false],"1536x1536":["https:\/\/arantv.az\/wp-content\/uploads\/2019\/10\/ibraname-imzalayan-isci-dava-acabilir-mi-1.jpg",620,360,false],"2048x2048":["https:\/\/arantv.az\/wp-content\/uploads\/2019\/10\/ibraname-imzalayan-isci-dava-acabilir-mi-1.jpg",620,360,false],"post-thumbnail":["https:\/\/arantv.az\/wp-content\/uploads\/2019\/10\/ibraname-imzalayan-isci-dava-acabilir-mi-1-240x172.jpg",240,172,true],"advps-thumb-one":["https:\/\/arantv.az\/wp-content\/uploads\/2019\/10\/ibraname-imzalayan-isci-dava-acabilir-mi-1.jpg",620,360,false]},"rttpg_author":{"display_name":"V\u00fcsal Rafiqo\u011flu","author_link":"https:\/\/arantv.az\/?author=2"},"rttpg_comment":0,"rttpg_category":"<a href=\"https:\/\/arantv.az\/?cat=4\" rel=\"category\">Siyas\u0259t<\/a>","rttpg_excerpt":"Az\u0259rbaycan Respublikas\u0131 Prezidenti \u0130lham \u018fliyev Q\u0259b\u0259l\u0259 \u015f\u0259h\u0259rind\u0259 \u0259halinin m\u0259nzil-m\u0259i\u015f\u0259t \u015f\u0259raitinin yax\u015f\u0131la\u015fd\u0131r\u0131lmas\u0131 haqq\u0131nda s\u0259r\u0259ncam\u00a0imzalay\u0131b. Az\u0259rbaycan Respublikas\u0131 regionlar\u0131n\u0131n sosial-iqtisadi inki\u015faf\u0131 d\u00f6vl\u0259t proqramlar\u0131n\u0131n u\u011furlu icras\u0131 n\u0259tic\u0259sind\u0259 Q\u0259b\u0259l\u0259 rayonunda bir s\u0131ra m\u00fch\u00fcm t\u0259dbirl\u0259r h\u0259yata ke\u00e7irilib, s\u0259naye m\u0259hsulunun h\u0259cmi 40,2 d\u0259f\u0259, \u0259sas kapitala y\u00f6n\u0259ldilmi\u015f v\u0259sait 92,1 d\u0259f\u0259, o c\u00fcml\u0259d\u0259n, tikinti qura\u015fd\u0131rma i\u015fl\u0259ri 99,2 d\u0259f\u0259 art\u0131b, m\u00fch\u00fcm infrastruktur layih\u0259l\u0259ri yerin\u0259 yetirilib,&hellip;","_links":{"self":[{"href":"https:\/\/arantv.az\/index.php?rest_route=\/wp\/v2\/posts\/90042"}],"collection":[{"href":"https:\/\/arantv.az\/index.php?rest_route=\/wp\/v2\/posts"}],"about":[{"href":"https:\/\/arantv.az\/index.php?rest_route=\/wp\/v2\/types\/post"}],"author":[{"embeddable":true,"href":"https:\/\/arantv.az\/index.php?rest_route=\/wp\/v2\/users\/2"}],"replies":[{"embeddable":true,"href":"https:\/\/arantv.az\/index.php?rest_route=%2Fwp%2Fv2%2Fcomments&post=90042"}],"version-history":[{"count":0,"href":"https:\/\/arantv.az\/index.php?rest_route=\/wp\/v2\/posts\/90042\/revisions"}],"wp:featuredmedia":[{"embeddable":true,"href":"https:\/\/arantv.az\/index.php?rest_route=\/wp\/v2\/media\/90043"}],"wp:attachment":[{"href":"https:\/\/arantv.az\/index.php?rest_route=%2Fwp%2Fv2%2Fmedia&parent=90042"}],"wp:term":[{"taxonomy":"category","embeddable":true,"href":"https:\/\/arantv.az\/index.php?rest_route=%2Fwp%2Fv2%2Fcategories&post=90042"},{"taxonomy":"post_tag","embeddable":true,"href":"https:\/\/arantv.az\/index.php?rest_route=%2Fwp%2Fv2%2Ftags&post=90042"}],"curies":[{"name":"wp","href":"https:\/\/api.w.org\/{rel}","templated":true}]}}