{"id":90046,"date":"2019-10-28T14:55:24","date_gmt":"2019-10-28T11:55:24","guid":{"rendered":"http:\/\/arantv.az\/?p=90046"},"modified":"2019-10-28T14:55:24","modified_gmt":"2019-10-28T11:55:24","slug":"gunel-s%c9%99f%c9%99rova-s%c9%99dr-secildi","status":"publish","type":"post","link":"https:\/\/arantv.az\/?p=90046","title":{"rendered":"G\u00fcnel S\u0259f\u0259rova s\u0259dr se\u00e7ildi"},"content":{"rendered":"<p><strong>Tan\u0131nm\u0131\u015f h\u00fcquq\u015f\u00fcnas G\u00fcnel S\u0259f\u0259rova &#8220;V\u0259t\u0259nda\u015f&#8221; \u0130ctimai Birliyinin 5 il m\u00fcdd\u0259tin\u0259 s\u0259dri se\u00e7ilib. Birlik Az\u0259rbaycan Respublikas\u0131n\u0131n \u018fdliyy\u0259 Nazirliyind\u0259 d\u00f6vl\u0259t qeydiyyat\u0131na al\u0131n\u0131b.<\/strong><\/p>\n<p><strong>ARANTV.AZ<\/strong> x\u0259b\u0259r verir ki, qaynarinfo.az-a t\u0259sdiq ed\u0259n G\u00fcnel S\u0259f\u0259rova bildirib ki, r\u0259hb\u0259rlik etdiyi t\u0259\u015fkilat\u0131n \u0259sas m\u0259qs\u0259di demokratik d\u0259y\u0259rl\u0259rin yay\u0131lmas\u0131na, ictimai h\u0259yat\u0131n m\u00fcxt\u0259lif sah\u0259l\u0259rind\u0259 v\u0259t\u0259nda\u015f t\u0259\u015f\u0259bb\u00fcskarl\u0131\u011f\u0131n\u0131n artmas\u0131na, ictimai r\u0259yin formala\u015fmas\u0131na, elmi v\u0259 praktiki t\u0259dqiqatlar\u0131n, monitorinql\u0259rin, sor\u011fular\u0131n h\u0259yata ke\u00e7irilm\u0259sin\u0259 yard\u0131m etm\u0259k, c\u0259miyy\u0259tin sosial, iqtisadi v\u0259 m\u0259d\u0259ni-humanitar inki\u015faf\u0131na t\u00f6hf\u0259 verm\u0259kd\u0259n ibar\u0259tdir.<\/p>\n<p>G\u00fcnel S\u0259f\u0259rova qeyd edib ki, t\u0259\u015fkilat\u0131n \u0259sas v\u0259zif\u0259l\u0259ri m\u00fcxt\u0259lif probleml\u0259ri t\u0259dqiq etm\u0259k yolu il\u0259 onun h\u0259llin\u0259 ictimai diqq\u0259ti c\u0259lb etm\u0259k, c\u0259miyy\u0259ti narahat ed\u0259n m\u0259s\u0259l\u0259l\u0259rin h\u0259llin\u0259 yard\u0131m \u00fc\u00e7\u00fcn v\u0259t\u0259nda\u015f c\u0259miyy\u0259ti, media v\u0259 d\u00f6vl\u0259t qurumlar\u0131n\u0131n birg\u0259 f\u0259aliyy\u0259tin\u0259 nail olmaq, sosial, ictimai-siyasi, iqtisadi, t\u0259hsil, s\u0259hiyy\u0259, idman, elm v\u0259 texnologiya, media, h\u00fcquq, ekoloji, aqrar, m\u0259d\u0259ni-humanitar v\u0259 dig\u0259r sah\u0259l\u0259rd\u0259 geni\u015f spektrli t\u0259dqiqatlar aparmaq, demokratik prosesl\u0259r sah\u0259sind\u0259 t\u0259dqiqatlar\u0131, fikir pl\u00fcralizminin d\u0259rinl\u0259\u015fm\u0259sini v\u0259 sosial c\u0259h\u0259td\u0259n \u0259h\u0259miyy\u0259tli olan t\u0259\u015f\u0259bb\u00fcsl\u0259ri m\u00fcdafi\u0259 etm\u0259k, insan h\u00fcquq v\u0259 azadl\u0131qlar\u0131 \u00fczr\u0259 maarifl\u0259ndirm\u0259 v\u0259 monitorinqin apar\u0131lmas\u0131, korrupsiyaya qar\u015f\u0131 m\u00fcbariz\u0259d\u0259 ictimaiyy\u0259ti maarifl\u0259ndirm\u0259kl\u0259 s\u0259f\u0259rb\u0259r etm\u0259k, miqrasiya v\u0259 demoqrafiya prosesl\u0259rini \u00f6yr\u0259nm\u0259k, qa\u00e7q\u0131n v\u0259 m\u0259cburi k\u00f6\u00e7k\u00fcnl\u0259rin, m\u00fcxt\u0259lif azt\u0259minatl\u0131 \u0259hali qruplar\u0131n\u0131n probleml\u0259rini ara\u015fd\u0131rmaq, g\u0259ncl\u0259rin intellektual inki\u015faf\u0131n\u0131 v\u0259 innovativ t\u0259\u015f\u0259bb\u00fcsl\u0259rini t\u0259\u015fviq etm\u0259k, ail\u0259, qad\u0131n v\u0259 u\u015faqlar\u0131n sosial v\u0259 m\u0259n\u0259vi inki\u015faf\u0131na dair ara\u015fd\u0131rmalar aparmaq, onlara sosial, m\u0259n\u0259vi, h\u00fcquqi v\u0259 psixoloji yard\u0131m g\u00f6st\u0259rm\u0259k, gender b\u0259rab\u0259rliyini ara\u015fd\u0131rmaq v\u0259 t\u0259bli\u011f etm\u0259k; m\u0259d\u0259ni v\u0259 etnik m\u00fcxt\u0259lifliyin, milli-m\u0259n\u0259vi v\u0259 dini d\u0259y\u0259rl\u0259rin qorunmas\u0131n\u0131 t\u0259\u015fviq etm\u0259k v\u0259 Dayan\u0131ql\u0131 \u0130nki\u015faf M\u0259qs\u0259dl\u0259rin\u0259 nail olmaq \u00fc\u00e7\u00fcn t\u0259bli\u011fat kampaniyas\u0131na d\u0259st\u0259k verm\u0259kdir.<\/p>\n<p>G.S\u0259f\u0259rova vur\u011fulay\u0131b ki, Nizamnam\u0259 il\u0259 n\u0259z\u0259rd\u0259 tutulmu\u015f v\u0259zif\u0259l\u0259ri h\u0259yata ke\u015firm\u0259k \u00fc\u00e7\u00fcn Birlik ara\u015fd\u0131rmalar, monitorinql\u0259r aparacaq, h\u0259r n\u00f6v sosioloji sor\u011fular ke\u00e7ir\u0259c\u0259k, sosial i\u015f v\u0259 korporativ sosial m\u0259suliyy\u0259t layih\u0259l\u0259rini h\u0259yata ke\u00e7ir\u0259c\u0259k.<\/p>\n<div>\n<div id=\"AdviadNativeVideo0\" class=\"AdviadNativeVideo\"><\/div>\n<\/div>\n<p>Xat\u0131rladaq ki, G\u00fcnel S\u0259f\u0259rova QHT sektorunda uzun m\u00fcdd\u0259tdir f\u0259aliyy\u0259t g\u00f6st\u0259rir. S\u0259dr olana q\u0259d\u0259r &#8220;G\u0259nc V\u0259t\u0259nda\u015f&#8221; \u0130ctimai Birliyinin icra\u00e7\u0131 direktoru olub. G.S\u0259f\u0259rova 2017-ci ilin may ay\u0131ndan Az\u0259rbaycan A\u00e7\u0131q H\u00f6kum\u0259tin T\u0259\u015fviqin\u0259 dair H\u00f6kum\u0259t-V\u0259t\u0259nda\u015f C\u0259miyy\u0259ti Dialoqu Platformas\u0131n\u0131n \u00fczv\u00fcd\u00fcr<\/p>\n","protected":false},"excerpt":{"rendered":"<p>Tan\u0131nm\u0131\u015f h\u00fcquq\u015f\u00fcnas G\u00fcnel S\u0259f\u0259rova &#8220;V\u0259t\u0259nda\u015f&#8221; \u0130ctimai Birliyinin 5 il m\u00fcdd\u0259tin\u0259 s\u0259dri se\u00e7ilib. Birlik Az\u0259rbaycan Respublikas\u0131n\u0131n \u018fdliyy\u0259 Nazirliyind\u0259 d\u00f6vl\u0259t qeydiyyat\u0131na al\u0131n\u0131b. ARANTV.AZ x\u0259b\u0259r verir ki, qaynarinfo.az-a t\u0259sdiq ed\u0259n G\u00fcnel S\u0259f\u0259rova bildirib ki, r\u0259hb\u0259rlik etdiyi t\u0259\u015fkilat\u0131n \u0259sas m\u0259qs\u0259di demokratik d\u0259y\u0259rl\u0259rin yay\u0131lmas\u0131na, ictimai h\u0259yat\u0131n m\u00fcxt\u0259lif sah\u0259l\u0259rind\u0259 v\u0259t\u0259nda\u015f t\u0259\u015f\u0259bb\u00fcskarl\u0131\u011f\u0131n\u0131n artmas\u0131na, ictimai r\u0259yin formala\u015fmas\u0131na, elmi v\u0259 praktiki t\u0259dqiqatlar\u0131n, monitorinql\u0259rin, sor\u011fular\u0131n h\u0259yata ke\u00e7irilm\u0259sin\u0259 yard\u0131m etm\u0259k, c\u0259miyy\u0259tin sosial, iqtisadi v\u0259 m\u0259d\u0259ni-humanitar inki\u015faf\u0131na t\u00f6hf\u0259 verm\u0259kd\u0259n ibar\u0259tdir. G\u00fcnel S\u0259f\u0259rova qeyd edib ki, t\u0259\u015fkilat\u0131n \u0259sas v\u0259zif\u0259l\u0259ri m\u00fcxt\u0259lif probleml\u0259ri t\u0259dqiq etm\u0259k yolu il\u0259 onun h\u0259llin\u0259 ictimai diqq\u0259ti c\u0259lb etm\u0259k, c\u0259miyy\u0259ti narahat&hellip;<\/p>\n","protected":false},"author":2,"featured_media":90047,"comment_status":"closed","ping_status":"closed","sticky":false,"template":"","format":"standard","meta":{"om_disable_all_campaigns":false,"_monsterinsights_skip_tracking":false,"_monsterinsights_sitenote_active":false,"_monsterinsights_sitenote_note":"","_monsterinsights_sitenote_category":0},"categories":[1],"tags":[],"aioseo_notices":[],"gutentor_comment":0,"rttpg_featured_image_url":{"full":["https:\/\/arantv.az\/wp-content\/uploads\/2019\/10\/388595067.jpg",750,550,false],"landscape":["https:\/\/arantv.az\/wp-content\/uploads\/2019\/10\/388595067.jpg",750,550,false],"portraits":["https:\/\/arantv.az\/wp-content\/uploads\/2019\/10\/388595067.jpg",750,550,false],"thumbnail":["https:\/\/arantv.az\/wp-content\/uploads\/2019\/10\/388595067-150x150.jpg",150,150,true],"medium":["https:\/\/arantv.az\/wp-content\/uploads\/2019\/10\/388595067-300x220.jpg",300,220,true],"large":["https:\/\/arantv.az\/wp-content\/uploads\/2019\/10\/388595067.jpg",640,469,false],"1536x1536":["https:\/\/arantv.az\/wp-content\/uploads\/2019\/10\/388595067.jpg",750,550,false],"2048x2048":["https:\/\/arantv.az\/wp-content\/uploads\/2019\/10\/388595067.jpg",750,550,false],"post-thumbnail":["https:\/\/arantv.az\/wp-content\/uploads\/2019\/10\/388595067-240x172.jpg",240,172,true],"advps-thumb-one":["https:\/\/arantv.az\/wp-content\/uploads\/2019\/10\/388595067.jpg",750,550,false]},"rttpg_author":{"display_name":"V\u00fcsal Rafiqo\u011flu","author_link":"https:\/\/arantv.az\/?author=2"},"rttpg_comment":0,"rttpg_category":"<a href=\"https:\/\/arantv.az\/?cat=1\" rel=\"category\">C\u0259miyy\u0259t<\/a>","rttpg_excerpt":"Tan\u0131nm\u0131\u015f h\u00fcquq\u015f\u00fcnas G\u00fcnel S\u0259f\u0259rova &#8220;V\u0259t\u0259nda\u015f&#8221; \u0130ctimai Birliyinin 5 il m\u00fcdd\u0259tin\u0259 s\u0259dri se\u00e7ilib. Birlik Az\u0259rbaycan Respublikas\u0131n\u0131n \u018fdliyy\u0259 Nazirliyind\u0259 d\u00f6vl\u0259t qeydiyyat\u0131na al\u0131n\u0131b. ARANTV.AZ x\u0259b\u0259r verir ki, qaynarinfo.az-a t\u0259sdiq ed\u0259n G\u00fcnel S\u0259f\u0259rova bildirib ki, r\u0259hb\u0259rlik etdiyi t\u0259\u015fkilat\u0131n \u0259sas m\u0259qs\u0259di demokratik d\u0259y\u0259rl\u0259rin yay\u0131lmas\u0131na, ictimai h\u0259yat\u0131n m\u00fcxt\u0259lif sah\u0259l\u0259rind\u0259 v\u0259t\u0259nda\u015f t\u0259\u015f\u0259bb\u00fcskarl\u0131\u011f\u0131n\u0131n artmas\u0131na, ictimai r\u0259yin formala\u015fmas\u0131na, elmi v\u0259 praktiki t\u0259dqiqatlar\u0131n, monitorinql\u0259rin, sor\u011fular\u0131n&hellip;","_links":{"self":[{"href":"https:\/\/arantv.az\/index.php?rest_route=\/wp\/v2\/posts\/90046"}],"collection":[{"href":"https:\/\/arantv.az\/index.php?rest_route=\/wp\/v2\/posts"}],"about":[{"href":"https:\/\/arantv.az\/index.php?rest_route=\/wp\/v2\/types\/post"}],"author":[{"embeddable":true,"href":"https:\/\/arantv.az\/index.php?rest_route=\/wp\/v2\/users\/2"}],"replies":[{"embeddable":true,"href":"https:\/\/arantv.az\/index.php?rest_route=%2Fwp%2Fv2%2Fcomments&post=90046"}],"version-history":[{"count":0,"href":"https:\/\/arantv.az\/index.php?rest_route=\/wp\/v2\/posts\/90046\/revisions"}],"wp:featuredmedia":[{"embeddable":true,"href":"https:\/\/arantv.az\/index.php?rest_route=\/wp\/v2\/media\/90047"}],"wp:attachment":[{"href":"https:\/\/arantv.az\/index.php?rest_route=%2Fwp%2Fv2%2Fmedia&parent=90046"}],"wp:term":[{"taxonomy":"category","embeddable":true,"href":"https:\/\/arantv.az\/index.php?rest_route=%2Fwp%2Fv2%2Fcategories&post=90046"},{"taxonomy":"post_tag","embeddable":true,"href":"https:\/\/arantv.az\/index.php?rest_route=%2Fwp%2Fv2%2Ftags&post=90046"}],"curies":[{"name":"wp","href":"https:\/\/api.w.org\/{rel}","templated":true}]}}