{"id":90054,"date":"2019-10-28T15:14:58","date_gmt":"2019-10-28T12:14:58","guid":{"rendered":"http:\/\/arantv.az\/?p=90054"},"modified":"2019-10-28T15:14:58","modified_gmt":"2019-10-28T12:14:58","slug":"boks-millimiz%c9%99-yenid%c9%99n-kubadan-bas-m%c9%99sqci-t%c9%99yin-olundu","status":"publish","type":"post","link":"https:\/\/arantv.az\/?p=90054","title":{"rendered":"Boks millimiz\u0259 yenid\u0259n Kubadan ba\u015f m\u0259\u015fq\u00e7i t\u0259yin olundu"},"content":{"rendered":"<p>Ki\u015fi boks\u00e7ulardan ibar\u0259t Az\u0259rbaycan y\u0131\u011fmas\u0131nda yeni ba\u015f m\u0259\u015fq\u00e7i t\u0259yinat\u0131 r\u0259smil\u0259\u015fib.<\/p>\n<p><strong>ARANTV.AZ\u00a0<\/strong>\u00a0x\u0259b\u0259r verir ki, milli komanda kubal\u0131 Umberto Orta Dominqes\u0259 h\u0259val\u0259 edilib.<\/p>\n<p>53 ya\u015fl\u0131 m\u00fct\u0259x\u0259ssisl\u0259 bir illik m\u00fcqavil\u0259 imzalan\u0131b. O bu postda ba\u015f m\u0259\u015fq\u00e7i v\u0259zif\u0259sini icra ed\u0259n N\u0259riman Abdullayevi \u0259v\u0259zl\u0259yib.<\/p>\n<div id=\"AdviadNativeVideo0\" class=\"AdviadNativeVideo\"><\/div>\n<p>Umberto Orta 1966-c\u0131 ild\u0259 Kuban\u0131n Kamaquey \u015f\u0259h\u0259rind\u0259 anadan olub.1984-c\u00fc ild\u0259 \u00f6lk\u0259sind\u0259 B\u0259d\u0259n T\u0259rbiy\u0259si \u0130nstitutunu bitir\u0259n m\u00fct\u0259x\u0259ssis boks m\u0259\u015fq\u00e7isi ixtisas\u0131na yiy\u0259l\u0259nib.<\/p>\n<p>O, 1984-1992-ci ill\u0259rd\u0259 Kamaqueyin idman m\u0259kt\u0259bind\u0259 boks m\u00fc\u0259llimi i\u015fl\u0259yib. Daha sonra U.Ortan\u0131n y\u0131\u011fma karyeras\u0131 ba\u015flay\u0131b. Kuban\u0131n yeniyetm\u0259l\u0259rd\u0259n v\u0259 g\u0259ncl\u0259rd\u0259n ibar\u0259t y\u0131\u011fmalar\u0131nda \u00e7al\u0131\u015fan m\u00fct\u0259x\u0259ssis 1992-2005-ci ill\u0259rd\u0259 m\u0259\u015fq\u00e7i, n\u00f6vb\u0259ti 11 ild\u0259 ba\u015f m\u0259\u015fq\u00e7i kimi i\u015fl\u0259yib. M\u00fct\u0259x\u0259ssis bu m\u00fcdd\u0259td\u0259 18 d\u00fcnya birinciliyi, bir d\u00fcnya \u00e7empionat\u0131, iki Yeniyetm\u0259l\u0259rin Yay Olimpiya Oyunlar\u0131na komanda \u00e7\u0131xar\u0131b. Onun yetirm\u0259l\u0259ri d\u00fcnya birincilikl\u0259rind\u0259 80, Olimpiadalarda doqquz q\u0131z\u0131l medal qazan\u0131b.<\/p>\n<p>London-2012 v\u0259 Rio-2016 Yay Olimpiya Oyunlar\u0131nda Kuban\u0131 t\u0259msil ed\u0259n 10 boks\u00e7udan doqquzu m\u00fcxt\u0259lif ya\u015f qruplar\u0131nda U.Ortan\u0131n r\u0259hb\u0259rliyi alt\u0131nda \u00e7al\u0131\u015f\u0131b. 2016-c\u0131 ilin oktyabr\u0131nda m\u00fct\u0259x\u0259ssis Rusiya y\u0131\u011fmas\u0131na m\u0259\u015fq\u00e7i t\u0259yin olunub. O, bir il burda i\u015fl\u0259dikd\u0259n sonra qon\u015fu \u00f6lk\u0259d\u0259 f\u0259aliyy\u0259tini klubda davam etdirib.<\/p>\n<p>N\u0259riman Abdullayev is\u0259 \u0259vv\u0259lki kimi yen\u0259 millid\u0259 b\u00f6y\u00fck m\u0259\u015fq\u00e7i funksiyas\u0131n\u0131 yerin\u0259 yetir\u0259c\u0259k.Onu da bildir\u0259k ki, millimizin hey\u0259tind\u0259 Kubadan iki boks\u00e7u \u2013 Lorenso Sotomayor v\u0259 Pedro Alfonso var. \u018fvv\u0259l d\u0259 komandam\u0131z\u0131 Kubadan m\u0259\u015fq\u00e7i \u00e7al\u0131\u015fd\u0131r\u0131b. Bu, Pedro Roke Otanyo olub.<\/p>\n<p>Qeyd ed\u0259k ki, millimiz\u0259 kubal\u0131 ba\u015f m\u0259\u015fq\u00e7inin g\u0259l\u0259c\u0259yini ilk olaraq bu ay\u0131n \u0259vv\u0259lind\u0259\u00a0<a href=\"https:\/\/oxu.az\/sport\/335964\" target=\"_blank\" rel=\"noopener\">Oxu.Az<\/a>\u00a0yazm\u0131\u015fd\u0131.<\/p>\n","protected":false},"excerpt":{"rendered":"<p>Ki\u015fi boks\u00e7ulardan ibar\u0259t Az\u0259rbaycan y\u0131\u011fmas\u0131nda yeni ba\u015f m\u0259\u015fq\u00e7i t\u0259yinat\u0131 r\u0259smil\u0259\u015fib. ARANTV.AZ\u00a0\u00a0x\u0259b\u0259r verir ki, milli komanda kubal\u0131 Umberto Orta Dominqes\u0259 h\u0259val\u0259 edilib. 53 ya\u015fl\u0131 m\u00fct\u0259x\u0259ssisl\u0259 bir illik m\u00fcqavil\u0259 imzalan\u0131b. O bu postda ba\u015f m\u0259\u015fq\u00e7i v\u0259zif\u0259sini icra ed\u0259n N\u0259riman Abdullayevi \u0259v\u0259zl\u0259yib. Umberto Orta 1966-c\u0131 ild\u0259 Kuban\u0131n Kamaquey \u015f\u0259h\u0259rind\u0259 anadan olub.1984-c\u00fc ild\u0259 \u00f6lk\u0259sind\u0259 B\u0259d\u0259n T\u0259rbiy\u0259si \u0130nstitutunu bitir\u0259n m\u00fct\u0259x\u0259ssis boks m\u0259\u015fq\u00e7isi ixtisas\u0131na yiy\u0259l\u0259nib. O, 1984-1992-ci ill\u0259rd\u0259 Kamaqueyin idman m\u0259kt\u0259bind\u0259 boks m\u00fc\u0259llimi i\u015fl\u0259yib. Daha sonra U.Ortan\u0131n y\u0131\u011fma karyeras\u0131 ba\u015flay\u0131b. Kuban\u0131n yeniyetm\u0259l\u0259rd\u0259n v\u0259 g\u0259ncl\u0259rd\u0259n ibar\u0259t y\u0131\u011fmalar\u0131nda \u00e7al\u0131\u015fan m\u00fct\u0259x\u0259ssis 1992-2005-ci ill\u0259rd\u0259 m\u0259\u015fq\u00e7i, n\u00f6vb\u0259ti 11 ild\u0259 ba\u015f m\u0259\u015fq\u00e7i&hellip;<\/p>\n","protected":false},"author":2,"featured_media":90055,"comment_status":"closed","ping_status":"closed","sticky":false,"template":"","format":"standard","meta":{"om_disable_all_campaigns":false,"_monsterinsights_skip_tracking":false,"_monsterinsights_sitenote_active":false,"_monsterinsights_sitenote_note":"","_monsterinsights_sitenote_category":0},"categories":[6],"tags":[],"aioseo_notices":[],"gutentor_comment":0,"rttpg_featured_image_url":{"full":["https:\/\/arantv.az\/wp-content\/uploads\/2019\/10\/Umberto_Orto2-625x405.jpg",620,402,false],"landscape":["https:\/\/arantv.az\/wp-content\/uploads\/2019\/10\/Umberto_Orto2-625x405.jpg",620,402,false],"portraits":["https:\/\/arantv.az\/wp-content\/uploads\/2019\/10\/Umberto_Orto2-625x405.jpg",620,402,false],"thumbnail":["https:\/\/arantv.az\/wp-content\/uploads\/2019\/10\/Umberto_Orto2-625x405-150x150.jpg",150,150,true],"medium":["https:\/\/arantv.az\/wp-content\/uploads\/2019\/10\/Umberto_Orto2-625x405-300x195.jpg",300,195,true],"large":["https:\/\/arantv.az\/wp-content\/uploads\/2019\/10\/Umberto_Orto2-625x405.jpg",620,402,false],"1536x1536":["https:\/\/arantv.az\/wp-content\/uploads\/2019\/10\/Umberto_Orto2-625x405.jpg",620,402,false],"2048x2048":["https:\/\/arantv.az\/wp-content\/uploads\/2019\/10\/Umberto_Orto2-625x405.jpg",620,402,false],"post-thumbnail":["https:\/\/arantv.az\/wp-content\/uploads\/2019\/10\/Umberto_Orto2-625x405-240x172.jpg",240,172,true],"advps-thumb-one":["https:\/\/arantv.az\/wp-content\/uploads\/2019\/10\/Umberto_Orto2-625x405.jpg",620,402,false]},"rttpg_author":{"display_name":"V\u00fcsal Rafiqo\u011flu","author_link":"https:\/\/arantv.az\/?author=2"},"rttpg_comment":0,"rttpg_category":"<a href=\"https:\/\/arantv.az\/?cat=6\" rel=\"category\">\u0130dman<\/a>","rttpg_excerpt":"Ki\u015fi boks\u00e7ulardan ibar\u0259t Az\u0259rbaycan y\u0131\u011fmas\u0131nda yeni ba\u015f m\u0259\u015fq\u00e7i t\u0259yinat\u0131 r\u0259smil\u0259\u015fib. ARANTV.AZ\u00a0\u00a0x\u0259b\u0259r verir ki, milli komanda kubal\u0131 Umberto Orta Dominqes\u0259 h\u0259val\u0259 edilib. 53 ya\u015fl\u0131 m\u00fct\u0259x\u0259ssisl\u0259 bir illik m\u00fcqavil\u0259 imzalan\u0131b. O bu postda ba\u015f m\u0259\u015fq\u00e7i v\u0259zif\u0259sini icra ed\u0259n N\u0259riman Abdullayevi \u0259v\u0259zl\u0259yib. Umberto Orta 1966-c\u0131 ild\u0259 Kuban\u0131n Kamaquey \u015f\u0259h\u0259rind\u0259 anadan olub.1984-c\u00fc ild\u0259 \u00f6lk\u0259sind\u0259 B\u0259d\u0259n T\u0259rbiy\u0259si \u0130nstitutunu bitir\u0259n m\u00fct\u0259x\u0259ssis&hellip;","_links":{"self":[{"href":"https:\/\/arantv.az\/index.php?rest_route=\/wp\/v2\/posts\/90054"}],"collection":[{"href":"https:\/\/arantv.az\/index.php?rest_route=\/wp\/v2\/posts"}],"about":[{"href":"https:\/\/arantv.az\/index.php?rest_route=\/wp\/v2\/types\/post"}],"author":[{"embeddable":true,"href":"https:\/\/arantv.az\/index.php?rest_route=\/wp\/v2\/users\/2"}],"replies":[{"embeddable":true,"href":"https:\/\/arantv.az\/index.php?rest_route=%2Fwp%2Fv2%2Fcomments&post=90054"}],"version-history":[{"count":0,"href":"https:\/\/arantv.az\/index.php?rest_route=\/wp\/v2\/posts\/90054\/revisions"}],"wp:featuredmedia":[{"embeddable":true,"href":"https:\/\/arantv.az\/index.php?rest_route=\/wp\/v2\/media\/90055"}],"wp:attachment":[{"href":"https:\/\/arantv.az\/index.php?rest_route=%2Fwp%2Fv2%2Fmedia&parent=90054"}],"wp:term":[{"taxonomy":"category","embeddable":true,"href":"https:\/\/arantv.az\/index.php?rest_route=%2Fwp%2Fv2%2Fcategories&post=90054"},{"taxonomy":"post_tag","embeddable":true,"href":"https:\/\/arantv.az\/index.php?rest_route=%2Fwp%2Fv2%2Ftags&post=90054"}],"curies":[{"name":"wp","href":"https:\/\/api.w.org\/{rel}","templated":true}]}}