{"id":90062,"date":"2019-10-28T15:16:49","date_gmt":"2019-10-28T12:16:49","guid":{"rendered":"http:\/\/arantv.az\/?p=90062"},"modified":"2019-10-28T15:16:49","modified_gmt":"2019-10-28T12:16:49","slug":"bolqaristanin-xarici-isl%c9%99r-naziri-qarabagla-bagli-b%c9%99yanat-verdi","status":"publish","type":"post","link":"https:\/\/arantv.az\/?p=90062","title":{"rendered":"Bolqar\u0131stan\u0131n xarici i\u015fl\u0259r naziri Qaraba\u011fla ba\u011fl\u0131 b\u0259yanat verdi"},"content":{"rendered":"<p>&#8220;Qaraba\u011f m\u00fcnaqi\u015f\u0259si AT\u018fT Minsk qrupunun himay\u0259si alt\u0131nda h\u0259ll olunmal\u0131d\u0131r&#8221;.<\/p>\n<p><strong>ARANTV.AZ<\/strong>\u00a0\u00a0<a href=\"https:\/\/az.trend.az\/\" target=\"_blank\" rel=\"noopener\">Trend<\/a>-\u0259 istinad\u0259n x\u0259b\u0259r verir ki, bunu Bolqar\u0131stan\u0131n xarici i\u015fl\u0259r naziri Yekaterina Zaxariyeva deyib.<\/p>\n<p>Bolqar\u0131stan\u0131n Az\u0259rbaycan qaz\u0131n\u0131 sat\u0131n almas\u0131 v\u0259 Qaraba\u011f m\u00fcnaqi\u015f\u0259si il\u0259 ba\u011fl\u0131 m\u00f6vqeyi bar\u0259d\u0259 sual\u0131 cavabland\u0131ran nazir bildirib ki, bu, vacib proqramd\u0131r:<\/p>\n<p>&#8220;Regionda sabitlik, rifah v\u0259 dondurulmu\u015f m\u00fcnaqi\u015f\u0259l\u0259rin nizamlanmas\u0131 A\u0130 \u00fc\u00e7\u00fcn prioritetdir. Da\u011fl\u0131q Qaraba\u011f m\u00fcnaqi\u015f\u0259sinin nizamlanmas\u0131n\u0131n yegan\u0259 yolu AT\u018fT Minsk qrupunun himay\u0259si alt\u0131nda dinc dialoqdur. Regionda dondurulmu\u015f m\u00fcnaqi\u015f\u0259l\u0259r \u00e7oxdur. Onlar\u0131 dan\u0131\u015f\u0131qlar yolu il\u0259 h\u0259ll etm\u0259k laz\u0131md\u0131r ki, iqtisadi inki\u015fafa mane olmas\u0131n. Bizim C\u0259nubi Qafqaza x\u00fcsusi yana\u015fmam\u0131z m\u00f6vcuddur&#8221;.<\/p>\n","protected":false},"excerpt":{"rendered":"<p>&#8220;Qaraba\u011f m\u00fcnaqi\u015f\u0259si AT\u018fT Minsk qrupunun himay\u0259si alt\u0131nda h\u0259ll olunmal\u0131d\u0131r&#8221;. ARANTV.AZ\u00a0\u00a0Trend-\u0259 istinad\u0259n x\u0259b\u0259r verir ki, bunu Bolqar\u0131stan\u0131n xarici i\u015fl\u0259r naziri Yekaterina Zaxariyeva deyib. Bolqar\u0131stan\u0131n Az\u0259rbaycan qaz\u0131n\u0131 sat\u0131n almas\u0131 v\u0259 Qaraba\u011f m\u00fcnaqi\u015f\u0259si il\u0259 ba\u011fl\u0131 m\u00f6vqeyi bar\u0259d\u0259 sual\u0131 cavabland\u0131ran nazir bildirib ki, bu, vacib proqramd\u0131r: &#8220;Regionda sabitlik, rifah v\u0259 dondurulmu\u015f m\u00fcnaqi\u015f\u0259l\u0259rin nizamlanmas\u0131 A\u0130 \u00fc\u00e7\u00fcn prioritetdir. Da\u011fl\u0131q Qaraba\u011f m\u00fcnaqi\u015f\u0259sinin nizamlanmas\u0131n\u0131n yegan\u0259 yolu AT\u018fT Minsk qrupunun himay\u0259si alt\u0131nda dinc dialoqdur. Regionda dondurulmu\u015f m\u00fcnaqi\u015f\u0259l\u0259r \u00e7oxdur. Onlar\u0131 dan\u0131\u015f\u0131qlar yolu il\u0259 h\u0259ll etm\u0259k laz\u0131md\u0131r ki, iqtisadi inki\u015fafa mane olmas\u0131n. Bizim C\u0259nubi Qafqaza x\u00fcsusi yana\u015fmam\u0131z m\u00f6vcuddur&#8221;.<\/p>\n","protected":false},"author":2,"featured_media":90063,"comment_status":"closed","ping_status":"closed","sticky":false,"template":"","format":"standard","meta":{"om_disable_all_campaigns":false,"_monsterinsights_skip_tracking":false,"_monsterinsights_sitenote_active":false,"_monsterinsights_sitenote_note":"","_monsterinsights_sitenote_category":0},"categories":[4],"tags":[],"aioseo_notices":[],"gutentor_comment":0,"rttpg_featured_image_url":{"full":["https:\/\/arantv.az\/wp-content\/uploads\/2019\/10\/797801.jpg",800,600,false],"landscape":["https:\/\/arantv.az\/wp-content\/uploads\/2019\/10\/797801.jpg",800,600,false],"portraits":["https:\/\/arantv.az\/wp-content\/uploads\/2019\/10\/797801.jpg",800,600,false],"thumbnail":["https:\/\/arantv.az\/wp-content\/uploads\/2019\/10\/797801-150x150.jpg",150,150,true],"medium":["https:\/\/arantv.az\/wp-content\/uploads\/2019\/10\/797801-300x225.jpg",300,225,true],"large":["https:\/\/arantv.az\/wp-content\/uploads\/2019\/10\/797801.jpg",640,480,false],"1536x1536":["https:\/\/arantv.az\/wp-content\/uploads\/2019\/10\/797801.jpg",800,600,false],"2048x2048":["https:\/\/arantv.az\/wp-content\/uploads\/2019\/10\/797801.jpg",800,600,false],"post-thumbnail":["https:\/\/arantv.az\/wp-content\/uploads\/2019\/10\/797801-240x172.jpg",240,172,true],"advps-thumb-one":["https:\/\/arantv.az\/wp-content\/uploads\/2019\/10\/797801.jpg",800,600,false]},"rttpg_author":{"display_name":"V\u00fcsal Rafiqo\u011flu","author_link":"https:\/\/arantv.az\/?author=2"},"rttpg_comment":0,"rttpg_category":"<a href=\"https:\/\/arantv.az\/?cat=4\" rel=\"category\">Siyas\u0259t<\/a>","rttpg_excerpt":"&#8220;Qaraba\u011f m\u00fcnaqi\u015f\u0259si AT\u018fT Minsk qrupunun himay\u0259si alt\u0131nda h\u0259ll olunmal\u0131d\u0131r&#8221;. ARANTV.AZ\u00a0\u00a0Trend-\u0259 istinad\u0259n x\u0259b\u0259r verir ki, bunu Bolqar\u0131stan\u0131n xarici i\u015fl\u0259r naziri Yekaterina Zaxariyeva deyib. Bolqar\u0131stan\u0131n Az\u0259rbaycan qaz\u0131n\u0131 sat\u0131n almas\u0131 v\u0259 Qaraba\u011f m\u00fcnaqi\u015f\u0259si il\u0259 ba\u011fl\u0131 m\u00f6vqeyi bar\u0259d\u0259 sual\u0131 cavabland\u0131ran nazir bildirib ki, bu, vacib proqramd\u0131r: &#8220;Regionda sabitlik, rifah v\u0259 dondurulmu\u015f m\u00fcnaqi\u015f\u0259l\u0259rin nizamlanmas\u0131 A\u0130 \u00fc\u00e7\u00fcn prioritetdir. Da\u011fl\u0131q Qaraba\u011f m\u00fcnaqi\u015f\u0259sinin&hellip;","_links":{"self":[{"href":"https:\/\/arantv.az\/index.php?rest_route=\/wp\/v2\/posts\/90062"}],"collection":[{"href":"https:\/\/arantv.az\/index.php?rest_route=\/wp\/v2\/posts"}],"about":[{"href":"https:\/\/arantv.az\/index.php?rest_route=\/wp\/v2\/types\/post"}],"author":[{"embeddable":true,"href":"https:\/\/arantv.az\/index.php?rest_route=\/wp\/v2\/users\/2"}],"replies":[{"embeddable":true,"href":"https:\/\/arantv.az\/index.php?rest_route=%2Fwp%2Fv2%2Fcomments&post=90062"}],"version-history":[{"count":0,"href":"https:\/\/arantv.az\/index.php?rest_route=\/wp\/v2\/posts\/90062\/revisions"}],"wp:featuredmedia":[{"embeddable":true,"href":"https:\/\/arantv.az\/index.php?rest_route=\/wp\/v2\/media\/90063"}],"wp:attachment":[{"href":"https:\/\/arantv.az\/index.php?rest_route=%2Fwp%2Fv2%2Fmedia&parent=90062"}],"wp:term":[{"taxonomy":"category","embeddable":true,"href":"https:\/\/arantv.az\/index.php?rest_route=%2Fwp%2Fv2%2Fcategories&post=90062"},{"taxonomy":"post_tag","embeddable":true,"href":"https:\/\/arantv.az\/index.php?rest_route=%2Fwp%2Fv2%2Ftags&post=90062"}],"curies":[{"name":"wp","href":"https:\/\/api.w.org\/{rel}","templated":true}]}}