{"id":90082,"date":"2019-10-28T15:22:42","date_gmt":"2019-10-28T12:22:42","guid":{"rendered":"http:\/\/arantv.az\/?p=90082"},"modified":"2019-10-28T15:22:42","modified_gmt":"2019-10-28T12:22:42","slug":"bu-gec%c9%99-imam-rzanin-%c9%99-s%c9%99had%c9%99tinin-ildonumudur","status":"publish","type":"post","link":"https:\/\/arantv.az\/?p=90082","title":{"rendered":"Bu gec\u0259 imam Rzan\u0131n (\u0259) \u015f\u0259had\u0259tinin ild\u00f6n\u00fcm\u00fcd\u00fcr"},"content":{"rendered":"<p>Bu gec\u0259 imam Rzan\u0131n (\u0259) \u015f\u0259had\u0259t gec\u0259sidir.<\/p>\n<p>\u0130slam.az-\u0131n m\u0259lumat\u0131na g\u00f6r\u0259, hicri q\u0259m\u0259ri tarixi il\u0259 203-ci il S\u0259f\u0259r ay\u0131n\u0131n sonuncu g\u00fcn\u00fcnd\u0259 m\u00fcs\u0259lmanlar\u0131n 8-ci imam\u0131 Abbasi x\u0259lif\u0259si M\u0259mun t\u0259r\u0259find\u0259n z\u0259h\u0259rl\u0259ndirilib v\u0259 \u015f\u0259had\u0259t\u0259 qovu\u015fub. Bu zaman imam\u0131n 55 ya\u015f\u0131 olub.<\/p>\n<p>\u0130mam Rza (\u0259) hicri q\u0259m\u0259ri tarixi il\u0259 148-ci il Zilq\u0259d\u0259 ay\u0131n\u0131n 11-d\u0259 M\u0259din\u0259 \u015f\u0259h\u0259rind\u0259 \u0130mam Museyi Kaz\u0131m\u0131n (\u0259) ail\u0259sind\u0259 d\u00fcnyaya g\u00f6z a\u00e7\u0131b. Bu k\u00f6rp\u0259nin ad\u0131n\u0131 \u04d8li, l\u0259q\u0259bini is\u0259 Rza qoyublar. \u0130mam\u0131n anas\u0131 N\u0259cmiyy\u0259 iman v\u0259 z\u0259ka bax\u0131m\u0131ndan z\u0259man\u0259sinin \u0259n g\u00f6rk\u0259mli qad\u0131nlar\u0131ndan biri say\u0131l\u0131rd\u0131. Atas\u0131 Harunun zindan\u0131nda \u015f\u0259hid olduqdan sonra m\u00fcs\u0259lmanlara imaml\u0131q edib.<\/p>\n<p>\u0130mam Rzan\u0131n (\u0259) m\u00fcq\u0259dd\u0259s m\u0259zar\u0131 M\u0259\u015fh\u0259d \u015f\u0259h\u0259rind\u0259 yerl\u0259\u015fir.<\/p>\n<p><b>\u0130mam Rzan\u0131n (\u0259) \u015f\u0259had\u0259tinin ild\u00f6n\u00fcm\u00fc m\u00fcnasib\u0259til\u0259 \u0130slam.az kollektivi b\u00fct\u00fcn m\u00fcs\u0259lmanlara ba\u015fsa\u011fl\u0131\u011f\u0131 verir!<\/b><\/p>\n","protected":false},"excerpt":{"rendered":"<p>Bu gec\u0259 imam Rzan\u0131n (\u0259) \u015f\u0259had\u0259t gec\u0259sidir. \u0130slam.az-\u0131n m\u0259lumat\u0131na g\u00f6r\u0259, hicri q\u0259m\u0259ri tarixi il\u0259 203-ci il S\u0259f\u0259r ay\u0131n\u0131n sonuncu g\u00fcn\u00fcnd\u0259 m\u00fcs\u0259lmanlar\u0131n 8-ci imam\u0131 Abbasi x\u0259lif\u0259si M\u0259mun t\u0259r\u0259find\u0259n z\u0259h\u0259rl\u0259ndirilib v\u0259 \u015f\u0259had\u0259t\u0259 qovu\u015fub. Bu zaman imam\u0131n 55 ya\u015f\u0131 olub. \u0130mam Rza (\u0259) hicri q\u0259m\u0259ri tarixi il\u0259 148-ci il Zilq\u0259d\u0259 ay\u0131n\u0131n 11-d\u0259 M\u0259din\u0259 \u015f\u0259h\u0259rind\u0259 \u0130mam Museyi Kaz\u0131m\u0131n (\u0259) ail\u0259sind\u0259 d\u00fcnyaya g\u00f6z a\u00e7\u0131b. Bu k\u00f6rp\u0259nin ad\u0131n\u0131 \u04d8li, l\u0259q\u0259bini is\u0259 Rza qoyublar. \u0130mam\u0131n anas\u0131 N\u0259cmiyy\u0259 iman v\u0259 z\u0259ka bax\u0131m\u0131ndan z\u0259man\u0259sinin \u0259n g\u00f6rk\u0259mli qad\u0131nlar\u0131ndan biri say\u0131l\u0131rd\u0131. Atas\u0131 Harunun zindan\u0131nda \u015f\u0259hid olduqdan sonra m\u00fcs\u0259lmanlara imaml\u0131q edib. \u0130mam&hellip;<\/p>\n","protected":false},"author":2,"featured_media":90083,"comment_status":"closed","ping_status":"closed","sticky":false,"template":"","format":"standard","meta":{"om_disable_all_campaigns":false,"_monsterinsights_skip_tracking":false,"_monsterinsights_sitenote_active":false,"_monsterinsights_sitenote_note":"","_monsterinsights_sitenote_category":0},"categories":[1],"tags":[],"aioseo_notices":[],"gutentor_comment":0,"rttpg_featured_image_url":{"full":["https:\/\/arantv.az\/wp-content\/uploads\/2019\/10\/thumb_imam_rza1.jpg",120,74,false],"landscape":["https:\/\/arantv.az\/wp-content\/uploads\/2019\/10\/thumb_imam_rza1.jpg",120,74,false],"portraits":["https:\/\/arantv.az\/wp-content\/uploads\/2019\/10\/thumb_imam_rza1.jpg",120,74,false],"thumbnail":["https:\/\/arantv.az\/wp-content\/uploads\/2019\/10\/thumb_imam_rza1.jpg",120,74,false],"medium":["https:\/\/arantv.az\/wp-content\/uploads\/2019\/10\/thumb_imam_rza1.jpg",120,74,false],"large":["https:\/\/arantv.az\/wp-content\/uploads\/2019\/10\/thumb_imam_rza1.jpg",120,74,false],"1536x1536":["https:\/\/arantv.az\/wp-content\/uploads\/2019\/10\/thumb_imam_rza1.jpg",120,74,false],"2048x2048":["https:\/\/arantv.az\/wp-content\/uploads\/2019\/10\/thumb_imam_rza1.jpg",120,74,false],"post-thumbnail":["https:\/\/arantv.az\/wp-content\/uploads\/2019\/10\/thumb_imam_rza1.jpg",120,74,false],"advps-thumb-one":["https:\/\/arantv.az\/wp-content\/uploads\/2019\/10\/thumb_imam_rza1.jpg",120,74,false]},"rttpg_author":{"display_name":"V\u00fcsal Rafiqo\u011flu","author_link":"https:\/\/arantv.az\/?author=2"},"rttpg_comment":0,"rttpg_category":"<a href=\"https:\/\/arantv.az\/?cat=1\" rel=\"category\">C\u0259miyy\u0259t<\/a>","rttpg_excerpt":"Bu gec\u0259 imam Rzan\u0131n (\u0259) \u015f\u0259had\u0259t gec\u0259sidir. \u0130slam.az-\u0131n m\u0259lumat\u0131na g\u00f6r\u0259, hicri q\u0259m\u0259ri tarixi il\u0259 203-ci il S\u0259f\u0259r ay\u0131n\u0131n sonuncu g\u00fcn\u00fcnd\u0259 m\u00fcs\u0259lmanlar\u0131n 8-ci imam\u0131 Abbasi x\u0259lif\u0259si M\u0259mun t\u0259r\u0259find\u0259n z\u0259h\u0259rl\u0259ndirilib v\u0259 \u015f\u0259had\u0259t\u0259 qovu\u015fub. Bu zaman imam\u0131n 55 ya\u015f\u0131 olub. \u0130mam Rza (\u0259) hicri q\u0259m\u0259ri tarixi il\u0259 148-ci il Zilq\u0259d\u0259 ay\u0131n\u0131n 11-d\u0259 M\u0259din\u0259 \u015f\u0259h\u0259rind\u0259 \u0130mam Museyi Kaz\u0131m\u0131n (\u0259)&hellip;","_links":{"self":[{"href":"https:\/\/arantv.az\/index.php?rest_route=\/wp\/v2\/posts\/90082"}],"collection":[{"href":"https:\/\/arantv.az\/index.php?rest_route=\/wp\/v2\/posts"}],"about":[{"href":"https:\/\/arantv.az\/index.php?rest_route=\/wp\/v2\/types\/post"}],"author":[{"embeddable":true,"href":"https:\/\/arantv.az\/index.php?rest_route=\/wp\/v2\/users\/2"}],"replies":[{"embeddable":true,"href":"https:\/\/arantv.az\/index.php?rest_route=%2Fwp%2Fv2%2Fcomments&post=90082"}],"version-history":[{"count":0,"href":"https:\/\/arantv.az\/index.php?rest_route=\/wp\/v2\/posts\/90082\/revisions"}],"wp:featuredmedia":[{"embeddable":true,"href":"https:\/\/arantv.az\/index.php?rest_route=\/wp\/v2\/media\/90083"}],"wp:attachment":[{"href":"https:\/\/arantv.az\/index.php?rest_route=%2Fwp%2Fv2%2Fmedia&parent=90082"}],"wp:term":[{"taxonomy":"category","embeddable":true,"href":"https:\/\/arantv.az\/index.php?rest_route=%2Fwp%2Fv2%2Fcategories&post=90082"},{"taxonomy":"post_tag","embeddable":true,"href":"https:\/\/arantv.az\/index.php?rest_route=%2Fwp%2Fv2%2Ftags&post=90082"}],"curies":[{"name":"wp","href":"https:\/\/api.w.org\/{rel}","templated":true}]}}