{"id":90086,"date":"2019-10-28T15:35:13","date_gmt":"2019-10-28T12:35:13","guid":{"rendered":"http:\/\/arantv.az\/?p=90086"},"modified":"2019-10-28T15:35:13","modified_gmt":"2019-10-28T12:35:13","slug":"b%c9%99zi-s%c9%99xsl%c9%99r-niy%c9%99-siyahiyaalinmadan-k%c9%99narda-qalib-komit%c9%99-s%c9%99b%c9%99bini-aciqladi","status":"publish","type":"post","link":"https:\/\/arantv.az\/?p=90086","title":{"rendered":"B\u0259zi \u015f\u0259xsl\u0259r niy\u0259 siyah\u0131yaal\u0131nmadan k\u0259narda qal\u0131b? &#8211; Komit\u0259 s\u0259b\u0259bini a\u00e7\u0131qlad\u0131"},"content":{"rendered":"<p>D\u00f6vl\u0259t Statistika Komit\u0259si \u0259halinin siyah\u0131yaal\u0131nmas\u0131 zaman\u0131 b\u0259zi \u015f\u0259xsl\u0259rin bu prosesd\u0259n k\u0259narda qalmas\u0131n\u0131n s\u0259b\u0259bini v\u0259 bununla \u0259laq\u0259dar g\u00f6r\u00fcl\u0259c\u0259k t\u0259dbirl\u0259ri a\u00e7\u0131qlay\u0131b.<\/p>\n<p><strong>ARANTV.AZ<\/strong>\u00a0 x\u0259b\u0259r verir ki, D\u00f6vl\u0259t Statistika Komit\u0259sind\u0259 (DSK) Siyah\u0131yaalma qrupunun r\u0259hb\u0259ri Azad Abbas\u0259liyev\u00a0<a href=\"https:\/\/az.trend.az\/\" target=\"_blank\" rel=\"noopener\">Trend<\/a>-in sor\u011fusuna cavab olaraq bildirib ki, \u00f6lk\u0259nin b\u00fct\u00fcn rayon v\u0259 \u015f\u0259h\u0259rl\u0259rind\u0259 yarad\u0131lm\u0131\u015f \u0259halinin siyah\u0131yaal\u0131nmas\u0131na yard\u0131m komissiyalar\u0131ndan daxil olmu\u015f m\u0259lumatlara g\u00f6r\u0259 \u00f6lk\u0259mizd\u0259 ke\u00e7iril\u0259n \u0259halinin n\u00f6vb\u0259ti siyah\u0131yaal\u0131nmas\u0131 \u0259sas\u0259n ba\u015fa \u00e7at\u0131b.<\/p>\n<p>Onun s\u00f6zl\u0259rin\u0259 g\u00f6r\u0259, d\u00fcnya t\u0259cr\u00fcb\u0259sind\u0259 rast g\u0259lindiyi kimi, \u00f6lk\u0259mizd\u0259 d\u0259 bir s\u0131ra hallarda siyah\u0131yaalman\u0131 bilavasit\u0259 h\u0259yata ke\u00e7ir\u0259n say\u0131c\u0131lar v\u0259t\u0259nda\u015flar\u0131n \u00fcnvanlar\u0131na gets\u0259 d\u0259, ev t\u0259s\u0259rr\u00fcfat\u0131n\u0131n ba\u015f\u00e7\u0131s\u0131 v\u0259 ya \u00fczvl\u0259ri il\u0259 g\u00f6r\u00fc\u015f\u0259 bilm\u0259yibl\u0259r: &#8220;Bel\u0259 olan halda siyah\u0131yaalman\u0131n apar\u0131lmas\u0131 qaydalar\u0131na uy\u011fun olaraq say\u0131c\u0131lar t\u0259r\u0259find\u0259n h\u0259min \u015f\u0259xsl\u0259r \u00fc\u00e7\u00fcn &#8220;Evd\u0259 \u00e7\u0259tin tap\u0131lan \u015f\u0259xsl\u0259r\u0259 m\u0259ktub&#8221; adl\u0131 s\u0259n\u0259d t\u0259rtib edil\u0259r\u0259k ev t\u0259s\u0259rr\u00fcfat\u0131n\u0131n ya\u015fad\u0131\u011f\u0131 \u00fcnvan \u00fczr\u0259 giri\u015f qap\u0131s\u0131na b\u0259rkidilib v\u0259 sor\u011funun ke\u00e7irilm\u0259si \u00fc\u00e7\u00fcn m\u00fcnasib vaxt\u0131n t\u0259yin edilm\u0259si, say\u0131c\u0131 il\u0259 \u0259laq\u0259 saxlan\u0131l\u0131b bu bar\u0259d\u0259 m\u0259lumat verilm\u0259si xahi\u015f edilib. Lakin h\u0259min bildiri\u015fl\u0259rin m\u00fc\u0259yy\u0259n yerl\u0259rd\u0259 qopard\u0131laraq at\u0131lmas\u0131 hallar\u0131na da rast g\u0259linib&#8221;.<\/p>\n<p>A.Abbas\u0259liyev \u0259lav\u0259 edib ki, m\u0259lumatlar\u0131n keyfiyy\u0259tini t\u0259min etm\u0259k \u00fc\u00e7\u00fcn siyahiyaal\u0131nmadan sonrak\u0131 d\u00f6vrd\u0259, y\u0259ni 11-15 oktyabr tarixl\u0259rind\u0259 t\u0259limat\u00e7\u0131-n\u0259zar\u0259t\u00e7i v\u0259 say\u0131c\u0131lar t\u0259r\u0259find\u0259n n\u0259zar\u0259t g\u0259zi\u015fl\u0259ri h\u0259yata ke\u00e7irilib, se\u00e7m\u0259 qaydada say\u0131c\u0131n\u0131n i\u015finin keyfiyy\u0259tinin yoxlan\u0131lmas\u0131 il\u0259 yana\u015f\u0131 evd\u0259 tap\u0131lmayan \u015f\u0259xsl\u0259rin \u00fcnvanlar\u0131na bir daha ba\u015f \u00e7\u0259kilib. Eyni zamanda, m\u00fcxt\u0259lif s\u0259b\u0259bl\u0259rd\u0259n siyah\u0131ya al\u0131nmayan \u015f\u0259xsl\u0259rin D\u00f6vl\u0259t Statistika Komit\u0259sind\u0259 yarad\u0131lm\u0131\u015f &#8220;Qaynar x\u0259tt m\u0259rk\u0259zi&#8221;n\u0259 m\u00fcraci\u0259ti \u0259sas\u0131nda onlar\u0131n siyah\u0131yaal\u0131nmas\u0131 t\u0259min edilir.<\/p>\n<div>\n<div id=\"AdviadNativeVideo0\" class=\"AdviadNativeVideo\"><\/div>\n<\/div>\n<p>DSK r\u0259smisi qeyd edib ki, siyah\u0131yaalman\u0131n keyfiyy\u0259tinin yoxlan\u0131lmas\u0131 zaman\u0131 a\u015fkar olunmu\u015f n\u00f6qsanlar\u0131n aradan qald\u0131r\u0131lmas\u0131, eyni zamanda siyah\u0131yaalma d\u00f6vr\u00fcnd\u0259 m\u00fcxt\u0259lif s\u0259b\u0259bl\u0259rd\u0259n siyah\u0131yaalmadan k\u0259narda qalm\u0131\u015f \u015f\u0259xsl\u0259rin d\u0259 siyah\u0131yaalmaya c\u0259lb edilm\u0259si m\u0259qs\u0259dil\u0259 b\u00fct\u00fcn yerli statistika orqanlar\u0131nda operativ qruplar yarad\u0131l\u0131b. H\u0259min qruplar t\u0259r\u0259find\u0259n bu ilin sonunad\u0259k h\u0259r bir m\u00fcraci\u0259t \u00fczr\u0259 m\u00fcvafiq t\u0259dbirl\u0259rin g\u00f6r\u00fclm\u0259si t\u0259min edil\u0259c\u0259k. Cari ilin sonunad\u0259k \u00f6lk\u0259nin b\u00fct\u00fcn rayon v\u0259 \u015f\u0259h\u0259rl\u0259rind\u0259 t\u0259limat\u00e7\u0131-n\u0259zar\u0259t\u00e7il\u0259r t\u0259r\u0259find\u0259n say\u0131c\u0131lardan siyah\u0131yaalma s\u0259n\u0259dl\u0259rinin q\u0259bul edilm\u0259si, onlar\u0131n yoxlan\u0131lmas\u0131, siyah\u0131yaalma m\u0259nt\u0259q\u0259l\u0259rinin m\u00fcdirl\u0259rin\u0259 t\u0259hvil verilm\u0259si, daha sonra is\u0259 h\u0259min materiallar\u0131n D\u00f6vl\u0259t Statistika Komit\u0259sinin Siyah\u0131yaalma qrupuna t\u0259qdim edilm\u0259si prosesi h\u0259yata ke\u00e7iril\u0259c\u0259k. Yuxar\u0131da qeyd olunan prosesl\u0259r tam ba\u015fa \u00e7atd\u0131qdan sonra &#8211; 2020-ci ilin yanvar ay\u0131ndan etibar\u0259n h\u0259min m\u0259lumatlar\u0131n D\u00f6vl\u0259t Statistika Komit\u0259sind\u0259 x\u00fcsusi yarad\u0131lm\u0131\u015f elektron informasiya sistemin\u0259 daxil edilm\u0259sin\u0259 ba\u015flan\u0131lacaq.<\/p>\n","protected":false},"excerpt":{"rendered":"<p>D\u00f6vl\u0259t Statistika Komit\u0259si \u0259halinin siyah\u0131yaal\u0131nmas\u0131 zaman\u0131 b\u0259zi \u015f\u0259xsl\u0259rin bu prosesd\u0259n k\u0259narda qalmas\u0131n\u0131n s\u0259b\u0259bini v\u0259 bununla \u0259laq\u0259dar g\u00f6r\u00fcl\u0259c\u0259k t\u0259dbirl\u0259ri a\u00e7\u0131qlay\u0131b. ARANTV.AZ\u00a0 x\u0259b\u0259r verir ki, D\u00f6vl\u0259t Statistika Komit\u0259sind\u0259 (DSK) Siyah\u0131yaalma qrupunun r\u0259hb\u0259ri Azad Abbas\u0259liyev\u00a0Trend-in sor\u011fusuna cavab olaraq bildirib ki, \u00f6lk\u0259nin b\u00fct\u00fcn rayon v\u0259 \u015f\u0259h\u0259rl\u0259rind\u0259 yarad\u0131lm\u0131\u015f \u0259halinin siyah\u0131yaal\u0131nmas\u0131na yard\u0131m komissiyalar\u0131ndan daxil olmu\u015f m\u0259lumatlara g\u00f6r\u0259 \u00f6lk\u0259mizd\u0259 ke\u00e7iril\u0259n \u0259halinin n\u00f6vb\u0259ti siyah\u0131yaal\u0131nmas\u0131 \u0259sas\u0259n ba\u015fa \u00e7at\u0131b. Onun s\u00f6zl\u0259rin\u0259 g\u00f6r\u0259, d\u00fcnya t\u0259cr\u00fcb\u0259sind\u0259 rast g\u0259lindiyi kimi, \u00f6lk\u0259mizd\u0259 d\u0259 bir s\u0131ra hallarda siyah\u0131yaalman\u0131 bilavasit\u0259 h\u0259yata ke\u00e7ir\u0259n say\u0131c\u0131lar v\u0259t\u0259nda\u015flar\u0131n \u00fcnvanlar\u0131na gets\u0259 d\u0259, ev t\u0259s\u0259rr\u00fcfat\u0131n\u0131n ba\u015f\u00e7\u0131s\u0131 v\u0259 ya \u00fczvl\u0259ri il\u0259 g\u00f6r\u00fc\u015f\u0259 bilm\u0259yibl\u0259r:&hellip;<\/p>\n","protected":false},"author":2,"featured_media":90087,"comment_status":"closed","ping_status":"closed","sticky":false,"template":"","format":"standard","meta":{"om_disable_all_campaigns":false,"_monsterinsights_skip_tracking":false,"_monsterinsights_sitenote_active":false,"_monsterinsights_sitenote_note":"","_monsterinsights_sitenote_category":0},"categories":[1],"tags":[],"aioseo_notices":[],"gutentor_comment":0,"rttpg_featured_image_url":{"full":["https:\/\/arantv.az\/wp-content\/uploads\/2019\/10\/baki_ehalisi_088-3.jpg",800,600,false],"landscape":["https:\/\/arantv.az\/wp-content\/uploads\/2019\/10\/baki_ehalisi_088-3.jpg",800,600,false],"portraits":["https:\/\/arantv.az\/wp-content\/uploads\/2019\/10\/baki_ehalisi_088-3.jpg",800,600,false],"thumbnail":["https:\/\/arantv.az\/wp-content\/uploads\/2019\/10\/baki_ehalisi_088-3-150x150.jpg",150,150,true],"medium":["https:\/\/arantv.az\/wp-content\/uploads\/2019\/10\/baki_ehalisi_088-3-300x225.jpg",300,225,true],"large":["https:\/\/arantv.az\/wp-content\/uploads\/2019\/10\/baki_ehalisi_088-3.jpg",640,480,false],"1536x1536":["https:\/\/arantv.az\/wp-content\/uploads\/2019\/10\/baki_ehalisi_088-3.jpg",800,600,false],"2048x2048":["https:\/\/arantv.az\/wp-content\/uploads\/2019\/10\/baki_ehalisi_088-3.jpg",800,600,false],"post-thumbnail":["https:\/\/arantv.az\/wp-content\/uploads\/2019\/10\/baki_ehalisi_088-3-240x172.jpg",240,172,true],"advps-thumb-one":["https:\/\/arantv.az\/wp-content\/uploads\/2019\/10\/baki_ehalisi_088-3.jpg",800,600,false]},"rttpg_author":{"display_name":"V\u00fcsal Rafiqo\u011flu","author_link":"https:\/\/arantv.az\/?author=2"},"rttpg_comment":0,"rttpg_category":"<a href=\"https:\/\/arantv.az\/?cat=1\" rel=\"category\">C\u0259miyy\u0259t<\/a>","rttpg_excerpt":"D\u00f6vl\u0259t Statistika Komit\u0259si \u0259halinin siyah\u0131yaal\u0131nmas\u0131 zaman\u0131 b\u0259zi \u015f\u0259xsl\u0259rin bu prosesd\u0259n k\u0259narda qalmas\u0131n\u0131n s\u0259b\u0259bini v\u0259 bununla \u0259laq\u0259dar g\u00f6r\u00fcl\u0259c\u0259k t\u0259dbirl\u0259ri a\u00e7\u0131qlay\u0131b. ARANTV.AZ\u00a0 x\u0259b\u0259r verir ki, D\u00f6vl\u0259t Statistika Komit\u0259sind\u0259 (DSK) Siyah\u0131yaalma qrupunun r\u0259hb\u0259ri Azad Abbas\u0259liyev\u00a0Trend-in sor\u011fusuna cavab olaraq bildirib ki, \u00f6lk\u0259nin b\u00fct\u00fcn rayon v\u0259 \u015f\u0259h\u0259rl\u0259rind\u0259 yarad\u0131lm\u0131\u015f \u0259halinin siyah\u0131yaal\u0131nmas\u0131na yard\u0131m komissiyalar\u0131ndan daxil olmu\u015f m\u0259lumatlara g\u00f6r\u0259 \u00f6lk\u0259mizd\u0259 ke\u00e7iril\u0259n \u0259halinin n\u00f6vb\u0259ti&hellip;","_links":{"self":[{"href":"https:\/\/arantv.az\/index.php?rest_route=\/wp\/v2\/posts\/90086"}],"collection":[{"href":"https:\/\/arantv.az\/index.php?rest_route=\/wp\/v2\/posts"}],"about":[{"href":"https:\/\/arantv.az\/index.php?rest_route=\/wp\/v2\/types\/post"}],"author":[{"embeddable":true,"href":"https:\/\/arantv.az\/index.php?rest_route=\/wp\/v2\/users\/2"}],"replies":[{"embeddable":true,"href":"https:\/\/arantv.az\/index.php?rest_route=%2Fwp%2Fv2%2Fcomments&post=90086"}],"version-history":[{"count":0,"href":"https:\/\/arantv.az\/index.php?rest_route=\/wp\/v2\/posts\/90086\/revisions"}],"wp:featuredmedia":[{"embeddable":true,"href":"https:\/\/arantv.az\/index.php?rest_route=\/wp\/v2\/media\/90087"}],"wp:attachment":[{"href":"https:\/\/arantv.az\/index.php?rest_route=%2Fwp%2Fv2%2Fmedia&parent=90086"}],"wp:term":[{"taxonomy":"category","embeddable":true,"href":"https:\/\/arantv.az\/index.php?rest_route=%2Fwp%2Fv2%2Fcategories&post=90086"},{"taxonomy":"post_tag","embeddable":true,"href":"https:\/\/arantv.az\/index.php?rest_route=%2Fwp%2Fv2%2Ftags&post=90086"}],"curies":[{"name":"wp","href":"https:\/\/api.w.org\/{rel}","templated":true}]}}