{"id":90090,"date":"2019-10-28T15:37:09","date_gmt":"2019-10-28T12:37:09","guid":{"rendered":"http:\/\/arantv.az\/?p=90090"},"modified":"2019-10-28T15:37:09","modified_gmt":"2019-10-28T12:37:09","slug":"20-yasli-baci-yeniyetm%c9%99-qardasini-bicaqladi-ana-polis%c9%99-getdi","status":"publish","type":"post","link":"https:\/\/arantv.az\/?p=90090","title":{"rendered":"20 ya\u015fl\u0131 bac\u0131 yeniyetm\u0259 qarda\u015f\u0131n\u0131 b\u0131\u00e7aqlad\u0131 &#8211; ANA POL\u0130S\u018f GETD\u0130"},"content":{"rendered":"<p>\u015eamax\u0131da g\u0259nc q\u0131z qarda\u015f\u0131n\u0131 b\u0131\u00e7aqlay\u0131b.<\/p>\n<p><b>ARANTV.AZ\u00a0<\/b> x\u0259b\u0259r verir ki, hadis\u0259 rayonun Saqiyan k\u0259nd \u0259razisind\u0259 ba\u015f verib.<\/p>\n<p>Bel\u0259 ki, 1999-cu il t\u0259v\u0259ll\u00fcdl\u00fc G.A (ad-soyad \u015f\u0259rtidir) qarda\u015f\u0131, 2003-c\u00fc il t\u0259v\u0259ll\u00fcdl\u00fc A.A-n\u0131 b\u0131\u00e7aqlay\u0131b.<\/p>\n<p>Bu bar\u0259d\u0259 onlar\u0131n analar\u0131 S.A \u015eamax\u0131 Rayon Polis \u015e\u00f6b\u0259sin\u0259 (RP\u015e) \u0259riz\u0259 il\u0259 m\u00fcraci\u0259t edib.<\/p>\n<p>Daha sonra G.A. da \u015eamax\u0131 RP\u015e-y\u0259 m\u00fcraci\u0259t ed\u0259r\u0259k bildirib ki, qarda\u015f\u0131 A.A ona b\u0131\u00e7aqla x\u0259sar\u0259t yetirib.<\/p>\n<p>Faktla ba\u011fl\u0131 ara\u015fd\u0131rma apar\u0131rl\u0131r.Sonxeber.az<\/p>\n","protected":false},"excerpt":{"rendered":"<p>\u015eamax\u0131da g\u0259nc q\u0131z qarda\u015f\u0131n\u0131 b\u0131\u00e7aqlay\u0131b. ARANTV.AZ\u00a0 x\u0259b\u0259r verir ki, hadis\u0259 rayonun Saqiyan k\u0259nd \u0259razisind\u0259 ba\u015f verib. Bel\u0259 ki, 1999-cu il t\u0259v\u0259ll\u00fcdl\u00fc G.A (ad-soyad \u015f\u0259rtidir) qarda\u015f\u0131, 2003-c\u00fc il t\u0259v\u0259ll\u00fcdl\u00fc A.A-n\u0131 b\u0131\u00e7aqlay\u0131b. Bu bar\u0259d\u0259 onlar\u0131n analar\u0131 S.A \u015eamax\u0131 Rayon Polis \u015e\u00f6b\u0259sin\u0259 (RP\u015e) \u0259riz\u0259 il\u0259 m\u00fcraci\u0259t edib. Daha sonra G.A. da \u015eamax\u0131 RP\u015e-y\u0259 m\u00fcraci\u0259t ed\u0259r\u0259k bildirib ki, qarda\u015f\u0131 A.A ona b\u0131\u00e7aqla x\u0259sar\u0259t yetirib. Faktla ba\u011fl\u0131 ara\u015fd\u0131rma apar\u0131rl\u0131r.Sonxeber.az<\/p>\n","protected":false},"author":2,"featured_media":90091,"comment_status":"closed","ping_status":"closed","sticky":false,"template":"","format":"standard","meta":{"om_disable_all_campaigns":false,"_monsterinsights_skip_tracking":false,"_monsterinsights_sitenote_active":false,"_monsterinsights_sitenote_note":"","_monsterinsights_sitenote_category":0},"categories":[3],"tags":[],"aioseo_notices":[],"gutentor_comment":0,"rttpg_featured_image_url":{"full":["https:\/\/arantv.az\/wp-content\/uploads\/2019\/10\/1572265871.2019-09-24-10-47-00h9atsiyvmxfsd40fgdmf_file.jpeg.jpg",549,366,false],"landscape":["https:\/\/arantv.az\/wp-content\/uploads\/2019\/10\/1572265871.2019-09-24-10-47-00h9atsiyvmxfsd40fgdmf_file.jpeg.jpg",549,366,false],"portraits":["https:\/\/arantv.az\/wp-content\/uploads\/2019\/10\/1572265871.2019-09-24-10-47-00h9atsiyvmxfsd40fgdmf_file.jpeg.jpg",549,366,false],"thumbnail":["https:\/\/arantv.az\/wp-content\/uploads\/2019\/10\/1572265871.2019-09-24-10-47-00h9atsiyvmxfsd40fgdmf_file.jpeg-150x150.jpg",150,150,true],"medium":["https:\/\/arantv.az\/wp-content\/uploads\/2019\/10\/1572265871.2019-09-24-10-47-00h9atsiyvmxfsd40fgdmf_file.jpeg-300x200.jpg",300,200,true],"large":["https:\/\/arantv.az\/wp-content\/uploads\/2019\/10\/1572265871.2019-09-24-10-47-00h9atsiyvmxfsd40fgdmf_file.jpeg.jpg",549,366,false],"1536x1536":["https:\/\/arantv.az\/wp-content\/uploads\/2019\/10\/1572265871.2019-09-24-10-47-00h9atsiyvmxfsd40fgdmf_file.jpeg.jpg",549,366,false],"2048x2048":["https:\/\/arantv.az\/wp-content\/uploads\/2019\/10\/1572265871.2019-09-24-10-47-00h9atsiyvmxfsd40fgdmf_file.jpeg.jpg",549,366,false],"post-thumbnail":["https:\/\/arantv.az\/wp-content\/uploads\/2019\/10\/1572265871.2019-09-24-10-47-00h9atsiyvmxfsd40fgdmf_file.jpeg-240x172.jpg",240,172,true],"advps-thumb-one":["https:\/\/arantv.az\/wp-content\/uploads\/2019\/10\/1572265871.2019-09-24-10-47-00h9atsiyvmxfsd40fgdmf_file.jpeg.jpg",549,366,false]},"rttpg_author":{"display_name":"V\u00fcsal Rafiqo\u011flu","author_link":"https:\/\/arantv.az\/?author=2"},"rttpg_comment":0,"rttpg_category":"<a href=\"https:\/\/arantv.az\/?cat=3\" rel=\"category\">Kriminal<\/a>","rttpg_excerpt":"\u015eamax\u0131da g\u0259nc q\u0131z qarda\u015f\u0131n\u0131 b\u0131\u00e7aqlay\u0131b. ARANTV.AZ\u00a0 x\u0259b\u0259r verir ki, hadis\u0259 rayonun Saqiyan k\u0259nd \u0259razisind\u0259 ba\u015f verib. Bel\u0259 ki, 1999-cu il t\u0259v\u0259ll\u00fcdl\u00fc G.A (ad-soyad \u015f\u0259rtidir) qarda\u015f\u0131, 2003-c\u00fc il t\u0259v\u0259ll\u00fcdl\u00fc A.A-n\u0131 b\u0131\u00e7aqlay\u0131b. Bu bar\u0259d\u0259 onlar\u0131n analar\u0131 S.A \u015eamax\u0131 Rayon Polis \u015e\u00f6b\u0259sin\u0259 (RP\u015e) \u0259riz\u0259 il\u0259 m\u00fcraci\u0259t edib. Daha sonra G.A. da \u015eamax\u0131 RP\u015e-y\u0259 m\u00fcraci\u0259t ed\u0259r\u0259k bildirib ki, qarda\u015f\u0131&hellip;","_links":{"self":[{"href":"https:\/\/arantv.az\/index.php?rest_route=\/wp\/v2\/posts\/90090"}],"collection":[{"href":"https:\/\/arantv.az\/index.php?rest_route=\/wp\/v2\/posts"}],"about":[{"href":"https:\/\/arantv.az\/index.php?rest_route=\/wp\/v2\/types\/post"}],"author":[{"embeddable":true,"href":"https:\/\/arantv.az\/index.php?rest_route=\/wp\/v2\/users\/2"}],"replies":[{"embeddable":true,"href":"https:\/\/arantv.az\/index.php?rest_route=%2Fwp%2Fv2%2Fcomments&post=90090"}],"version-history":[{"count":0,"href":"https:\/\/arantv.az\/index.php?rest_route=\/wp\/v2\/posts\/90090\/revisions"}],"wp:featuredmedia":[{"embeddable":true,"href":"https:\/\/arantv.az\/index.php?rest_route=\/wp\/v2\/media\/90091"}],"wp:attachment":[{"href":"https:\/\/arantv.az\/index.php?rest_route=%2Fwp%2Fv2%2Fmedia&parent=90090"}],"wp:term":[{"taxonomy":"category","embeddable":true,"href":"https:\/\/arantv.az\/index.php?rest_route=%2Fwp%2Fv2%2Fcategories&post=90090"},{"taxonomy":"post_tag","embeddable":true,"href":"https:\/\/arantv.az\/index.php?rest_route=%2Fwp%2Fv2%2Ftags&post=90090"}],"curies":[{"name":"wp","href":"https:\/\/api.w.org\/{rel}","templated":true}]}}