{"id":90121,"date":"2019-10-28T16:13:58","date_gmt":"2019-10-28T13:13:58","guid":{"rendered":"http:\/\/arantv.az\/?p=90121"},"modified":"2019-10-28T16:13:58","modified_gmt":"2019-10-28T13:13:58","slug":"v%c9%99ndam-k%c9%99ndind%c9%99-van-damma-heyk%c9%99l-qoyuldu-foto","status":"publish","type":"post","link":"https:\/\/arantv.az\/?p=90121","title":{"rendered":"V\u0259ndam k\u0259ndind\u0259 Van Damma heyk\u0259l qoyuldu &#8211; FOTO"},"content":{"rendered":"<p>Q\u0259b\u0259l\u0259 rayonunun V\u0259ndam k\u0259ndind\u0259 m\u0259\u015fhur aktyor Jan Klod Van Damma abid\u0259 qoyulub.<\/p>\n<p><b>ARANTV.AZ\u00a0<\/b>\u00a0x\u0259b\u0259r verir ki, bu bar\u0259d\u0259 jurnalist \u015eakir Eminb\u0259yli \u00f6z &#8220;Facebook&#8221; s\u0259hif\u0259sind\u0259 status payla\u015f\u0131b.<\/p>\n<p>O, bildirib ki, abid\u0259nin m\u00fc\u0259llifi m\u0259\u015fhur heyk\u0259ltara\u015f Azad \u018fliyevdir.<\/p>\n<p>Qeyd ed\u0259k ki, bel\u00e7ika \u0259silli amerikal\u0131 aktyor, rejissor, ssenarist v\u0259 idman\u00e7\u0131 Jan Klod Van Damm karate v\u0259 kikboksinql\u0259 pe\u015f\u0259kar m\u0259\u015f\u011ful olub, bundan \u0259lav\u0259, bir s\u0131ra d\u00f6y\u00fc\u015f filml\u0259rin\u0259 \u00e7\u0259kilib.Sonxeber.az<\/p>\n","protected":false},"excerpt":{"rendered":"<p>Q\u0259b\u0259l\u0259 rayonunun V\u0259ndam k\u0259ndind\u0259 m\u0259\u015fhur aktyor Jan Klod Van Damma abid\u0259 qoyulub. ARANTV.AZ\u00a0\u00a0x\u0259b\u0259r verir ki, bu bar\u0259d\u0259 jurnalist \u015eakir Eminb\u0259yli \u00f6z &#8220;Facebook&#8221; s\u0259hif\u0259sind\u0259 status payla\u015f\u0131b. O, bildirib ki, abid\u0259nin m\u00fc\u0259llifi m\u0259\u015fhur heyk\u0259ltara\u015f Azad \u018fliyevdir. Qeyd ed\u0259k ki, bel\u00e7ika \u0259silli amerikal\u0131 aktyor, rejissor, ssenarist v\u0259 idman\u00e7\u0131 Jan Klod Van Damm karate v\u0259 kikboksinql\u0259 pe\u015f\u0259kar m\u0259\u015f\u011ful olub, bundan \u0259lav\u0259, bir s\u0131ra d\u00f6y\u00fc\u015f filml\u0259rin\u0259 \u00e7\u0259kilib.Sonxeber.az<\/p>\n","protected":false},"author":2,"featured_media":90122,"comment_status":"closed","ping_status":"closed","sticky":false,"template":"","format":"standard","meta":{"om_disable_all_campaigns":false,"_monsterinsights_skip_tracking":false,"_monsterinsights_sitenote_active":false,"_monsterinsights_sitenote_note":"","_monsterinsights_sitenote_category":0},"categories":[1],"tags":[],"aioseo_notices":[],"gutentor_comment":0,"rttpg_featured_image_url":{"full":["https:\/\/arantv.az\/wp-content\/uploads\/2019\/10\/1572267494_73255363_3405703532788036_641411743129534464_n.jpg",549,412,false],"landscape":["https:\/\/arantv.az\/wp-content\/uploads\/2019\/10\/1572267494_73255363_3405703532788036_641411743129534464_n.jpg",549,412,false],"portraits":["https:\/\/arantv.az\/wp-content\/uploads\/2019\/10\/1572267494_73255363_3405703532788036_641411743129534464_n.jpg",549,412,false],"thumbnail":["https:\/\/arantv.az\/wp-content\/uploads\/2019\/10\/1572267494_73255363_3405703532788036_641411743129534464_n-150x150.jpg",150,150,true],"medium":["https:\/\/arantv.az\/wp-content\/uploads\/2019\/10\/1572267494_73255363_3405703532788036_641411743129534464_n-300x225.jpg",300,225,true],"large":["https:\/\/arantv.az\/wp-content\/uploads\/2019\/10\/1572267494_73255363_3405703532788036_641411743129534464_n.jpg",549,412,false],"1536x1536":["https:\/\/arantv.az\/wp-content\/uploads\/2019\/10\/1572267494_73255363_3405703532788036_641411743129534464_n.jpg",549,412,false],"2048x2048":["https:\/\/arantv.az\/wp-content\/uploads\/2019\/10\/1572267494_73255363_3405703532788036_641411743129534464_n.jpg",549,412,false],"post-thumbnail":["https:\/\/arantv.az\/wp-content\/uploads\/2019\/10\/1572267494_73255363_3405703532788036_641411743129534464_n-240x172.jpg",240,172,true],"advps-thumb-one":["https:\/\/arantv.az\/wp-content\/uploads\/2019\/10\/1572267494_73255363_3405703532788036_641411743129534464_n.jpg",549,412,false]},"rttpg_author":{"display_name":"V\u00fcsal Rafiqo\u011flu","author_link":"https:\/\/arantv.az\/?author=2"},"rttpg_comment":0,"rttpg_category":"<a href=\"https:\/\/arantv.az\/?cat=1\" rel=\"category\">C\u0259miyy\u0259t<\/a>","rttpg_excerpt":"Q\u0259b\u0259l\u0259 rayonunun V\u0259ndam k\u0259ndind\u0259 m\u0259\u015fhur aktyor Jan Klod Van Damma abid\u0259 qoyulub. ARANTV.AZ\u00a0\u00a0x\u0259b\u0259r verir ki, bu bar\u0259d\u0259 jurnalist \u015eakir Eminb\u0259yli \u00f6z &#8220;Facebook&#8221; s\u0259hif\u0259sind\u0259 status payla\u015f\u0131b. O, bildirib ki, abid\u0259nin m\u00fc\u0259llifi m\u0259\u015fhur heyk\u0259ltara\u015f Azad \u018fliyevdir. Qeyd ed\u0259k ki, bel\u00e7ika \u0259silli amerikal\u0131 aktyor, rejissor, ssenarist v\u0259 idman\u00e7\u0131 Jan Klod Van Damm karate v\u0259 kikboksinql\u0259 pe\u015f\u0259kar m\u0259\u015f\u011ful olub,&hellip;","_links":{"self":[{"href":"https:\/\/arantv.az\/index.php?rest_route=\/wp\/v2\/posts\/90121"}],"collection":[{"href":"https:\/\/arantv.az\/index.php?rest_route=\/wp\/v2\/posts"}],"about":[{"href":"https:\/\/arantv.az\/index.php?rest_route=\/wp\/v2\/types\/post"}],"author":[{"embeddable":true,"href":"https:\/\/arantv.az\/index.php?rest_route=\/wp\/v2\/users\/2"}],"replies":[{"embeddable":true,"href":"https:\/\/arantv.az\/index.php?rest_route=%2Fwp%2Fv2%2Fcomments&post=90121"}],"version-history":[{"count":0,"href":"https:\/\/arantv.az\/index.php?rest_route=\/wp\/v2\/posts\/90121\/revisions"}],"wp:featuredmedia":[{"embeddable":true,"href":"https:\/\/arantv.az\/index.php?rest_route=\/wp\/v2\/media\/90122"}],"wp:attachment":[{"href":"https:\/\/arantv.az\/index.php?rest_route=%2Fwp%2Fv2%2Fmedia&parent=90121"}],"wp:term":[{"taxonomy":"category","embeddable":true,"href":"https:\/\/arantv.az\/index.php?rest_route=%2Fwp%2Fv2%2Fcategories&post=90121"},{"taxonomy":"post_tag","embeddable":true,"href":"https:\/\/arantv.az\/index.php?rest_route=%2Fwp%2Fv2%2Ftags&post=90121"}],"curies":[{"name":"wp","href":"https:\/\/api.w.org\/{rel}","templated":true}]}}