{"id":90137,"date":"2019-10-28T16:30:14","date_gmt":"2019-10-28T13:30:14","guid":{"rendered":"http:\/\/arantv.az\/?p=90137"},"modified":"2019-10-28T16:30:14","modified_gmt":"2019-10-28T13:30:14","slug":"gurcustan-prezidentinin-saytina-hucum-saakasvilinin-fotosu-fonunda-m%c9%99n-qayidacam-yazildi","status":"publish","type":"post","link":"https:\/\/arantv.az\/?p=90137","title":{"rendered":"G\u00fcrc\u00fcstan Prezidentinin sayt\u0131na h\u00fccum &#8211; Saaka\u015fvilinin fotosu fonunda &#8220;M\u0259n qay\u0131dacam&#8221; yaz\u0131ld\u0131"},"content":{"rendered":"<p><strong>Nam\u0259lum \u015f\u0259xsl\u0259r t\u0259r\u0259find\u0259n G\u00fcrc\u00fcstan Prezidenti Salome Zurabi\u015fvilinin r\u0259smi internet sayt\u0131na h\u00fccum olub.<\/strong><\/p>\n<p><strong>ARANTV.AZ<\/strong>\u00a0<a href=\"https:\/\/az.trend.az\/\" target=\"_blank\" rel=\"noopener\">Trend<\/a>-\u0259 istinad\u0259n x\u0259b\u0259r verir ki, saytda G\u00fcrc\u00fcstan\u0131n ke\u00e7mi\u015f Prezidenti Mixail Saaka\u015fvilinin fotosu peyda olub. Fotonun fonunda is\u0259 &#8220;M\u0259n qay\u0131dacam&#8221; yaz\u0131l\u0131b. H\u00fccum s\u0259b\u0259bind\u0259n sayt\u0131n f\u0259aliyy\u0259ti dayand\u0131r\u0131l\u0131b.<\/p>\n<p>S.Zurabi\u015fvilinin K\u0130V-l\u0259rl\u0259 i\u015f \u00fczr\u0259 k\u00f6m\u0259k\u00e7isi bildirb ki, haz\u0131rda fakt ara\u015fd\u0131r\u0131l\u0131r: &#8220;M\u0259s\u0259l\u0259nin ara\u015fd\u0131r\u0131lmas\u0131na T\u0259hl\u00fck\u0259sizlik Xidm\u0259ti d\u0259 c\u0259lb olunub. \u00c7ox g\u00fcman ki, bu, haker h\u00fccumudur. Yax\u0131n 1 saat \u0259rzind\u0259 h\u0259r \u015fey ayd\u0131n olacaq v\u0259 problem q\u0131sa zamanda h\u0259ll olunacaq&#8221;.<\/p>\n<p>Qeyd ed\u0259k ki, G\u00fcrc\u00fcstan Prezidentinin r\u0259smi sayt\u0131 h\u0259l\u0259 d\u0259 i\u015fl\u0259mir.<\/p>\n","protected":false},"excerpt":{"rendered":"<p>Nam\u0259lum \u015f\u0259xsl\u0259r t\u0259r\u0259find\u0259n G\u00fcrc\u00fcstan Prezidenti Salome Zurabi\u015fvilinin r\u0259smi internet sayt\u0131na h\u00fccum olub. ARANTV.AZ\u00a0Trend-\u0259 istinad\u0259n x\u0259b\u0259r verir ki, saytda G\u00fcrc\u00fcstan\u0131n ke\u00e7mi\u015f Prezidenti Mixail Saaka\u015fvilinin fotosu peyda olub. Fotonun fonunda is\u0259 &#8220;M\u0259n qay\u0131dacam&#8221; yaz\u0131l\u0131b. H\u00fccum s\u0259b\u0259bind\u0259n sayt\u0131n f\u0259aliyy\u0259ti dayand\u0131r\u0131l\u0131b. S.Zurabi\u015fvilinin K\u0130V-l\u0259rl\u0259 i\u015f \u00fczr\u0259 k\u00f6m\u0259k\u00e7isi bildirb ki, haz\u0131rda fakt ara\u015fd\u0131r\u0131l\u0131r: &#8220;M\u0259s\u0259l\u0259nin ara\u015fd\u0131r\u0131lmas\u0131na T\u0259hl\u00fck\u0259sizlik Xidm\u0259ti d\u0259 c\u0259lb olunub. \u00c7ox g\u00fcman ki, bu, haker h\u00fccumudur. Yax\u0131n 1 saat \u0259rzind\u0259 h\u0259r \u015fey ayd\u0131n olacaq v\u0259 problem q\u0131sa zamanda h\u0259ll olunacaq&#8221;. Qeyd ed\u0259k ki, G\u00fcrc\u00fcstan Prezidentinin r\u0259smi sayt\u0131 h\u0259l\u0259 d\u0259 i\u015fl\u0259mir.<\/p>\n","protected":false},"author":2,"featured_media":90138,"comment_status":"closed","ping_status":"closed","sticky":false,"template":"","format":"standard","meta":{"om_disable_all_campaigns":false,"_monsterinsights_skip_tracking":false,"_monsterinsights_sitenote_active":false,"_monsterinsights_sitenote_note":"","_monsterinsights_sitenote_category":0},"categories":[7],"tags":[],"aioseo_notices":[],"gutentor_comment":0,"rttpg_featured_image_url":{"full":["https:\/\/arantv.az\/wp-content\/uploads\/2019\/10\/797769.jpg",800,600,false],"landscape":["https:\/\/arantv.az\/wp-content\/uploads\/2019\/10\/797769.jpg",800,600,false],"portraits":["https:\/\/arantv.az\/wp-content\/uploads\/2019\/10\/797769.jpg",800,600,false],"thumbnail":["https:\/\/arantv.az\/wp-content\/uploads\/2019\/10\/797769-150x150.jpg",150,150,true],"medium":["https:\/\/arantv.az\/wp-content\/uploads\/2019\/10\/797769-300x225.jpg",300,225,true],"large":["https:\/\/arantv.az\/wp-content\/uploads\/2019\/10\/797769.jpg",640,480,false],"1536x1536":["https:\/\/arantv.az\/wp-content\/uploads\/2019\/10\/797769.jpg",800,600,false],"2048x2048":["https:\/\/arantv.az\/wp-content\/uploads\/2019\/10\/797769.jpg",800,600,false],"post-thumbnail":["https:\/\/arantv.az\/wp-content\/uploads\/2019\/10\/797769-240x172.jpg",240,172,true],"advps-thumb-one":["https:\/\/arantv.az\/wp-content\/uploads\/2019\/10\/797769.jpg",800,600,false]},"rttpg_author":{"display_name":"V\u00fcsal Rafiqo\u011flu","author_link":"https:\/\/arantv.az\/?author=2"},"rttpg_comment":0,"rttpg_category":"<a href=\"https:\/\/arantv.az\/?cat=7\" rel=\"category\">D\u00fcnya<\/a>","rttpg_excerpt":"Nam\u0259lum \u015f\u0259xsl\u0259r t\u0259r\u0259find\u0259n G\u00fcrc\u00fcstan Prezidenti Salome Zurabi\u015fvilinin r\u0259smi internet sayt\u0131na h\u00fccum olub. ARANTV.AZ\u00a0Trend-\u0259 istinad\u0259n x\u0259b\u0259r verir ki, saytda G\u00fcrc\u00fcstan\u0131n ke\u00e7mi\u015f Prezidenti Mixail Saaka\u015fvilinin fotosu peyda olub. Fotonun fonunda is\u0259 &#8220;M\u0259n qay\u0131dacam&#8221; yaz\u0131l\u0131b. H\u00fccum s\u0259b\u0259bind\u0259n sayt\u0131n f\u0259aliyy\u0259ti dayand\u0131r\u0131l\u0131b. S.Zurabi\u015fvilinin K\u0130V-l\u0259rl\u0259 i\u015f \u00fczr\u0259 k\u00f6m\u0259k\u00e7isi bildirb ki, haz\u0131rda fakt ara\u015fd\u0131r\u0131l\u0131r: &#8220;M\u0259s\u0259l\u0259nin ara\u015fd\u0131r\u0131lmas\u0131na T\u0259hl\u00fck\u0259sizlik Xidm\u0259ti d\u0259 c\u0259lb olunub. \u00c7ox&hellip;","_links":{"self":[{"href":"https:\/\/arantv.az\/index.php?rest_route=\/wp\/v2\/posts\/90137"}],"collection":[{"href":"https:\/\/arantv.az\/index.php?rest_route=\/wp\/v2\/posts"}],"about":[{"href":"https:\/\/arantv.az\/index.php?rest_route=\/wp\/v2\/types\/post"}],"author":[{"embeddable":true,"href":"https:\/\/arantv.az\/index.php?rest_route=\/wp\/v2\/users\/2"}],"replies":[{"embeddable":true,"href":"https:\/\/arantv.az\/index.php?rest_route=%2Fwp%2Fv2%2Fcomments&post=90137"}],"version-history":[{"count":0,"href":"https:\/\/arantv.az\/index.php?rest_route=\/wp\/v2\/posts\/90137\/revisions"}],"wp:featuredmedia":[{"embeddable":true,"href":"https:\/\/arantv.az\/index.php?rest_route=\/wp\/v2\/media\/90138"}],"wp:attachment":[{"href":"https:\/\/arantv.az\/index.php?rest_route=%2Fwp%2Fv2%2Fmedia&parent=90137"}],"wp:term":[{"taxonomy":"category","embeddable":true,"href":"https:\/\/arantv.az\/index.php?rest_route=%2Fwp%2Fv2%2Fcategories&post=90137"},{"taxonomy":"post_tag","embeddable":true,"href":"https:\/\/arantv.az\/index.php?rest_route=%2Fwp%2Fv2%2Ftags&post=90137"}],"curies":[{"name":"wp","href":"https:\/\/api.w.org\/{rel}","templated":true}]}}