{"id":90238,"date":"2019-10-29T09:13:30","date_gmt":"2019-10-29T06:13:30","guid":{"rendered":"http:\/\/arantv.az\/?p=90238"},"modified":"2019-10-29T09:13:30","modified_gmt":"2019-10-29T06:13:30","slug":"yuri-bocarov-az%c9%99rbaycanin-iqtisadi-siyas%c9%99ti-xususi-horm%c9%99t%c9%99-v%c9%99-raziliga-layiqdir","status":"publish","type":"post","link":"https:\/\/arantv.az\/?p=90238","title":{"rendered":"Yuri Bo\u00e7arov: &#8220;Az\u0259rbaycan\u0131n iqtisadi siyas\u0259ti x\u00fcsusi h\u00f6rm\u0259t\u0259 v\u0259 raz\u0131l\u0131\u011fa layiqdir&#8221;"},"content":{"rendered":"<blockquote><p><em><strong>Az\u0259rbaycan Prezidentinin r\u0259hb\u0259rliyi alt\u0131nda ke\u00e7iril\u0259n d\u00f6vl\u0259t iqtisadi siyas\u0259ti x\u00fcsusi h\u00f6rm\u0259t\u0259 v\u0259 raz\u0131l\u0131\u011fa layiqdir.<\/strong><\/em><\/p><\/blockquote>\n<p><strong>ARANTV.AZ<\/strong> bildirir ki, bunu\u00a0<a href=\"http:\/\/az.trend.az\/\" target=\"_blank\" rel=\"noopener\">Trend<\/a>-\u0259\u00a0israilli ekspert Yuri Bo\u00e7arov deyib.<\/p>\n<p>O bildirib ki, Yerevan\u0131n Bak\u0131ya qar\u015f\u0131 apard\u0131\u011f\u0131 elan olunmam\u0131\u015f m\u00fcharib\u0259 \u015f\u0259raitind\u0259 Az\u0259rbaycan yax\u015f\u0131 iqtisadi g\u00f6st\u0259ricil\u0259r n\u00fcmayi\u015f etdirir:<\/p>\n<p>&#8220;Bu c\u00fcr m\u00fcr\u0259kk\u0259b v\u0259ziyy\u0259td\u0259 olmaqla, Az\u0259rbaycan iqtisadiyyat\u0131n m\u00fcxt\u0259lif sah\u0259l\u0259rind\u0259 m\u00fch\u00fcm u\u011furlara nail olub. Fikrimc\u0259, h\u00f6kum\u0259t orqanlar\u0131nda ba\u015f vermi\u015f kadr d\u0259yi\u015fiklikl\u0259ri, el\u0259c\u0259 d\u0259 d\u00f6vl\u0259t ba\u015f\u00e7\u0131s\u0131 v\u0259 m\u00fcvafiq strukturlar s\u0259viyy\u0259sind\u0259 ke\u00e7iril\u0259n iqtisadi islahatlar do\u011fru zamanda at\u0131lm\u0131\u015f vacib add\u0131mlard\u0131r. Hesab edir\u0259m ki, bu c\u00fcr ciddi add\u0131mlar cari v\u0259ziyy\u0259tin d\u0259rin t\u0259hlili n\u0259tic\u0259sind\u0259 at\u0131l\u0131r. D\u00fc\u015f\u00fcn\u00fcr\u0259m ki, k\u00f6hn\u0259 sistemin yeni il\u0259 d\u0259yi\u015fdirilm\u0259si il\u0259 ba\u011fl\u0131 q\u0259bul edil\u0259n q\u0259rarlar iqtisadi inki\u015faf\u0131n indiki m\u0259rh\u0259l\u0259sind\u0259 t\u0259l\u0259batla \u0259laq\u0259dard\u0131r&#8221;.<\/p>\n<p>Ekspert d\u00f6vl\u0259t ba\u015f\u00e7\u0131s\u0131n\u0131n Vergil\u0259r Nazirliyinin \u0130qtisadiyyat Nazirliyinin strukturuna daxil edilm\u0259si bar\u0259d\u0259 q\u0259rar\u0131n\u0131 Az\u0259rbaycan\u0131n d\u00f6vl\u0259t siyas\u0259tin\u0259 \u0259saslanan d\u00fc\u015f\u00fcn\u00fclm\u00fc\u015f add\u0131m kimi d\u0259y\u0259rl\u0259ndirib:<\/p>\n<p>&#8220;D\u0259yi\u015fiklikl\u0259r h\u0259r zaman m\u00fcsb\u0259t n\u0259tic\u0259l\u0259r\u0259 g\u0259tirib \u00e7\u0131xar\u0131r, bu is\u0259 o dem\u0259kdir ki, Az\u0259rbaycan do\u011fru yoldad\u0131r&#8221;.<\/p>\n<p>Y.Bo\u00e7arov d\u00f6vl\u0259tin qeyri-neft sektorunun inki\u015faf\u0131na y\u00f6n\u0259lmi\u015f iqtisadi inki\u015faf modelinin m\u00fch\u00fcml\u00fcy\u00fcn\u00fc vur\u011fulay\u0131b:<\/p>\n<p>&#8220;D\u00f6vl\u0259t ba\u015f\u00e7\u0131s\u0131n\u0131n milli iqtisadiyyat\u0131n neftd\u0259n as\u0131l\u0131l\u0131\u011f\u0131n\u0131n azald\u0131lmas\u0131 bar\u0259d\u0259 q\u0259rar\u0131, el\u0259c\u0259 d\u0259 qeyri-neft sektorunun prioritet sah\u0259l\u0259rinin inki\u015faf\u0131na y\u00f6n\u0259lmi\u015f m\u0259qs\u0259dy\u00f6nl\u00fc add\u0131mlar \u00f6lk\u0259nin d\u00fc\u015f\u00fcn\u00fclm\u00fc\u015f daxili siyas\u0259tinin oldu\u011funu g\u00f6st\u0259rir. Fikrimc\u0259, bu c\u00fcr d\u0259yi\u015fiklikl\u0259rin realla\u015fd\u0131r\u0131lmas\u0131 n\u0259tic\u0259sind\u0259 Az\u0259rbaycan birm\u0259nal\u0131 \u015f\u0259kild\u0259 qazanacaq&#8221;.<\/p>\n","protected":false},"excerpt":{"rendered":"<p>Az\u0259rbaycan Prezidentinin r\u0259hb\u0259rliyi alt\u0131nda ke\u00e7iril\u0259n d\u00f6vl\u0259t iqtisadi siyas\u0259ti x\u00fcsusi h\u00f6rm\u0259t\u0259 v\u0259 raz\u0131l\u0131\u011fa layiqdir. ARANTV.AZ bildirir ki, bunu\u00a0Trend-\u0259\u00a0israilli ekspert Yuri Bo\u00e7arov deyib. O bildirib ki, Yerevan\u0131n Bak\u0131ya qar\u015f\u0131 apard\u0131\u011f\u0131 elan olunmam\u0131\u015f m\u00fcharib\u0259 \u015f\u0259raitind\u0259 Az\u0259rbaycan yax\u015f\u0131 iqtisadi g\u00f6st\u0259ricil\u0259r n\u00fcmayi\u015f etdirir: &#8220;Bu c\u00fcr m\u00fcr\u0259kk\u0259b v\u0259ziyy\u0259td\u0259 olmaqla, Az\u0259rbaycan iqtisadiyyat\u0131n m\u00fcxt\u0259lif sah\u0259l\u0259rind\u0259 m\u00fch\u00fcm u\u011furlara nail olub. Fikrimc\u0259, h\u00f6kum\u0259t orqanlar\u0131nda ba\u015f vermi\u015f kadr d\u0259yi\u015fiklikl\u0259ri, el\u0259c\u0259 d\u0259 d\u00f6vl\u0259t ba\u015f\u00e7\u0131s\u0131 v\u0259 m\u00fcvafiq strukturlar s\u0259viyy\u0259sind\u0259 ke\u00e7iril\u0259n iqtisadi islahatlar do\u011fru zamanda at\u0131lm\u0131\u015f vacib add\u0131mlard\u0131r. Hesab edir\u0259m ki, bu c\u00fcr ciddi add\u0131mlar cari v\u0259ziyy\u0259tin d\u0259rin t\u0259hlili n\u0259tic\u0259sind\u0259 at\u0131l\u0131r. D\u00fc\u015f\u00fcn\u00fcr\u0259m ki, k\u00f6hn\u0259&hellip;<\/p>\n","protected":false},"author":2,"featured_media":90239,"comment_status":"closed","ping_status":"closed","sticky":false,"template":"","format":"standard","meta":{"om_disable_all_campaigns":false,"_monsterinsights_skip_tracking":false,"_monsterinsights_sitenote_active":false,"_monsterinsights_sitenote_note":"","_monsterinsights_sitenote_category":0},"categories":[4],"tags":[],"aioseo_notices":[],"gutentor_comment":0,"rttpg_featured_image_url":{"full":["https:\/\/arantv.az\/wp-content\/uploads\/2019\/10\/797940.jpg",800,600,false],"landscape":["https:\/\/arantv.az\/wp-content\/uploads\/2019\/10\/797940.jpg",800,600,false],"portraits":["https:\/\/arantv.az\/wp-content\/uploads\/2019\/10\/797940.jpg",800,600,false],"thumbnail":["https:\/\/arantv.az\/wp-content\/uploads\/2019\/10\/797940-150x150.jpg",150,150,true],"medium":["https:\/\/arantv.az\/wp-content\/uploads\/2019\/10\/797940-300x225.jpg",300,225,true],"large":["https:\/\/arantv.az\/wp-content\/uploads\/2019\/10\/797940.jpg",640,480,false],"1536x1536":["https:\/\/arantv.az\/wp-content\/uploads\/2019\/10\/797940.jpg",800,600,false],"2048x2048":["https:\/\/arantv.az\/wp-content\/uploads\/2019\/10\/797940.jpg",800,600,false],"post-thumbnail":["https:\/\/arantv.az\/wp-content\/uploads\/2019\/10\/797940-240x172.jpg",240,172,true],"advps-thumb-one":["https:\/\/arantv.az\/wp-content\/uploads\/2019\/10\/797940.jpg",800,600,false]},"rttpg_author":{"display_name":"V\u00fcsal Rafiqo\u011flu","author_link":"https:\/\/arantv.az\/?author=2"},"rttpg_comment":0,"rttpg_category":"<a href=\"https:\/\/arantv.az\/?cat=4\" rel=\"category\">Siyas\u0259t<\/a>","rttpg_excerpt":"Az\u0259rbaycan Prezidentinin r\u0259hb\u0259rliyi alt\u0131nda ke\u00e7iril\u0259n d\u00f6vl\u0259t iqtisadi siyas\u0259ti x\u00fcsusi h\u00f6rm\u0259t\u0259 v\u0259 raz\u0131l\u0131\u011fa layiqdir. ARANTV.AZ bildirir ki, bunu\u00a0Trend-\u0259\u00a0israilli ekspert Yuri Bo\u00e7arov deyib. O bildirib ki, Yerevan\u0131n Bak\u0131ya qar\u015f\u0131 apard\u0131\u011f\u0131 elan olunmam\u0131\u015f m\u00fcharib\u0259 \u015f\u0259raitind\u0259 Az\u0259rbaycan yax\u015f\u0131 iqtisadi g\u00f6st\u0259ricil\u0259r n\u00fcmayi\u015f etdirir: &#8220;Bu c\u00fcr m\u00fcr\u0259kk\u0259b v\u0259ziyy\u0259td\u0259 olmaqla, Az\u0259rbaycan iqtisadiyyat\u0131n m\u00fcxt\u0259lif sah\u0259l\u0259rind\u0259 m\u00fch\u00fcm u\u011furlara nail olub. Fikrimc\u0259, h\u00f6kum\u0259t orqanlar\u0131nda ba\u015f&hellip;","_links":{"self":[{"href":"https:\/\/arantv.az\/index.php?rest_route=\/wp\/v2\/posts\/90238"}],"collection":[{"href":"https:\/\/arantv.az\/index.php?rest_route=\/wp\/v2\/posts"}],"about":[{"href":"https:\/\/arantv.az\/index.php?rest_route=\/wp\/v2\/types\/post"}],"author":[{"embeddable":true,"href":"https:\/\/arantv.az\/index.php?rest_route=\/wp\/v2\/users\/2"}],"replies":[{"embeddable":true,"href":"https:\/\/arantv.az\/index.php?rest_route=%2Fwp%2Fv2%2Fcomments&post=90238"}],"version-history":[{"count":0,"href":"https:\/\/arantv.az\/index.php?rest_route=\/wp\/v2\/posts\/90238\/revisions"}],"wp:featuredmedia":[{"embeddable":true,"href":"https:\/\/arantv.az\/index.php?rest_route=\/wp\/v2\/media\/90239"}],"wp:attachment":[{"href":"https:\/\/arantv.az\/index.php?rest_route=%2Fwp%2Fv2%2Fmedia&parent=90238"}],"wp:term":[{"taxonomy":"category","embeddable":true,"href":"https:\/\/arantv.az\/index.php?rest_route=%2Fwp%2Fv2%2Fcategories&post=90238"},{"taxonomy":"post_tag","embeddable":true,"href":"https:\/\/arantv.az\/index.php?rest_route=%2Fwp%2Fv2%2Ftags&post=90238"}],"curies":[{"name":"wp","href":"https:\/\/api.w.org\/{rel}","templated":true}]}}