{"id":90259,"date":"2019-10-29T09:25:48","date_gmt":"2019-10-29T06:25:48","guid":{"rendered":"http:\/\/arantv.az\/?p=90259"},"modified":"2019-10-29T09:25:48","modified_gmt":"2019-10-29T06:25:48","slug":"ilham-%c9%99liyevd%c9%99n-%c9%99rdogana-t%c9%99brik-m%c9%99ktubu","status":"publish","type":"post","link":"https:\/\/arantv.az\/?p=90259","title":{"rendered":"\u0130lham \u018fliyevd\u0259n \u018frdo\u011fana t\u0259brik m\u0259ktubu"},"content":{"rendered":"<p>Az\u0259rbaycan Prezidenti \u0130lham \u018fliyev T\u00fcrkiy\u0259 Respublikas\u0131n\u0131n Prezidenti R\u0259c\u0259b Tayyib \u018frdo\u011fana t\u0259brik m\u0259ktubu \u00fcnvanlay\u0131b.<\/p>\n<p>ARANTV.AZ x\u0259b\u0259r verir ki, m\u0259ktubda deyilir:<\/p>\n<p>\u201c\u018fziz Qarda\u015f\u0131m.<\/p>\n<div id=\"AdviadNativeVideo0\" class=\"AdviadNativeVideo\"><\/div>\n<p>T\u00fcrkiy\u0259 Respublikas\u0131n\u0131n milli bayram\u0131 \u2013 Respublika G\u00fcn\u00fc m\u00fcnasib\u0259til\u0259 Siz\u0259 v\u0259 Sizin siman\u0131zda b\u00fct\u00fcn xalq\u0131n\u0131za \u015f\u0259xs\u0259n \u00f6z ad\u0131mdan v\u0259 Az\u0259rbaycan xalq\u0131 ad\u0131ndan \u0259n s\u0259mimi t\u0259brikl\u0259rimi yetirir\u0259m.<\/p>\n<p>Bu g\u00fcn qarda\u015f T\u00fcrkiy\u0259 dinamik v\u0259 h\u0259rt\u0259r\u0259fli inki\u015faf yolundad\u0131r. \u018fld\u0259 etdiyi nailiyy\u0259tl\u0259r onu d\u00fcnyan\u0131n iqtisadi c\u0259h\u0259td\u0259n q\u00fcdr\u0259tli v\u0259 \u0259n qabaqc\u0131l \u00f6lk\u0259l\u0259ri s\u0131ras\u0131na \u00e7\u0131xar\u0131b. T\u00fcrkiy\u0259, h\u0259m\u00e7inin \u00f6z d\u00f6vl\u0259t\u00e7ilik m\u0259nafel\u0259rind\u0259n \u00e7\u0131x\u0131\u015f ed\u0259r\u0259k d\u00fcnyada v\u0259 regionda c\u0259r\u0259yan ed\u0259n prosesl\u0259rd\u0259 \u0259dal\u0259tli v\u0259 q\u0259tiyy\u0259tli m\u00f6vqe n\u00fcmayi\u015f etdirir.<\/p>\n<p>Az\u0259rbaycan-T\u00fcrkiy\u0259 dostlu\u011fu v\u0259 qarda\u015fl\u0131\u011f\u0131 xalqlar\u0131m\u0131z\u0131n ortaq milli, m\u0259n\u0259vi d\u0259y\u0259rl\u0259rind\u0259n v\u0259 \u0259n\u0259n\u0259l\u0259rind\u0259n g\u00fcc al\u0131r. \u018fmin\u0259m ki, m\u00fctt\u0259fiqliyimiz, qar\u015f\u0131l\u0131ql\u0131 etimad v\u0259 d\u0259st\u0259y\u0259 \u0259saslanan strateji t\u0259r\u0259fda\u015fl\u0131\u011f\u0131m\u0131z bundan sonra da xalqlar\u0131m\u0131z\u0131n rifah\u0131na, \u00f6lk\u0259l\u0259rimizin h\u0259rt\u0259r\u0259fli inki\u015faf\u0131na t\u00f6hf\u0259l\u0259r ver\u0259c\u0259kdir.<\/p>\n<p>Bu \u0259lam\u0259tdar g\u00fcnd\u0259 Siz\u0259 m\u00f6hk\u0259m cansa\u011fl\u0131\u011f\u0131, i\u015fl\u0259rinizd\u0259 u\u011furlar, qarda\u015f T\u00fcrkiy\u0259 xalq\u0131na daim \u0259min-amanl\u0131q v\u0259 firavanl\u0131q arzulay\u0131ram\u201d.az\u0259rtac<\/p>\n","protected":false},"excerpt":{"rendered":"<p>Az\u0259rbaycan Prezidenti \u0130lham \u018fliyev T\u00fcrkiy\u0259 Respublikas\u0131n\u0131n Prezidenti R\u0259c\u0259b Tayyib \u018frdo\u011fana t\u0259brik m\u0259ktubu \u00fcnvanlay\u0131b. ARANTV.AZ x\u0259b\u0259r verir ki, m\u0259ktubda deyilir: \u201c\u018fziz Qarda\u015f\u0131m. T\u00fcrkiy\u0259 Respublikas\u0131n\u0131n milli bayram\u0131 \u2013 Respublika G\u00fcn\u00fc m\u00fcnasib\u0259til\u0259 Siz\u0259 v\u0259 Sizin siman\u0131zda b\u00fct\u00fcn xalq\u0131n\u0131za \u015f\u0259xs\u0259n \u00f6z ad\u0131mdan v\u0259 Az\u0259rbaycan xalq\u0131 ad\u0131ndan \u0259n s\u0259mimi t\u0259brikl\u0259rimi yetirir\u0259m. Bu g\u00fcn qarda\u015f T\u00fcrkiy\u0259 dinamik v\u0259 h\u0259rt\u0259r\u0259fli inki\u015faf yolundad\u0131r. \u018fld\u0259 etdiyi nailiyy\u0259tl\u0259r onu d\u00fcnyan\u0131n iqtisadi c\u0259h\u0259td\u0259n q\u00fcdr\u0259tli v\u0259 \u0259n qabaqc\u0131l \u00f6lk\u0259l\u0259ri s\u0131ras\u0131na \u00e7\u0131xar\u0131b. T\u00fcrkiy\u0259, h\u0259m\u00e7inin \u00f6z d\u00f6vl\u0259t\u00e7ilik m\u0259nafel\u0259rind\u0259n \u00e7\u0131x\u0131\u015f ed\u0259r\u0259k d\u00fcnyada v\u0259 regionda c\u0259r\u0259yan ed\u0259n prosesl\u0259rd\u0259 \u0259dal\u0259tli v\u0259 q\u0259tiyy\u0259tli m\u00f6vqe n\u00fcmayi\u015f etdirir. Az\u0259rbaycan-T\u00fcrkiy\u0259 dostlu\u011fu&hellip;<\/p>\n","protected":false},"author":2,"featured_media":90260,"comment_status":"closed","ping_status":"closed","sticky":false,"template":"","format":"standard","meta":{"om_disable_all_campaigns":false,"_monsterinsights_skip_tracking":false,"_monsterinsights_sitenote_active":false,"_monsterinsights_sitenote_note":"","_monsterinsights_sitenote_category":0},"categories":[8],"tags":[],"aioseo_notices":[],"gutentor_comment":0,"rttpg_featured_image_url":{"full":["https:\/\/arantv.az\/wp-content\/uploads\/2019\/10\/416138827.jpg",620,335,false],"landscape":["https:\/\/arantv.az\/wp-content\/uploads\/2019\/10\/416138827.jpg",620,335,false],"portraits":["https:\/\/arantv.az\/wp-content\/uploads\/2019\/10\/416138827.jpg",620,335,false],"thumbnail":["https:\/\/arantv.az\/wp-content\/uploads\/2019\/10\/416138827-150x150.jpg",150,150,true],"medium":["https:\/\/arantv.az\/wp-content\/uploads\/2019\/10\/416138827-300x162.jpg",300,162,true],"large":["https:\/\/arantv.az\/wp-content\/uploads\/2019\/10\/416138827.jpg",620,335,false],"1536x1536":["https:\/\/arantv.az\/wp-content\/uploads\/2019\/10\/416138827.jpg",620,335,false],"2048x2048":["https:\/\/arantv.az\/wp-content\/uploads\/2019\/10\/416138827.jpg",620,335,false],"post-thumbnail":["https:\/\/arantv.az\/wp-content\/uploads\/2019\/10\/416138827-240x172.jpg",240,172,true],"advps-thumb-one":["https:\/\/arantv.az\/wp-content\/uploads\/2019\/10\/416138827.jpg",620,335,false]},"rttpg_author":{"display_name":"V\u00fcsal Rafiqo\u011flu","author_link":"https:\/\/arantv.az\/?author=2"},"rttpg_comment":0,"rttpg_category":"<a href=\"https:\/\/arantv.az\/?cat=8\" rel=\"category\">\u018fsas s\u0259hif\u0259<\/a>","rttpg_excerpt":"Az\u0259rbaycan Prezidenti \u0130lham \u018fliyev T\u00fcrkiy\u0259 Respublikas\u0131n\u0131n Prezidenti R\u0259c\u0259b Tayyib \u018frdo\u011fana t\u0259brik m\u0259ktubu \u00fcnvanlay\u0131b. ARANTV.AZ x\u0259b\u0259r verir ki, m\u0259ktubda deyilir: \u201c\u018fziz Qarda\u015f\u0131m. T\u00fcrkiy\u0259 Respublikas\u0131n\u0131n milli bayram\u0131 \u2013 Respublika G\u00fcn\u00fc m\u00fcnasib\u0259til\u0259 Siz\u0259 v\u0259 Sizin siman\u0131zda b\u00fct\u00fcn xalq\u0131n\u0131za \u015f\u0259xs\u0259n \u00f6z ad\u0131mdan v\u0259 Az\u0259rbaycan xalq\u0131 ad\u0131ndan \u0259n s\u0259mimi t\u0259brikl\u0259rimi yetirir\u0259m. Bu g\u00fcn qarda\u015f T\u00fcrkiy\u0259 dinamik v\u0259 h\u0259rt\u0259r\u0259fli inki\u015faf yolundad\u0131r.&hellip;","_links":{"self":[{"href":"https:\/\/arantv.az\/index.php?rest_route=\/wp\/v2\/posts\/90259"}],"collection":[{"href":"https:\/\/arantv.az\/index.php?rest_route=\/wp\/v2\/posts"}],"about":[{"href":"https:\/\/arantv.az\/index.php?rest_route=\/wp\/v2\/types\/post"}],"author":[{"embeddable":true,"href":"https:\/\/arantv.az\/index.php?rest_route=\/wp\/v2\/users\/2"}],"replies":[{"embeddable":true,"href":"https:\/\/arantv.az\/index.php?rest_route=%2Fwp%2Fv2%2Fcomments&post=90259"}],"version-history":[{"count":0,"href":"https:\/\/arantv.az\/index.php?rest_route=\/wp\/v2\/posts\/90259\/revisions"}],"wp:featuredmedia":[{"embeddable":true,"href":"https:\/\/arantv.az\/index.php?rest_route=\/wp\/v2\/media\/90260"}],"wp:attachment":[{"href":"https:\/\/arantv.az\/index.php?rest_route=%2Fwp%2Fv2%2Fmedia&parent=90259"}],"wp:term":[{"taxonomy":"category","embeddable":true,"href":"https:\/\/arantv.az\/index.php?rest_route=%2Fwp%2Fv2%2Fcategories&post=90259"},{"taxonomy":"post_tag","embeddable":true,"href":"https:\/\/arantv.az\/index.php?rest_route=%2Fwp%2Fv2%2Ftags&post=90259"}],"curies":[{"name":"wp","href":"https:\/\/api.w.org\/{rel}","templated":true}]}}