{"id":90267,"date":"2019-10-29T09:30:23","date_gmt":"2019-10-29T06:30:23","guid":{"rendered":"http:\/\/arantv.az\/?p=90267"},"modified":"2019-10-29T09:30:23","modified_gmt":"2019-10-29T06:30:23","slug":"ilham-%c9%99liyevd%c9%99n-agentlik-s%c9%99drin%c9%99-yollari-el%c9%99-yamaqlayirsiniz-yamaqlayirsiniz-bel%c9%99-olmaz-video","status":"publish","type":"post","link":"https:\/\/arantv.az\/?p=90267","title":{"rendered":"\u0130lham \u018fliyevd\u0259n Agentlik s\u0259drin\u0259: \u201cYollar\u0131 el\u0259 yamaqlay\u0131rs\u0131n\u0131z, yamaqlay\u0131rs\u0131n\u0131z, bel\u0259 olmaz\u201d &#8211; V\u0130DEO"},"content":{"rendered":"<p>M\u0259n indi Bak\u0131-\u015eamax\u0131 yolu il\u0259 g\u0259lmi\u015f\u0259m. Bu yol yax\u015f\u0131d\u0131r. Vaxtil\u0259 g\u00f6st\u0259ri\u015f vermi\u015fdim ki, yol d\u00f6rd zola\u011fa geni\u015fl\u0259ndirilsin, dem\u0259k olar, ba\u015fa \u00e7at\u0131b. Amma \u015eamax\u0131-\u0130smay\u0131ll\u0131 yolu b\u0259rbad v\u0259ziyy\u0259td\u0259dir. Bel\u0259 bir yolla biz bar\u0131\u015fa bilm\u0259rik. Niy\u0259 m\u0259lumat vermirsiniz bu haqda?.<\/p>\n<p><b>ARANTV.AZ\u00a0<\/b> x\u0259b\u0259r verir ki, bunu Prezident \u0130lham \u018fliyev B\u00f6y\u00fck \u018fmili-B\u0131l\u0131x-\u018fmirvan\u00a0avtomobil yolunun a\u00e7\u0131l\u0131\u015f\u0131nda Az\u0259rbaycan Avtomobil Yollar\u0131 D\u00f6vl\u0259t Agentliyinin \u0130dar\u0259 Hey\u0259tinin s\u0259dri Saleh M\u0259mm\u0259dova deyib.<\/p>\n<p>\u00d6lk\u0259 ba\u015f\u00e7\u0131s\u0131 qeyd edib ki, biz indi k\u0259nd yollar\u0131n\u0131 magistral yollar s\u0259viyy\u0259sind\u0259 in\u015fa edirik. D\u00f6vl\u0259t ba\u015f\u00e7\u0131s\u0131 s\u00f6yl\u0259yib ki, \u015f\u0259h\u0259rl\u0259raras\u0131, x\u00fcsusil\u0259 turizm zonas\u0131na ged\u0259n yol bel\u0259 b\u0259rbad v\u0259ziyy\u0259td\u0259 qala bilm\u0259z.<\/p>\n<div id=\"AdviadNativeVideo0\" class=\"AdviadNativeVideo\"><\/div>\n<p>Prezident daha sonra \u0259lav\u0259 edib ki, \u015eamax\u0131-\u0130smay\u0131ll\u0131 yolunda s\u00fcr\u00fc\u015fm\u0259 olub \u2013 amma bir yerd\u0259.<\/p>\n<p>\u201cAmma yolun \u0130smay\u0131ll\u0131ya qalan hiss\u0259si b\u0259rbad v\u0259ziyy\u0259td\u0259dir. Ham\u0131s\u0131 yamaq. \u00d6z\u00fc d\u0259 o yolun \u0259sas\u0131 yoxdur. He\u00e7 vaxt olmay\u0131b. El\u0259 yamaqlay\u0131rs\u0131n\u0131z, yamaqlay\u0131rs\u0131n\u0131z, bel\u0259 olmaz.\u00a0T\u0259klifl\u0259r verin ki, biz \u015eamax\u0131-\u0130smay\u0131ll\u0131 yolunu investisiya proqram\u0131na salaq. G\u0259l\u0259n il g\u0259r\u0259k \u015eamax\u0131-\u0130smay\u0131ll\u0131 yolu istifad\u0259y\u0259 verilsin, \u00f6z\u00fc d\u0259 y\u00fcks\u0259k s\u0259viyy\u0259d\u0259\u201d.<\/p>\n<p><iframe loading=\"lazy\" src=\"https:\/\/www.youtube.com\/embed\/ltjQbbiHJ9A?start=2490\" width=\"560\" height=\"315\" frameborder=\"0\" allowfullscreen=\"allowfullscreen\" data-mce-fragment=\"1\"><\/iframe><\/p>\n<p><b>oxu.az<\/b><\/p>\n","protected":false},"excerpt":{"rendered":"<p>M\u0259n indi Bak\u0131-\u015eamax\u0131 yolu il\u0259 g\u0259lmi\u015f\u0259m. Bu yol yax\u015f\u0131d\u0131r. Vaxtil\u0259 g\u00f6st\u0259ri\u015f vermi\u015fdim ki, yol d\u00f6rd zola\u011fa geni\u015fl\u0259ndirilsin, dem\u0259k olar, ba\u015fa \u00e7at\u0131b. Amma \u015eamax\u0131-\u0130smay\u0131ll\u0131 yolu b\u0259rbad v\u0259ziyy\u0259td\u0259dir. Bel\u0259 bir yolla biz bar\u0131\u015fa bilm\u0259rik. Niy\u0259 m\u0259lumat vermirsiniz bu haqda?. ARANTV.AZ\u00a0 x\u0259b\u0259r verir ki, bunu Prezident \u0130lham \u018fliyev B\u00f6y\u00fck \u018fmili-B\u0131l\u0131x-\u018fmirvan\u00a0avtomobil yolunun a\u00e7\u0131l\u0131\u015f\u0131nda Az\u0259rbaycan Avtomobil Yollar\u0131 D\u00f6vl\u0259t Agentliyinin \u0130dar\u0259 Hey\u0259tinin s\u0259dri Saleh M\u0259mm\u0259dova deyib. \u00d6lk\u0259 ba\u015f\u00e7\u0131s\u0131 qeyd edib ki, biz indi k\u0259nd yollar\u0131n\u0131 magistral yollar s\u0259viyy\u0259sind\u0259 in\u015fa edirik. D\u00f6vl\u0259t ba\u015f\u00e7\u0131s\u0131 s\u00f6yl\u0259yib ki, \u015f\u0259h\u0259rl\u0259raras\u0131, x\u00fcsusil\u0259 turizm zonas\u0131na ged\u0259n yol bel\u0259 b\u0259rbad v\u0259ziyy\u0259td\u0259 qala bilm\u0259z. Prezident&hellip;<\/p>\n","protected":false},"author":2,"featured_media":90268,"comment_status":"closed","ping_status":"closed","sticky":false,"template":"","format":"standard","meta":{"om_disable_all_campaigns":false,"_monsterinsights_skip_tracking":false,"_monsterinsights_sitenote_active":false,"_monsterinsights_sitenote_note":"","_monsterinsights_sitenote_category":0},"categories":[4],"tags":[],"aioseo_notices":[],"gutentor_comment":0,"rttpg_featured_image_url":{"full":["https:\/\/arantv.az\/wp-content\/uploads\/2019\/10\/15722607286392861618_1000x669.jpg",620,441,false],"landscape":["https:\/\/arantv.az\/wp-content\/uploads\/2019\/10\/15722607286392861618_1000x669.jpg",620,441,false],"portraits":["https:\/\/arantv.az\/wp-content\/uploads\/2019\/10\/15722607286392861618_1000x669.jpg",620,441,false],"thumbnail":["https:\/\/arantv.az\/wp-content\/uploads\/2019\/10\/15722607286392861618_1000x669-150x150.jpg",150,150,true],"medium":["https:\/\/arantv.az\/wp-content\/uploads\/2019\/10\/15722607286392861618_1000x669-300x213.jpg",300,213,true],"large":["https:\/\/arantv.az\/wp-content\/uploads\/2019\/10\/15722607286392861618_1000x669.jpg",620,441,false],"1536x1536":["https:\/\/arantv.az\/wp-content\/uploads\/2019\/10\/15722607286392861618_1000x669.jpg",620,441,false],"2048x2048":["https:\/\/arantv.az\/wp-content\/uploads\/2019\/10\/15722607286392861618_1000x669.jpg",620,441,false],"post-thumbnail":["https:\/\/arantv.az\/wp-content\/uploads\/2019\/10\/15722607286392861618_1000x669-240x172.jpg",240,172,true],"advps-thumb-one":["https:\/\/arantv.az\/wp-content\/uploads\/2019\/10\/15722607286392861618_1000x669.jpg",620,441,false]},"rttpg_author":{"display_name":"V\u00fcsal Rafiqo\u011flu","author_link":"https:\/\/arantv.az\/?author=2"},"rttpg_comment":0,"rttpg_category":"<a href=\"https:\/\/arantv.az\/?cat=4\" rel=\"category\">Siyas\u0259t<\/a>","rttpg_excerpt":"M\u0259n indi Bak\u0131-\u015eamax\u0131 yolu il\u0259 g\u0259lmi\u015f\u0259m. Bu yol yax\u015f\u0131d\u0131r. Vaxtil\u0259 g\u00f6st\u0259ri\u015f vermi\u015fdim ki, yol d\u00f6rd zola\u011fa geni\u015fl\u0259ndirilsin, dem\u0259k olar, ba\u015fa \u00e7at\u0131b. Amma \u015eamax\u0131-\u0130smay\u0131ll\u0131 yolu b\u0259rbad v\u0259ziyy\u0259td\u0259dir. Bel\u0259 bir yolla biz bar\u0131\u015fa bilm\u0259rik. Niy\u0259 m\u0259lumat vermirsiniz bu haqda?. ARANTV.AZ\u00a0 x\u0259b\u0259r verir ki, bunu Prezident \u0130lham \u018fliyev B\u00f6y\u00fck \u018fmili-B\u0131l\u0131x-\u018fmirvan\u00a0avtomobil yolunun a\u00e7\u0131l\u0131\u015f\u0131nda Az\u0259rbaycan Avtomobil Yollar\u0131 D\u00f6vl\u0259t Agentliyinin \u0130dar\u0259&hellip;","_links":{"self":[{"href":"https:\/\/arantv.az\/index.php?rest_route=\/wp\/v2\/posts\/90267"}],"collection":[{"href":"https:\/\/arantv.az\/index.php?rest_route=\/wp\/v2\/posts"}],"about":[{"href":"https:\/\/arantv.az\/index.php?rest_route=\/wp\/v2\/types\/post"}],"author":[{"embeddable":true,"href":"https:\/\/arantv.az\/index.php?rest_route=\/wp\/v2\/users\/2"}],"replies":[{"embeddable":true,"href":"https:\/\/arantv.az\/index.php?rest_route=%2Fwp%2Fv2%2Fcomments&post=90267"}],"version-history":[{"count":0,"href":"https:\/\/arantv.az\/index.php?rest_route=\/wp\/v2\/posts\/90267\/revisions"}],"wp:featuredmedia":[{"embeddable":true,"href":"https:\/\/arantv.az\/index.php?rest_route=\/wp\/v2\/media\/90268"}],"wp:attachment":[{"href":"https:\/\/arantv.az\/index.php?rest_route=%2Fwp%2Fv2%2Fmedia&parent=90267"}],"wp:term":[{"taxonomy":"category","embeddable":true,"href":"https:\/\/arantv.az\/index.php?rest_route=%2Fwp%2Fv2%2Fcategories&post=90267"},{"taxonomy":"post_tag","embeddable":true,"href":"https:\/\/arantv.az\/index.php?rest_route=%2Fwp%2Fv2%2Ftags&post=90267"}],"curies":[{"name":"wp","href":"https:\/\/api.w.org\/{rel}","templated":true}]}}