{"id":90278,"date":"2019-10-29T09:57:44","date_gmt":"2019-10-29T06:57:44","guid":{"rendered":"http:\/\/arantv.az\/?p=90278"},"modified":"2019-10-29T09:57:44","modified_gmt":"2019-10-29T06:57:44","slug":"dayisi-arvadini-zorladi-dayisini-oldurdu-az%c9%99rbaycandaki-d%c9%99hs%c9%99tli-cinay%c9%99tin-t%c9%99f%c9%99rruati","status":"publish","type":"post","link":"https:\/\/arantv.az\/?p=90278","title":{"rendered":"Day\u0131s\u0131 arvad\u0131n\u0131 zorlad\u0131, day\u0131s\u0131n\u0131 \u00f6ld\u00fcrd\u00fc &#8211; Az\u0259rbaycandak\u0131 d\u0259h\u015f\u0259tli cinay\u0259tin T\u018fF\u018fRR\u00dcATI"},"content":{"rendered":"<p>Az\u0259rbaycanda qad\u0131n bald\u0131z\u0131n\u0131n o\u011flu t\u0259r\u0259find\u0259n t\u0259cav\u00fcz\u0259 m\u0259ruz qal\u0131b.<\/p>\n<p><b>ARANTV.AZ\u00a0<\/b> x\u0259b\u0259r verir ki bu bar\u0259d\u0259 Az\u0259rbaycan U\u015faqlar Birliyinin s\u0259dri K\u0259mal\u0259 A\u011fazad\u0259 m\u0259lumat verib.<\/p>\n<p>O, bildirib ki, hadis\u0259 3 ay \u00f6nc\u0259 Bak\u0131da ba\u015f verib: &#8220;Qad\u0131n m\u0259nim yan\u0131ma g\u0259lmi\u015fdi. O, bildirdi ki, bir il \u00f6nc\u0259 ya\u015f\u0131 30-dan \u00e7ox olan bald\u0131z\u0131 o\u011flunun t\u0259cav\u00fcz\u00fcn\u0259 m\u0259ruz qal\u0131b. M\u0259nd\u0259n n\u0259 etm\u0259k laz\u0131m oldu\u011funu soru\u015fdu. M\u0259n d\u0259 ona h\u00fcquq-m\u00fchafiz\u0259 orqanlar\u0131na m\u00fcraci\u0259t etm\u0259sini v\u0259 ba\u015f\u0131na g\u0259l\u0259nl\u0259r bar\u0259sind\u0259 m\u0259lumat verm\u0259sini m\u0259sl\u0259h\u0259t g\u00f6rd\u00fcm. \u00c7\u00fcnki bu a\u011f\u0131r cinay\u0259tdir. \u018frin\u0259 ba\u015f\u0131na g\u0259l\u0259nl\u0259ri dan\u0131\u015fmas\u0131n\u0131 s\u00f6yl\u0259dim. Qad\u0131n\u0131n \u0259ri d\u0259 m\u0259nim yan\u0131mda oldu. Ona da bu bar\u0259d\u0259 polis\u0259 \u015fikay\u0259t verm\u0259sini t\u00f6vsiy\u0259 etdim. Bir m\u00fcdd\u0259t sonra guya h\u0259min \u0259r arvad\u0131n\u0131 zorlayan bac\u0131s\u0131 o\u011flu t\u0259r\u0259find\u0259n b\u0131\u00e7aqlanaraq \u00f6ld\u00fcr\u00fcl\u00fcb. Bu hadis\u0259 3 ay bundan ba\u015f verib. Haz\u0131rda cinay\u0259t i\u015fi a\u00e7\u0131l\u0131b. \u0130stintaq gedir&#8221;.<\/p>\n<p>Aysel Yusifq\u0131z\u0131<br \/>\n<img class=\"imgbcodecent\" src=\"https:\/\/upload.az\/foto\/arxiv\/received_1433408113479325.png\" alt=\"Day\u0131s\u0131 arvad\u0131n\u0131 zorlad\u0131, day\u0131s\u0131n\u0131 \u00f6ld\u00fcrd\u00fc - Az\u0259rbaycandak\u0131 d\u0259h\u015f\u0259tli cinay\u0259tin T\u018fF\u018fRR\u00dcATI\" \/><\/p>\n<p>&nbsp;<\/p>\n<p>big.az<\/p>\n","protected":false},"excerpt":{"rendered":"<p>Az\u0259rbaycanda qad\u0131n bald\u0131z\u0131n\u0131n o\u011flu t\u0259r\u0259find\u0259n t\u0259cav\u00fcz\u0259 m\u0259ruz qal\u0131b. ARANTV.AZ\u00a0 x\u0259b\u0259r verir ki bu bar\u0259d\u0259 Az\u0259rbaycan U\u015faqlar Birliyinin s\u0259dri K\u0259mal\u0259 A\u011fazad\u0259 m\u0259lumat verib. O, bildirib ki, hadis\u0259 3 ay \u00f6nc\u0259 Bak\u0131da ba\u015f verib: &#8220;Qad\u0131n m\u0259nim yan\u0131ma g\u0259lmi\u015fdi. O, bildirdi ki, bir il \u00f6nc\u0259 ya\u015f\u0131 30-dan \u00e7ox olan bald\u0131z\u0131 o\u011flunun t\u0259cav\u00fcz\u00fcn\u0259 m\u0259ruz qal\u0131b. M\u0259nd\u0259n n\u0259 etm\u0259k laz\u0131m oldu\u011funu soru\u015fdu. M\u0259n d\u0259 ona h\u00fcquq-m\u00fchafiz\u0259 orqanlar\u0131na m\u00fcraci\u0259t etm\u0259sini v\u0259 ba\u015f\u0131na g\u0259l\u0259nl\u0259r bar\u0259sind\u0259 m\u0259lumat verm\u0259sini m\u0259sl\u0259h\u0259t g\u00f6rd\u00fcm. \u00c7\u00fcnki bu a\u011f\u0131r cinay\u0259tdir. \u018frin\u0259 ba\u015f\u0131na g\u0259l\u0259nl\u0259ri dan\u0131\u015fmas\u0131n\u0131 s\u00f6yl\u0259dim. Qad\u0131n\u0131n \u0259ri d\u0259 m\u0259nim yan\u0131mda oldu. Ona da bu&hellip;<\/p>\n","protected":false},"author":2,"featured_media":90279,"comment_status":"closed","ping_status":"closed","sticky":false,"template":"","format":"standard","meta":{"om_disable_all_campaigns":false,"_monsterinsights_skip_tracking":false,"_monsterinsights_sitenote_active":false,"_monsterinsights_sitenote_note":"","_monsterinsights_sitenote_category":0},"categories":[1],"tags":[],"aioseo_notices":[],"gutentor_comment":0,"rttpg_featured_image_url":{"full":["https:\/\/arantv.az\/wp-content\/uploads\/2019\/10\/a8553f23-b930-4e44-bfc0-5ad961993148.jpg",649,351,false],"landscape":["https:\/\/arantv.az\/wp-content\/uploads\/2019\/10\/a8553f23-b930-4e44-bfc0-5ad961993148.jpg",649,351,false],"portraits":["https:\/\/arantv.az\/wp-content\/uploads\/2019\/10\/a8553f23-b930-4e44-bfc0-5ad961993148.jpg",649,351,false],"thumbnail":["https:\/\/arantv.az\/wp-content\/uploads\/2019\/10\/a8553f23-b930-4e44-bfc0-5ad961993148-150x150.jpg",150,150,true],"medium":["https:\/\/arantv.az\/wp-content\/uploads\/2019\/10\/a8553f23-b930-4e44-bfc0-5ad961993148-300x162.jpg",300,162,true],"large":["https:\/\/arantv.az\/wp-content\/uploads\/2019\/10\/a8553f23-b930-4e44-bfc0-5ad961993148.jpg",640,346,false],"1536x1536":["https:\/\/arantv.az\/wp-content\/uploads\/2019\/10\/a8553f23-b930-4e44-bfc0-5ad961993148.jpg",649,351,false],"2048x2048":["https:\/\/arantv.az\/wp-content\/uploads\/2019\/10\/a8553f23-b930-4e44-bfc0-5ad961993148.jpg",649,351,false],"post-thumbnail":["https:\/\/arantv.az\/wp-content\/uploads\/2019\/10\/a8553f23-b930-4e44-bfc0-5ad961993148-240x172.jpg",240,172,true],"advps-thumb-one":["https:\/\/arantv.az\/wp-content\/uploads\/2019\/10\/a8553f23-b930-4e44-bfc0-5ad961993148.jpg",649,351,false]},"rttpg_author":{"display_name":"V\u00fcsal Rafiqo\u011flu","author_link":"https:\/\/arantv.az\/?author=2"},"rttpg_comment":0,"rttpg_category":"<a href=\"https:\/\/arantv.az\/?cat=1\" rel=\"category\">C\u0259miyy\u0259t<\/a>","rttpg_excerpt":"Az\u0259rbaycanda qad\u0131n bald\u0131z\u0131n\u0131n o\u011flu t\u0259r\u0259find\u0259n t\u0259cav\u00fcz\u0259 m\u0259ruz qal\u0131b. ARANTV.AZ\u00a0 x\u0259b\u0259r verir ki bu bar\u0259d\u0259 Az\u0259rbaycan U\u015faqlar Birliyinin s\u0259dri K\u0259mal\u0259 A\u011fazad\u0259 m\u0259lumat verib. O, bildirib ki, hadis\u0259 3 ay \u00f6nc\u0259 Bak\u0131da ba\u015f verib: &#8220;Qad\u0131n m\u0259nim yan\u0131ma g\u0259lmi\u015fdi. O, bildirdi ki, bir il \u00f6nc\u0259 ya\u015f\u0131 30-dan \u00e7ox olan bald\u0131z\u0131 o\u011flunun t\u0259cav\u00fcz\u00fcn\u0259 m\u0259ruz qal\u0131b. M\u0259nd\u0259n n\u0259 etm\u0259k laz\u0131m&hellip;","_links":{"self":[{"href":"https:\/\/arantv.az\/index.php?rest_route=\/wp\/v2\/posts\/90278"}],"collection":[{"href":"https:\/\/arantv.az\/index.php?rest_route=\/wp\/v2\/posts"}],"about":[{"href":"https:\/\/arantv.az\/index.php?rest_route=\/wp\/v2\/types\/post"}],"author":[{"embeddable":true,"href":"https:\/\/arantv.az\/index.php?rest_route=\/wp\/v2\/users\/2"}],"replies":[{"embeddable":true,"href":"https:\/\/arantv.az\/index.php?rest_route=%2Fwp%2Fv2%2Fcomments&post=90278"}],"version-history":[{"count":0,"href":"https:\/\/arantv.az\/index.php?rest_route=\/wp\/v2\/posts\/90278\/revisions"}],"wp:featuredmedia":[{"embeddable":true,"href":"https:\/\/arantv.az\/index.php?rest_route=\/wp\/v2\/media\/90279"}],"wp:attachment":[{"href":"https:\/\/arantv.az\/index.php?rest_route=%2Fwp%2Fv2%2Fmedia&parent=90278"}],"wp:term":[{"taxonomy":"category","embeddable":true,"href":"https:\/\/arantv.az\/index.php?rest_route=%2Fwp%2Fv2%2Fcategories&post=90278"},{"taxonomy":"post_tag","embeddable":true,"href":"https:\/\/arantv.az\/index.php?rest_route=%2Fwp%2Fv2%2Ftags&post=90278"}],"curies":[{"name":"wp","href":"https:\/\/api.w.org\/{rel}","templated":true}]}}