{"id":90290,"date":"2019-10-29T10:18:33","date_gmt":"2019-10-29T07:18:33","guid":{"rendered":"http:\/\/arantv.az\/?p=90290"},"modified":"2019-10-29T10:18:33","modified_gmt":"2019-10-29T07:18:33","slug":"prezident-qadinlara-s%c9%99sl%c9%99ndi-isl%c9%99yin-%c9%99rl%c9%99rinizd%c9%99n-az-asili-olun-video","status":"publish","type":"post","link":"https:\/\/arantv.az\/?p=90290","title":{"rendered":"Prezident qad\u0131nlara s\u0259sl\u0259ndi: \u201c\u0130\u015fl\u0259yin, \u0259rl\u0259rinizd\u0259n az as\u0131l\u0131 olun\u201d &#8211; V\u0130DEO"},"content":{"rendered":"<p>Az\u0259rbaycan Prezidenti \u0130lham \u018fliyev \u201cAz\u0259rxal\u00e7a\u201d ASC-nin Q\u0259b\u0259l\u0259 filial\u0131n\u0131n a\u00e7\u0131l\u0131\u015f m\u0259rasimind\u0259 m\u00fc\u0259ssis\u0259nin qad\u0131n kollektivin\u0259 t\u00f6vsiy\u0259 verib.<\/p>\n<p><b>ARANTV.AZ<\/b>-\u0131n x\u0259b\u0259rin\u0259 g\u00f6r\u0259, qad\u0131nlara u\u011furlar arzulay\u0131b.<\/p>\n<div id=\"AdviadNativeVideo0\" class=\"AdviadNativeVideo\"><\/div>\n<p>Daha sonra Prezident bildirib:<\/p>\n<p>\u201cArzu edir\u0259m ki, bu m\u00fc\u0259ssis\u0259d\u0259 yax\u015f\u0131 i\u015fl\u0259y\u0259siniz. H\u0259m ail\u0259 b\u00fcdc\u0259sin\u0259 t\u00f6hf\u0259 ver\u0259siniz, h\u0259m d\u0259 \u0259rl\u0259rd\u0259n bir q\u0259d\u0259r az as\u0131l\u0131 olas\u0131n\u0131z. V\u0259 burada g\u00f6z\u0259l s\u0259n\u0259timizi ya\u015fadas\u0131n\u0131z\u201d.<\/p>\n<div><iframe loading=\"lazy\" src=\"https:\/\/www.youtube.com\/embed\/ltjQbbiHJ9A?start=1752\" width=\"560\" height=\"315\" frameborder=\"0\" allowfullscreen=\"allowfullscreen\" data-mce-fragment=\"1\"><\/iframe><\/div>\n<p>oxu.az<\/p>\n","protected":false},"excerpt":{"rendered":"<p>Az\u0259rbaycan Prezidenti \u0130lham \u018fliyev \u201cAz\u0259rxal\u00e7a\u201d ASC-nin Q\u0259b\u0259l\u0259 filial\u0131n\u0131n a\u00e7\u0131l\u0131\u015f m\u0259rasimind\u0259 m\u00fc\u0259ssis\u0259nin qad\u0131n kollektivin\u0259 t\u00f6vsiy\u0259 verib. ARANTV.AZ-\u0131n x\u0259b\u0259rin\u0259 g\u00f6r\u0259, qad\u0131nlara u\u011furlar arzulay\u0131b. Daha sonra Prezident bildirib: \u201cArzu edir\u0259m ki, bu m\u00fc\u0259ssis\u0259d\u0259 yax\u015f\u0131 i\u015fl\u0259y\u0259siniz. H\u0259m ail\u0259 b\u00fcdc\u0259sin\u0259 t\u00f6hf\u0259 ver\u0259siniz, h\u0259m d\u0259 \u0259rl\u0259rd\u0259n bir q\u0259d\u0259r az as\u0131l\u0131 olas\u0131n\u0131z. V\u0259 burada g\u00f6z\u0259l s\u0259n\u0259timizi ya\u015fadas\u0131n\u0131z\u201d. oxu.az<\/p>\n","protected":false},"author":2,"featured_media":90291,"comment_status":"closed","ping_status":"closed","sticky":false,"template":"","format":"standard","meta":{"om_disable_all_campaigns":false,"_monsterinsights_skip_tracking":false,"_monsterinsights_sitenote_active":false,"_monsterinsights_sitenote_note":"","_monsterinsights_sitenote_category":0},"categories":[4],"tags":[],"aioseo_notices":[],"gutentor_comment":0,"rttpg_featured_image_url":{"full":["https:\/\/arantv.az\/wp-content\/uploads\/2019\/10\/15722605071355125286_1000x669.jpg",620,397,false],"landscape":["https:\/\/arantv.az\/wp-content\/uploads\/2019\/10\/15722605071355125286_1000x669.jpg",620,397,false],"portraits":["https:\/\/arantv.az\/wp-content\/uploads\/2019\/10\/15722605071355125286_1000x669.jpg",620,397,false],"thumbnail":["https:\/\/arantv.az\/wp-content\/uploads\/2019\/10\/15722605071355125286_1000x669-150x150.jpg",150,150,true],"medium":["https:\/\/arantv.az\/wp-content\/uploads\/2019\/10\/15722605071355125286_1000x669-300x192.jpg",300,192,true],"large":["https:\/\/arantv.az\/wp-content\/uploads\/2019\/10\/15722605071355125286_1000x669.jpg",620,397,false],"1536x1536":["https:\/\/arantv.az\/wp-content\/uploads\/2019\/10\/15722605071355125286_1000x669.jpg",620,397,false],"2048x2048":["https:\/\/arantv.az\/wp-content\/uploads\/2019\/10\/15722605071355125286_1000x669.jpg",620,397,false],"post-thumbnail":["https:\/\/arantv.az\/wp-content\/uploads\/2019\/10\/15722605071355125286_1000x669-240x172.jpg",240,172,true],"advps-thumb-one":["https:\/\/arantv.az\/wp-content\/uploads\/2019\/10\/15722605071355125286_1000x669.jpg",620,397,false]},"rttpg_author":{"display_name":"V\u00fcsal Rafiqo\u011flu","author_link":"https:\/\/arantv.az\/?author=2"},"rttpg_comment":0,"rttpg_category":"<a href=\"https:\/\/arantv.az\/?cat=4\" rel=\"category\">Siyas\u0259t<\/a>","rttpg_excerpt":"Az\u0259rbaycan Prezidenti \u0130lham \u018fliyev \u201cAz\u0259rxal\u00e7a\u201d ASC-nin Q\u0259b\u0259l\u0259 filial\u0131n\u0131n a\u00e7\u0131l\u0131\u015f m\u0259rasimind\u0259 m\u00fc\u0259ssis\u0259nin qad\u0131n kollektivin\u0259 t\u00f6vsiy\u0259 verib. ARANTV.AZ-\u0131n x\u0259b\u0259rin\u0259 g\u00f6r\u0259, qad\u0131nlara u\u011furlar arzulay\u0131b. Daha sonra Prezident bildirib: \u201cArzu edir\u0259m ki, bu m\u00fc\u0259ssis\u0259d\u0259 yax\u015f\u0131 i\u015fl\u0259y\u0259siniz. H\u0259m ail\u0259 b\u00fcdc\u0259sin\u0259 t\u00f6hf\u0259 ver\u0259siniz, h\u0259m d\u0259 \u0259rl\u0259rd\u0259n bir q\u0259d\u0259r az as\u0131l\u0131 olas\u0131n\u0131z. V\u0259 burada g\u00f6z\u0259l s\u0259n\u0259timizi ya\u015fadas\u0131n\u0131z\u201d. oxu.az","_links":{"self":[{"href":"https:\/\/arantv.az\/index.php?rest_route=\/wp\/v2\/posts\/90290"}],"collection":[{"href":"https:\/\/arantv.az\/index.php?rest_route=\/wp\/v2\/posts"}],"about":[{"href":"https:\/\/arantv.az\/index.php?rest_route=\/wp\/v2\/types\/post"}],"author":[{"embeddable":true,"href":"https:\/\/arantv.az\/index.php?rest_route=\/wp\/v2\/users\/2"}],"replies":[{"embeddable":true,"href":"https:\/\/arantv.az\/index.php?rest_route=%2Fwp%2Fv2%2Fcomments&post=90290"}],"version-history":[{"count":0,"href":"https:\/\/arantv.az\/index.php?rest_route=\/wp\/v2\/posts\/90290\/revisions"}],"wp:featuredmedia":[{"embeddable":true,"href":"https:\/\/arantv.az\/index.php?rest_route=\/wp\/v2\/media\/90291"}],"wp:attachment":[{"href":"https:\/\/arantv.az\/index.php?rest_route=%2Fwp%2Fv2%2Fmedia&parent=90290"}],"wp:term":[{"taxonomy":"category","embeddable":true,"href":"https:\/\/arantv.az\/index.php?rest_route=%2Fwp%2Fv2%2Fcategories&post=90290"},{"taxonomy":"post_tag","embeddable":true,"href":"https:\/\/arantv.az\/index.php?rest_route=%2Fwp%2Fv2%2Ftags&post=90290"}],"curies":[{"name":"wp","href":"https:\/\/api.w.org\/{rel}","templated":true}]}}