{"id":90307,"date":"2019-10-29T11:46:48","date_gmt":"2019-10-29T08:46:48","guid":{"rendered":"http:\/\/arantv.az\/?p=90307"},"modified":"2019-10-29T11:46:48","modified_gmt":"2019-10-29T08:46:48","slug":"qosa-qala-qapilarinin-b%c9%99rpasi-basa-catdi-foto","status":"publish","type":"post","link":"https:\/\/arantv.az\/?p=90307","title":{"rendered":"Qo\u015fa Qala qap\u0131lar\u0131n\u0131n b\u0259rpas\u0131 ba\u015fa \u00e7atd\u0131 &#8211; FOTO"},"content":{"rendered":"<p>\u0130\u00e7\u0259ri\u015f\u0259h\u0259rin Qo\u015fa Qala qap\u0131lar\u0131nda b\u0259rpa-konservasiya i\u015fl\u0259ri ba\u015fa \u00e7at\u0131b.<\/p>\n<p><strong>ARANTV.AZ\u00a0<\/strong>\u00a0x\u0259b\u0259r verir ki, bu bar\u0259d\u0259 \u201c\u0130\u00e7\u0259ri\u015f\u0259h\u0259r\u201d D\u00f6vl\u0259t Tarix-Memarl\u0131q Qoru\u011fu \u0130dar\u0259si m\u0259lumat yay\u0131b.<\/p>\n<p>M\u0259lumata \u0259sas\u0259n, b\u0259rpa i\u015fl\u0259rinin \u0259ks\u0259riyy\u0259ti Avstriyan\u0131n tan\u0131nm\u0131\u015f \u201cAtelier Erich Pummer GmbH\u201d \u015firk\u0259ti t\u0259r\u0259find\u0259n h\u0259yata ke\u00e7irilib.<\/p>\n<div id=\"AdviadNativeVideo0\" class=\"AdviadNativeVideo\"><\/div>\n<p>2019-cu ilin ortas\u0131nda ba\u015flayan layih\u0259y\u0259 \u0259sas\u0259n Qo\u015fa Qala qap\u0131lar\u0131 h\u0259m \u0130\u00e7\u0259ri \u015e\u0259h\u0259r (daxili), h\u0259m\u00e7inin, Bay\u0131r \u015f\u0259h\u0259r (fasad) t\u0259r\u0259find\u0259n b\u0259rpa-konservasiya edilib.<\/p>\n<div class=\"gallery\">\n<div class=\"gallery-i\"><img src=\"https:\/\/assets.oxu.az\/uploads\/W1siZiIsIjIwMTkvMTAvMjkvMTEvNTYvNDkvNmIyZDU5NGMtMmI2Yi00ZmM0LTg3MWEtYjE1MGIxYmM1MmUyLzEuanBnIl0sWyJwIiwiZW5jb2RlIiwianBnIiwiLXF1YWxpdHkgODAiXSxbInAiLCJ0aHVtYiIsIjU5MHg1OTBcdTAwM2UiXV0?sha=fae3852da0aa0022\" alt=\"\" \/><\/p>\n<div class=\"gallery-i-caption\"><\/div>\n<\/div>\n<div class=\"gallery-i\"><img src=\"https:\/\/assets.oxu.az\/uploads\/W1siZiIsIjIwMTkvMTAvMjkvMTEvNTYvNDkvY2UzODlhMzEtMGZhNS00ZTNjLTg0NDgtNzdjN2JmYzk3NDk4LzIuanBnIl0sWyJwIiwiZW5jb2RlIiwianBnIiwiLXF1YWxpdHkgODAiXSxbInAiLCJ0aHVtYiIsIjU5MHg1OTBcdTAwM2UiXV0?sha=fd53828dcacf8264\" alt=\"\" \/><\/p>\n<div class=\"gallery-i-caption\"><\/div>\n<\/div>\n<div class=\"gallery-i\"><img src=\"https:\/\/assets.oxu.az\/uploads\/W1siZiIsIjIwMTkvMTAvMjkvMTEvNTYvNTAvNmM5MDM3NTAtOGY3Zi00NmU5LTlmYTUtZjY4ZWIxYjMzYzczLzMuanBnIl0sWyJwIiwiZW5jb2RlIiwianBnIiwiLXF1YWxpdHkgODAiXSxbInAiLCJ0aHVtYiIsIjU5MHg1OTBcdTAwM2UiXV0?sha=cd82508afbb5f4d4\" alt=\"\" \/><\/p>\n<div class=\"gallery-i-caption\"><\/div>\n<\/div>\n<div class=\"gallery-i\"><img src=\"https:\/\/assets.oxu.az\/uploads\/W1siZiIsIjIwMTkvMTAvMjkvMTEvNTYvNTAvMTM3NzVkZjktOWQxNi00ZDcwLWIwMzYtOWQ2ZGZiODIzNjJlLzQuanBnIl0sWyJwIiwiZW5jb2RlIiwianBnIiwiLXF1YWxpdHkgODAiXSxbInAiLCJ0aHVtYiIsIjU5MHg1OTBcdTAwM2UiXV0?sha=3c108357119b2740\" alt=\"\" \/><\/p>\n<div class=\"gallery-i-caption\"><\/div>\n<\/div>\n<div class=\"gallery-i\"><img src=\"https:\/\/assets.oxu.az\/uploads\/W1siZiIsIjIwMTkvMTAvMjkvMTEvNTYvNTAvY2MyNmNlZDgtN2UwYS00NWUxLWE2MTQtODIyOTJjODg5OTQxLzUuanBnIl0sWyJwIiwiZW5jb2RlIiwianBnIiwiLXF1YWxpdHkgODAiXSxbInAiLCJ0aHVtYiIsIjU5MHg1OTBcdTAwM2UiXV0?sha=a3f7112d4f63f2a6\" alt=\"\" \/><\/p>\n<div class=\"gallery-i-caption\"><\/div>\n<\/div>\n<div class=\"gallery-i\"><img src=\"https:\/\/assets.oxu.az\/uploads\/W1siZiIsIjIwMTkvMTAvMjkvMTEvNTYvNTAvNTU0NGM3MjEtZDUwYS00NmE1LWIxMTktNjhiN2E3ZGNlNTE2LzYuanBnIl0sWyJwIiwiZW5jb2RlIiwianBnIiwiLXF1YWxpdHkgODAiXSxbInAiLCJ0aHVtYiIsIjU5MHg1OTBcdTAwM2UiXV0?sha=30d58f7d8fff5913\" alt=\"\" \/><\/p>\n<div class=\"gallery-i-caption\"><\/div>\n<\/div>\n<\/div>\n<p>B\u0259rpa v\u0259 konservasiya i\u015fl\u0259ri ilk \u00f6nc\u0259 Qala divarlar\u0131n\u0131n daxili hiss\u0259sind\u0259n ba\u015flan\u0131b, daha sonra is\u0259 qap\u0131lar\u0131n\u0131n yan\u0131ndak\u0131 iki b\u00fcrc d\u0259 daxil olmaqla abid\u0259 xaricd\u0259n b\u0259rpa edilib.<\/p>\n<p>Xat\u0131rladaq ki, Qala divarlar\u0131 b\u00fct\u00f6vl\u00fckd\u0259 sonuncu d\u0259f\u0259 1952-1957-ci ill\u0259rd\u0259 b\u0259rpa edilib. Yar\u0131m \u0259srd\u0259n \u00e7ox m\u00fcdd\u0259td\u0259 is\u0259 tarixi abid\u0259 restavrasiya edilm\u0259yib, yaln\u0131z 2011-2012-ci ill\u0259rd\u0259 \u0130dar\u0259 t\u0259r\u0259find\u0259n Qala divarlar\u0131n\u0131n 150 metr\u0259 yax\u0131n hiss\u0259si \u015fimali-q\u0259rb istiqam\u0259tind\u0259n b\u0259rpa edilib. oxu.az<\/p>\n","protected":false},"excerpt":{"rendered":"<p>\u0130\u00e7\u0259ri\u015f\u0259h\u0259rin Qo\u015fa Qala qap\u0131lar\u0131nda b\u0259rpa-konservasiya i\u015fl\u0259ri ba\u015fa \u00e7at\u0131b. ARANTV.AZ\u00a0\u00a0x\u0259b\u0259r verir ki, bu bar\u0259d\u0259 \u201c\u0130\u00e7\u0259ri\u015f\u0259h\u0259r\u201d D\u00f6vl\u0259t Tarix-Memarl\u0131q Qoru\u011fu \u0130dar\u0259si m\u0259lumat yay\u0131b. M\u0259lumata \u0259sas\u0259n, b\u0259rpa i\u015fl\u0259rinin \u0259ks\u0259riyy\u0259ti Avstriyan\u0131n tan\u0131nm\u0131\u015f \u201cAtelier Erich Pummer GmbH\u201d \u015firk\u0259ti t\u0259r\u0259find\u0259n h\u0259yata ke\u00e7irilib. 2019-cu ilin ortas\u0131nda ba\u015flayan layih\u0259y\u0259 \u0259sas\u0259n Qo\u015fa Qala qap\u0131lar\u0131 h\u0259m \u0130\u00e7\u0259ri \u015e\u0259h\u0259r (daxili), h\u0259m\u00e7inin, Bay\u0131r \u015f\u0259h\u0259r (fasad) t\u0259r\u0259find\u0259n b\u0259rpa-konservasiya edilib. B\u0259rpa v\u0259 konservasiya i\u015fl\u0259ri ilk \u00f6nc\u0259 Qala divarlar\u0131n\u0131n daxili hiss\u0259sind\u0259n ba\u015flan\u0131b, daha sonra is\u0259 qap\u0131lar\u0131n\u0131n yan\u0131ndak\u0131 iki b\u00fcrc d\u0259 daxil olmaqla abid\u0259 xaricd\u0259n b\u0259rpa edilib. Xat\u0131rladaq ki, Qala divarlar\u0131 b\u00fct\u00f6vl\u00fckd\u0259 sonuncu d\u0259f\u0259 1952-1957-ci ill\u0259rd\u0259 b\u0259rpa&hellip;<\/p>\n","protected":false},"author":2,"featured_media":90308,"comment_status":"closed","ping_status":"closed","sticky":false,"template":"","format":"standard","meta":{"om_disable_all_campaigns":false,"_monsterinsights_skip_tracking":false,"_monsterinsights_sitenote_active":false,"_monsterinsights_sitenote_note":"","_monsterinsights_sitenote_category":0},"categories":[1],"tags":[],"aioseo_notices":[],"gutentor_comment":0,"rttpg_featured_image_url":{"full":["https:\/\/arantv.az\/wp-content\/uploads\/2019\/10\/4.jpg",620,348,false],"landscape":["https:\/\/arantv.az\/wp-content\/uploads\/2019\/10\/4.jpg",620,348,false],"portraits":["https:\/\/arantv.az\/wp-content\/uploads\/2019\/10\/4.jpg",620,348,false],"thumbnail":["https:\/\/arantv.az\/wp-content\/uploads\/2019\/10\/4-150x150.jpg",150,150,true],"medium":["https:\/\/arantv.az\/wp-content\/uploads\/2019\/10\/4-300x168.jpg",300,168,true],"large":["https:\/\/arantv.az\/wp-content\/uploads\/2019\/10\/4.jpg",620,348,false],"1536x1536":["https:\/\/arantv.az\/wp-content\/uploads\/2019\/10\/4.jpg",620,348,false],"2048x2048":["https:\/\/arantv.az\/wp-content\/uploads\/2019\/10\/4.jpg",620,348,false],"post-thumbnail":["https:\/\/arantv.az\/wp-content\/uploads\/2019\/10\/4-240x172.jpg",240,172,true],"advps-thumb-one":["https:\/\/arantv.az\/wp-content\/uploads\/2019\/10\/4.jpg",620,348,false]},"rttpg_author":{"display_name":"V\u00fcsal Rafiqo\u011flu","author_link":"https:\/\/arantv.az\/?author=2"},"rttpg_comment":0,"rttpg_category":"<a href=\"https:\/\/arantv.az\/?cat=1\" rel=\"category\">C\u0259miyy\u0259t<\/a>","rttpg_excerpt":"\u0130\u00e7\u0259ri\u015f\u0259h\u0259rin Qo\u015fa Qala qap\u0131lar\u0131nda b\u0259rpa-konservasiya i\u015fl\u0259ri ba\u015fa \u00e7at\u0131b. ARANTV.AZ\u00a0\u00a0x\u0259b\u0259r verir ki, bu bar\u0259d\u0259 \u201c\u0130\u00e7\u0259ri\u015f\u0259h\u0259r\u201d D\u00f6vl\u0259t Tarix-Memarl\u0131q Qoru\u011fu \u0130dar\u0259si m\u0259lumat yay\u0131b. M\u0259lumata \u0259sas\u0259n, b\u0259rpa i\u015fl\u0259rinin \u0259ks\u0259riyy\u0259ti Avstriyan\u0131n tan\u0131nm\u0131\u015f \u201cAtelier Erich Pummer GmbH\u201d \u015firk\u0259ti t\u0259r\u0259find\u0259n h\u0259yata ke\u00e7irilib. 2019-cu ilin ortas\u0131nda ba\u015flayan layih\u0259y\u0259 \u0259sas\u0259n Qo\u015fa Qala qap\u0131lar\u0131 h\u0259m \u0130\u00e7\u0259ri \u015e\u0259h\u0259r (daxili), h\u0259m\u00e7inin, Bay\u0131r \u015f\u0259h\u0259r (fasad) t\u0259r\u0259find\u0259n b\u0259rpa-konservasiya edilib.&hellip;","_links":{"self":[{"href":"https:\/\/arantv.az\/index.php?rest_route=\/wp\/v2\/posts\/90307"}],"collection":[{"href":"https:\/\/arantv.az\/index.php?rest_route=\/wp\/v2\/posts"}],"about":[{"href":"https:\/\/arantv.az\/index.php?rest_route=\/wp\/v2\/types\/post"}],"author":[{"embeddable":true,"href":"https:\/\/arantv.az\/index.php?rest_route=\/wp\/v2\/users\/2"}],"replies":[{"embeddable":true,"href":"https:\/\/arantv.az\/index.php?rest_route=%2Fwp%2Fv2%2Fcomments&post=90307"}],"version-history":[{"count":0,"href":"https:\/\/arantv.az\/index.php?rest_route=\/wp\/v2\/posts\/90307\/revisions"}],"wp:featuredmedia":[{"embeddable":true,"href":"https:\/\/arantv.az\/index.php?rest_route=\/wp\/v2\/media\/90308"}],"wp:attachment":[{"href":"https:\/\/arantv.az\/index.php?rest_route=%2Fwp%2Fv2%2Fmedia&parent=90307"}],"wp:term":[{"taxonomy":"category","embeddable":true,"href":"https:\/\/arantv.az\/index.php?rest_route=%2Fwp%2Fv2%2Fcategories&post=90307"},{"taxonomy":"post_tag","embeddable":true,"href":"https:\/\/arantv.az\/index.php?rest_route=%2Fwp%2Fv2%2Ftags&post=90307"}],"curies":[{"name":"wp","href":"https:\/\/api.w.org\/{rel}","templated":true}]}}