{"id":90311,"date":"2019-10-29T11:54:06","date_gmt":"2019-10-29T08:54:06","guid":{"rendered":"http:\/\/arantv.az\/?p=90311"},"modified":"2019-10-29T11:54:06","modified_gmt":"2019-10-29T08:54:06","slug":"h%c9%99rbi-v%c9%99-xususi-rutb%c9%99li-s%c9%99xsl%c9%99rin-pensiyalarinin-artimlarla-birg%c9%99-yaxin-gunl%c9%99rd%c9%99-od%c9%99nisi-t%c9%99min-olunacaq","status":"publish","type":"post","link":"https:\/\/arantv.az\/?p=90311","title":{"rendered":"H\u0259rbi v\u0259 x\u00fcsusi r\u00fctb\u0259li \u015f\u0259xsl\u0259rin pensiyalar\u0131n\u0131n art\u0131mlarla birg\u0259 yax\u0131n g\u00fcnl\u0259rd\u0259 \u00f6d\u0259ni\u015fi t\u0259min olunacaq"},"content":{"rendered":"<p><strong>Prezident \u0130lham \u018fliyevin m\u00fcvafiq s\u0259r\u0259ncamlar\u0131 \u0259sas\u0131nda h\u0259rbi v\u0259 x\u00fcsusi r\u00fctb\u0259li \u015f\u0259xsl\u0259rin v\u0259zif\u0259 v\u0259 r\u00fctb\u0259 maa\u015flar\u0131ndak\u0131 art\u0131mlarla \u0259laq\u0259dar &#8220;\u018fm\u0259k pensiyalar\u0131 haqq\u0131nda&#8221; Qanuna \u0259sas\u0259n h\u0259min kateqoriyaya aid pensiya\u00e7\u0131lar\u0131n pensiya m\u0259bl\u0259\u011fl\u0259rinin art\u0131r\u0131lmas\u0131 i\u015fl\u0259ri art\u0131q ba\u015fa \u00e7atmaq \u00fczr\u0259dir.<\/strong><\/p>\n<p><strong>ARANTV.AZ<\/strong>\u00a0<a href=\"http:\/\/az.trend.az\/\" target=\"_blank\" rel=\"noopener\">Trend<\/a>-\u0259 istinad\u0259n bildirir ki,\u00a0D\u00f6vl\u0259t Sosial M\u00fcdafi\u0259 Fondunun X\u00fcsusi \u015e\u0259rtl\u0259rl\u0259 T\u0259yinat \u0130dar\u0259si t\u0259r\u0259find\u0259n elektron sistemin imkanlar\u0131ndan istifad\u0259 edilm\u0259kl\u0259, h\u0259min art\u0131mlar\u0131n t\u0259tbiqi i\u015fl\u0259ri yax\u0131n g\u00fcnl\u0259rd\u0259 tam yekunla\u015facaq. Bel\u0259likl\u0259, h\u0259rbi v\u0259 x\u00fcsusi r\u00fctb\u0259li \u015f\u0259xsl\u0259rin oktyabr ay\u0131 \u00fczr\u0259 pensiyalar\u0131n\u0131n art\u0131q yeni art\u0131mla v\u0259 \u0259vv\u0259lki sentyabr ay\u0131n\u0131n da art\u0131m\u0131 \u0259lav\u0259 olunmaqla bu ay\u0131n sonunad\u0259k \u00f6d\u0259ni\u015fi h\u0259yata ke\u00e7iril\u0259c\u0259k.<\/p>\n<p>Bu da h\u0259min kateqoriyadan olan insanlar\u0131n pensiyalar\u0131n\u0131n \u00f6d\u0259ni\u015finin \u0259vv\u0259lki aylarda oldu\u011fu kimi, oktyabr ay\u0131nda qrafik\u0259 uy\u011fun verilm\u0259sind\u0259 gecikm\u0259nin olmad\u0131\u011f\u0131n\u0131 g\u00f6st\u0259rir. Bel\u0259 ki, m\u00fc\u0259yy\u0259n edilmi\u015f qrafik \u00fczr\u0259 h\u0259min pensiya \u00f6d\u0259ni\u015fl\u0259ri \u00f6t\u0259n d\u00f6vrd\u0259 h\u0259r ay\u0131n 26-30-u aras\u0131 t\u0259min edilib.<\/p>\n","protected":false},"excerpt":{"rendered":"<p>Prezident \u0130lham \u018fliyevin m\u00fcvafiq s\u0259r\u0259ncamlar\u0131 \u0259sas\u0131nda h\u0259rbi v\u0259 x\u00fcsusi r\u00fctb\u0259li \u015f\u0259xsl\u0259rin v\u0259zif\u0259 v\u0259 r\u00fctb\u0259 maa\u015flar\u0131ndak\u0131 art\u0131mlarla \u0259laq\u0259dar &#8220;\u018fm\u0259k pensiyalar\u0131 haqq\u0131nda&#8221; Qanuna \u0259sas\u0259n h\u0259min kateqoriyaya aid pensiya\u00e7\u0131lar\u0131n pensiya m\u0259bl\u0259\u011fl\u0259rinin art\u0131r\u0131lmas\u0131 i\u015fl\u0259ri art\u0131q ba\u015fa \u00e7atmaq \u00fczr\u0259dir. ARANTV.AZ\u00a0Trend-\u0259 istinad\u0259n bildirir ki,\u00a0D\u00f6vl\u0259t Sosial M\u00fcdafi\u0259 Fondunun X\u00fcsusi \u015e\u0259rtl\u0259rl\u0259 T\u0259yinat \u0130dar\u0259si t\u0259r\u0259find\u0259n elektron sistemin imkanlar\u0131ndan istifad\u0259 edilm\u0259kl\u0259, h\u0259min art\u0131mlar\u0131n t\u0259tbiqi i\u015fl\u0259ri yax\u0131n g\u00fcnl\u0259rd\u0259 tam yekunla\u015facaq. Bel\u0259likl\u0259, h\u0259rbi v\u0259 x\u00fcsusi r\u00fctb\u0259li \u015f\u0259xsl\u0259rin oktyabr ay\u0131 \u00fczr\u0259 pensiyalar\u0131n\u0131n art\u0131q yeni art\u0131mla v\u0259 \u0259vv\u0259lki sentyabr ay\u0131n\u0131n da art\u0131m\u0131 \u0259lav\u0259 olunmaqla bu ay\u0131n sonunad\u0259k \u00f6d\u0259ni\u015fi h\u0259yata ke\u00e7iril\u0259c\u0259k. Bu da h\u0259min kateqoriyadan&hellip;<\/p>\n","protected":false},"author":2,"featured_media":90312,"comment_status":"closed","ping_status":"closed","sticky":false,"template":"","format":"standard","meta":{"om_disable_all_campaigns":false,"_monsterinsights_skip_tracking":false,"_monsterinsights_sitenote_active":false,"_monsterinsights_sitenote_note":"","_monsterinsights_sitenote_category":0},"categories":[1],"tags":[],"aioseo_notices":[],"gutentor_comment":0,"rttpg_featured_image_url":{"full":["https:\/\/arantv.az\/wp-content\/uploads\/2019\/10\/797984.jpg",800,600,false],"landscape":["https:\/\/arantv.az\/wp-content\/uploads\/2019\/10\/797984.jpg",800,600,false],"portraits":["https:\/\/arantv.az\/wp-content\/uploads\/2019\/10\/797984.jpg",800,600,false],"thumbnail":["https:\/\/arantv.az\/wp-content\/uploads\/2019\/10\/797984-150x150.jpg",150,150,true],"medium":["https:\/\/arantv.az\/wp-content\/uploads\/2019\/10\/797984-300x225.jpg",300,225,true],"large":["https:\/\/arantv.az\/wp-content\/uploads\/2019\/10\/797984.jpg",640,480,false],"1536x1536":["https:\/\/arantv.az\/wp-content\/uploads\/2019\/10\/797984.jpg",800,600,false],"2048x2048":["https:\/\/arantv.az\/wp-content\/uploads\/2019\/10\/797984.jpg",800,600,false],"post-thumbnail":["https:\/\/arantv.az\/wp-content\/uploads\/2019\/10\/797984-240x172.jpg",240,172,true],"advps-thumb-one":["https:\/\/arantv.az\/wp-content\/uploads\/2019\/10\/797984.jpg",800,600,false]},"rttpg_author":{"display_name":"V\u00fcsal Rafiqo\u011flu","author_link":"https:\/\/arantv.az\/?author=2"},"rttpg_comment":0,"rttpg_category":"<a href=\"https:\/\/arantv.az\/?cat=1\" rel=\"category\">C\u0259miyy\u0259t<\/a>","rttpg_excerpt":"Prezident \u0130lham \u018fliyevin m\u00fcvafiq s\u0259r\u0259ncamlar\u0131 \u0259sas\u0131nda h\u0259rbi v\u0259 x\u00fcsusi r\u00fctb\u0259li \u015f\u0259xsl\u0259rin v\u0259zif\u0259 v\u0259 r\u00fctb\u0259 maa\u015flar\u0131ndak\u0131 art\u0131mlarla \u0259laq\u0259dar &#8220;\u018fm\u0259k pensiyalar\u0131 haqq\u0131nda&#8221; Qanuna \u0259sas\u0259n h\u0259min kateqoriyaya aid pensiya\u00e7\u0131lar\u0131n pensiya m\u0259bl\u0259\u011fl\u0259rinin art\u0131r\u0131lmas\u0131 i\u015fl\u0259ri art\u0131q ba\u015fa \u00e7atmaq \u00fczr\u0259dir. ARANTV.AZ\u00a0Trend-\u0259 istinad\u0259n bildirir ki,\u00a0D\u00f6vl\u0259t Sosial M\u00fcdafi\u0259 Fondunun X\u00fcsusi \u015e\u0259rtl\u0259rl\u0259 T\u0259yinat \u0130dar\u0259si t\u0259r\u0259find\u0259n elektron sistemin imkanlar\u0131ndan istifad\u0259 edilm\u0259kl\u0259, h\u0259min art\u0131mlar\u0131n t\u0259tbiqi i\u015fl\u0259ri&hellip;","_links":{"self":[{"href":"https:\/\/arantv.az\/index.php?rest_route=\/wp\/v2\/posts\/90311"}],"collection":[{"href":"https:\/\/arantv.az\/index.php?rest_route=\/wp\/v2\/posts"}],"about":[{"href":"https:\/\/arantv.az\/index.php?rest_route=\/wp\/v2\/types\/post"}],"author":[{"embeddable":true,"href":"https:\/\/arantv.az\/index.php?rest_route=\/wp\/v2\/users\/2"}],"replies":[{"embeddable":true,"href":"https:\/\/arantv.az\/index.php?rest_route=%2Fwp%2Fv2%2Fcomments&post=90311"}],"version-history":[{"count":0,"href":"https:\/\/arantv.az\/index.php?rest_route=\/wp\/v2\/posts\/90311\/revisions"}],"wp:featuredmedia":[{"embeddable":true,"href":"https:\/\/arantv.az\/index.php?rest_route=\/wp\/v2\/media\/90312"}],"wp:attachment":[{"href":"https:\/\/arantv.az\/index.php?rest_route=%2Fwp%2Fv2%2Fmedia&parent=90311"}],"wp:term":[{"taxonomy":"category","embeddable":true,"href":"https:\/\/arantv.az\/index.php?rest_route=%2Fwp%2Fv2%2Fcategories&post=90311"},{"taxonomy":"post_tag","embeddable":true,"href":"https:\/\/arantv.az\/index.php?rest_route=%2Fwp%2Fv2%2Ftags&post=90311"}],"curies":[{"name":"wp","href":"https:\/\/api.w.org\/{rel}","templated":true}]}}